{"id":1549,"date":"2024-09-04T08:09:33","date_gmt":"2024-09-04T06:09:33","guid":{"rendered":"https:\/\/digitalnews.hu\/?p=1549"},"modified":"2025-12-31T01:12:46","modified_gmt":"2025-12-30T23:12:46","slug":"rengeteg-embert-lehallgatnak-cegvezetok-kerulhettek-celkeresztbe","status":"publish","type":"post","link":"https:\/\/digitalnews.hu\/?p=1549","title":{"rendered":"Rengeteg embert lehallgatnak, c\u00e9gvezet\u0151k ker\u00fclhettek c\u00e9lkeresztbe"},"content":{"rendered":"\n<p>\u201eAz ipari k\u00e9mked\u00e9s val\u00f3s \u00e9s n\u00f6vekv\u0151 fenyeget\u00e9st jelent az \u00fczleti \u00e9letben\u201d \u2013 nyilatkozta az Indexnek T\u00f3th B\u00e9la inform\u00e1ci\u00f3biztons\u00e1gi szakember, aki ismertette legfrissebb kutat\u00e1sukat is. A magyar irod\u00e1k 8 sz\u00e1zal\u00e9k\u00e1ban feltehet\u0151en tal\u00e1ln\u00e1nak lehallgat\u00f3k\u00e9sz\u00fcl\u00e9ket, m\u00edg ez az ar\u00e1ny k\u00fclf\u00f6ld\u00f6n mind\u00f6ssze 2-3 sz\u00e1zal\u00e9k. Lehallgat\u00e1sra utal\u00f3 nyom lehet ak\u00e1r az asztal als\u00f3 fel\u00fclet\u00e9n l\u00e9v\u0151 k\u00e9toldal\u00fa ragaszt\u00f3marad\u00e9k is.<\/p>\n\n\n\n<p>\u201e\u00c9vente t\u00f6bb t\u00edzmilli\u00e1rd forintra tehet\u0151 a vesztes\u00e9g, amelyet a lehallgat\u00e1sok okoznak a c\u00e9geknek\u201d \u2013 mondta az Indexnek T\u00f3th B\u00e9la inform\u00e1ci\u00f3biztons\u00e1gi szakember. A Diracom adatai szerint az \u00e1tvizsg\u00e1l\u00e1sokat k\u00f6vet\u0151en a magyarorsz\u00e1gi irod\u00e1k 8 sz\u00e1zal\u00e9k\u00e1ban tal\u00e1lnak lehallgat\u00f3k\u00e9sz\u00fcl\u00e9ket vagy lehallgat\u00e1sra utal\u00f3 nyomokat \u2013 ez az ar\u00e1ny k\u00fclf\u00f6ld\u00f6n mind\u00f6ssze 2\u20133 sz\u00e1zal\u00e9k.<\/p>\n\n\n\n<p>Ezek a c\u00e9gek figyeljenek a legink\u00e1bb<br>Enn\u00e9l m\u00e9g dr\u00e1maibb, hogy a c\u00e9gvezet\u0151k t\u00f6red\u00e9ke gondolja, hogy az offline t\u00e9rben is sz\u00fcks\u00e9ges az \u00e9rz\u00e9keny adatok \u00e9s inform\u00e1ci\u00f3k v\u00e9delme.<\/p>\n\n\n\n<p>Lehallgat\u00e1sra utal\u00f3 nyom lehet egy asztal als\u00f3 fel\u00fclet\u00e9n l\u00e9v\u0151 k\u00e9toldal\u00fa ragaszt\u00f3marad\u00e9k, amit UV-f\u00e9ny alatt j\u00f3l lehet l\u00e1tni. Ugyanakkor a hat\u00e1rol\u00f3 falfel\u00fclet k\u00fcls\u0151 oldali s\u00e9r\u00fcl\u00e9se \u2013 p\u00e9ld\u00e1ul falmikrofon felhelyez\u00e9se miatt \u2013 is \u00e1rulkod\u00f3 nyom lehet<\/p>\n\n\n\n<p>\u2013 mondta az Indexnek T\u00f3th B\u00e9la, aki kifejtette, minden olyan szem\u00e9ly, szervezet, v\u00e1llalkoz\u00e1s potenci\u00e1lis c\u00e9lpont, amelynek vannak olyan inform\u00e1ci\u00f3i, amelyek m\u00e1sok sz\u00e1m\u00e1ra \u00e9rt\u00e9kkel b\u00edrnak. Tender \u00e1raz\u00e1sa, akviz\u00edci\u00f3s tervek, \u00faj piaci szegmensbe val\u00f3 bel\u00e9p\u00e9s, \u00faj term\u00e9k fejleszt\u00e9se, gy\u00e1rt\u00e1sa, vagy \u00e9ppen \u00e9rt\u00e9kes\u00edt\u00e9se is \u00e1llhat a h\u00e1tt\u00e9rben, ahogy szem\u00e9lyes (kinevez\u00e9s, \u00e1tszervez\u00e9s), vagy csal\u00e1di konfliktus (\u00f6r\u00f6kl\u00e9s, vagyonfeloszt\u00e1s) is.<\/p>\n\n\n\n<p>Der\u00fclt m\u00e1r f\u00e9ny gy\u00e1rt\u00e1si elj\u00e1r\u00e1s eltulajdon\u00edt\u00e1s\u00e1ra, \u00e9s el\u0151fordult, hogy konkurens c\u00e9g \u00edgy jutott el\u0151nyh\u00f6z egy \u00faj term\u00e9k bevezet\u00e9sekor \u201eTal\u00e1lkoztunk olyan esettel, amikor egykori alkalmazottak hozz\u00e1f\u00e9rtek az informatikai rendszerhez, amivel f\u00e9lmilli\u00e1rdos k\u00e1rt okoztak volt c\u00e9g\u00fcknek, azonban k\u00f6thet\u0151 lehallgat\u00e1shoz meghi\u00fasult c\u00e9gr\u00e9sz\u00f6r\u00f6kl\u00e9s is.\u201d<\/p>\n\n\n\n<p>Ez val\u00f3s fenyeget\u00e9st jelent<br>\u201eHa egy c\u00e9g 500 milli\u00f3 forint feletti \u00e9ves \u00e1rbev\u00e9tellel rendelkezik, akkor m\u00e1r el\u00e9rte a lehallgat\u00e1s bel\u00e9p\u00e9si k\u00fcsz\u00f6b\u00e9t\u201d \u2013 ismertette T\u00f3th B\u00e9la. A legvesz\u00e9lyeztetettebb kateg\u00f3ri\u00e1ba a kutat\u00e1s-fejleszt\u00e9si tev\u00e9kenys\u00e9get v\u00e9gz\u0151k tartoznak. Ugyanakkor ezek a c\u00e9gek \u00e1rbev\u00e9tel\u00fck kevesebb mint 1 sz\u00e1zal\u00e9k\u00e1t ford\u00edtj\u00e1k inform\u00e1ci\u00f3v\u00e9delemre, pedig a leg\u00e9rt\u00e9kesebb inform\u00e1ci\u00f3 piaci \u00e9rt\u00e9k\u00e9nek 10 sz\u00e1zal\u00e9k\u00e1ig \u00e9rdemes nagyobb beruh\u00e1z\u00e1sban gondolkodni.<\/p>\n\n\n\n<p>Az eszk\u00f6z\u00f6k sk\u00e1l\u00e1ja sz\u00e9les, a civil ter\u00fclet el\u0151szeretettel alkalmaz k\u00fcl\u00f6nf\u00e9le hangr\u00f6gz\u00edt\u0151ket, kezdve az auton\u00f3m eszk\u00f6zt\u0151l a WiFi\/BT\/GSM-technik\u00e1t alkalmaz\u00f3 eszk\u00f6z\u00f6kig. Az anal\u00f3g r\u00e1di\u00f3frekvenci\u00e1s lehallgat\u00f3eszk\u00f6z\u00f6k (a klasszikus megnevez\u00e9se \u201epoloska\u201d) alkalmaz\u00e1sa is tipikus, ez viszont szak\u00e9rtelmet ig\u00e9nyel. A piacon sz\u00e9les a v\u00e1laszt\u00e9k, a k\u00ednai eszk\u00f6z\u00f6k olcs\u00f3k \u00e9s j\u00f3l m\u0171k\u00f6dnek, \u00e9s k\u00f6nny\u0171 beszerezni, de vannak EU-n bel\u00fcli gy\u00e1rt\u00f3k \u00e9s id\u0151nk\u00e9nt izraeli term\u00e9kek is felbukkannak .<\/p>\n\n\n\n<p>A \u201emegrendel\u0151i k\u00f6r\u201d mindig a lehallgatott szervezet hely\u00e9re vagy piac\u00e1ra t\u00f6rekv\u0151k k\u00f6z\u00fcl ker\u00fcl ki.<\/p>\n\n\n\n<p>Fontos kiemelni azt is, hogy a kor\u00e1bban eml\u00edtett 2-3 sz\u00e1zal\u00e9kos lehallgat\u00e1si ar\u00e1ny a t\u00e9nyleges eszk\u00f6z\u00f6k megtal\u00e1l\u00e1s\u00e1t jelenti. \u00c9s a v\u00e1llalati vezet\u0151k akkor szembes\u00fclnek az ipari k\u00e9mked\u00e9ssel, ha megfelel\u0151en szembes\u00edtik \u0151ket ezzel a t\u00e9nnyel.<\/p>\n\n\n\n<p>Egy vizsg\u00e1lat \u00f6sszegz\u00e9sekor \u00e1tbesz\u00e9lj\u00fck a tapasztalatokat a v\u00e1llalat vezet\u0151j\u00e9vel, ilyenkor szokott el\u0151j\u00f6nni, hogy tulajdonk\u00e9ppen sok olyan megmagyar\u00e1zhatatlan eset t\u00f6rt\u00e9nt, amib\u0151l nem k\u00f6vetkeztettek kor\u00e1bban a konkr\u00e9t lehallgat\u00e1sra. Sajnos sokan csak akkor eszm\u00e9lnek fel, ha megt\u00f6rt\u00e9nt a baj. Ez\u00e9rt fontos a megel\u0151z\u00e9s<\/p>\n\n\n\n<p>\u2013 mondja a szak\u00e9rt\u0151, aki szerint term\u00e9szetesen egy lehallgat\u00e1snak akkor van \u00e9rtelme, ha azzal az azt v\u00e9gz\u0151 \u00e9rdemi el\u0151ny\u00f6kh\u00f6z tud jutni. A v\u00e1llalatokn\u00e1l c\u00e9lpont lehet az els\u0151 sz\u00e1m\u00fa vezet\u0151, helyettesei, titk\u00e1rs\u00e1ga, gazdas\u00e1gi vezet\u0151je, kereskedelmi vezet\u0151je, kutat\u00e1s-fejleszt\u00e9s vezet\u0151je, de szem\u00e9lyes okb\u00f3l t\u00f6rt\u00e9n\u0151 lehallgat\u00e1snak b\u00e1rki c\u00e9lpontja lehet.<\/p>\n\n\n\n<p>\u201eSokan m\u00e9g mindig James Bondk\u00e9nt tekintenek az ipari k\u00e9mked\u00e9sre, nem hiszik el, hogy ez l\u00e9tez\u0151 ter\u00fclet, foglalkoz\u00e1s. Pedig amit el lehet lopni \u00e9s \u00e9rt\u00e9kes\u00edteni lehet, azt el is lopj\u00e1k\u201d \u2013 mondta T\u00f3th B\u00e9la, aki szerint sokkal t\u00f6bbet kellene tenni az\u00e9rt, hogy az inform\u00e1ci\u00f3k eljussanak a vezet\u0151kh\u00f6z. A fejekben m\u00e9g mindig az \u00e9l, hogy az a lop\u00e1s, ha valamilyen materi\u00e1lis javat tulajdon\u00edtanak el, az inform\u00e1ci\u00f3t m\u00e9g nem sorolj\u00e1k ide.<\/p>\n\n\n\n<p>A szak\u00e9rt\u0151 szerint az ipari k\u00e9mked\u00e9s val\u00f3s \u00e9s n\u00f6vekv\u0151 fenyeget\u00e9st jelent az \u00fczleti \u00e9letben.<br>T\u00f3th B\u00e9la v\u00e9gezet\u00fcl kifejtette, a kor\u00e1bban eml\u00edtett megel\u0151z\u00e9sen k\u00edv\u00fcl hat\u00e9kony v\u00e9dekez\u00e9s lehet ak\u00e1r olyan v\u00e9dett t\u00e1rgyal\u00f3 kialak\u00edt\u00e1sa, amely \u00fagy m\u0171k\u00f6dik, mint egy Faraday-kalitka, \u00edgy az itt foly\u00f3 besz\u00e9lget\u00e9seket az ablakon kereszt\u00fcl sem tudj\u00e1k lehallgatni. Ez ma m\u00e1r egy l\u00e9zeres mikrofonnal 200-300 m\u00e9teren bel\u00fcl megoldhat\u00f3. Ugyanakkor legal\u00e1bb ennyire fontos a szak\u00e9rt\u0151 szerint, hogy az \u00e9p\u00fcletek szerkezet\u00e9n kereszt\u00fcl se juthasson ki titkos inform\u00e1ci\u00f3.<\/p>\n\n\n\n<p><mark style=\"background-color:#9b51e0\" class=\"has-inline-color has-white-color\">Tov\u00e1bb a cikkre:<\/mark> <a href=\"https:\/\/index.hu\/gazdasag\/2024\/09\/04\/lehallgatas-kemkedes-informacio-biztonsag-cegvezeto\/\" target=\"_blank\" rel=\"noreferrer noopener\">index.hu<\/a><\/p>\n","protected":false},"excerpt":{"rendered":"<p>\u201eAz ipari k\u00e9mked\u00e9s val\u00f3s \u00e9s n\u00f6vekv\u0151 fenyeget\u00e9st jelent az \u00fczleti \u00e9letben\u201d \u2013 nyilatkozta az Indexnek T\u00f3th B\u00e9la inform\u00e1ci\u00f3biztons\u00e1gi szakember, aki&hellip;<\/p>\n","protected":false},"author":1,"featured_media":1552,"comment_status":"closed","ping_status":"closed","sticky":false,"template":"","format":"standard","meta":{"footnotes":""},"categories":[12],"tags":[],"class_list":["post-1549","post","type-post","status-publish","format-standard","has-post-thumbnail","hentry","category-kiberbiztonsag-deep-fake"],"_links":{"self":[{"href":"https:\/\/digitalnews.hu\/index.php?rest_route=\/wp\/v2\/posts\/1549","targetHints":{"allow":["GET"]}}],"collection":[{"href":"https:\/\/digitalnews.hu\/index.php?rest_route=\/wp\/v2\/posts"}],"about":[{"href":"https:\/\/digitalnews.hu\/index.php?rest_route=\/wp\/v2\/types\/post"}],"author":[{"embeddable":true,"href":"https:\/\/digitalnews.hu\/index.php?rest_route=\/wp\/v2\/users\/1"}],"replies":[{"embeddable":true,"href":"https:\/\/digitalnews.hu\/index.php?rest_route=%2Fwp%2Fv2%2Fcomments&post=1549"}],"version-history":[{"count":3,"href":"https:\/\/digitalnews.hu\/index.php?rest_route=\/wp\/v2\/posts\/1549\/revisions"}],"predecessor-version":[{"id":5464,"href":"https:\/\/digitalnews.hu\/index.php?rest_route=\/wp\/v2\/posts\/1549\/revisions\/5464"}],"wp:featuredmedia":[{"embeddable":true,"href":"https:\/\/digitalnews.hu\/index.php?rest_route=\/wp\/v2\/media\/1552"}],"wp:attachment":[{"href":"https:\/\/digitalnews.hu\/index.php?rest_route=%2Fwp%2Fv2%2Fmedia&parent=1549"}],"wp:term":[{"taxonomy":"category","embeddable":true,"href":"https:\/\/digitalnews.hu\/index.php?rest_route=%2Fwp%2Fv2%2Fcategories&post=1549"},{"taxonomy":"post_tag","embeddable":true,"href":"https:\/\/digitalnews.hu\/index.php?rest_route=%2Fwp%2Fv2%2Ftags&post=1549"}],"curies":[{"name":"wp","href":"https:\/\/api.w.org\/{rel}","templated":true}]}}