{"id":1617,"date":"2024-09-05T23:52:36","date_gmt":"2024-09-05T21:52:36","guid":{"rendered":"https:\/\/digitalnews.hu\/?p=1617"},"modified":"2025-12-31T01:26:12","modified_gmt":"2025-12-30T23:26:12","slug":"a-tesla-2025-elejere-bevezeti-a-teljes-onvezetest-europaban-es-kinaban","status":"publish","type":"post","link":"https:\/\/digitalnews.hu\/?p=1617","title":{"rendered":"A Tesla 2025 elej\u00e9re bevezeti a teljes \u00f6nvezet\u00e9st Eur\u00f3p\u00e1ban \u00e9s K\u00edn\u00e1ban"},"content":{"rendered":"\n<p>A Tesla cs\u00fct\u00f6rt\u00f6k\u00f6n bejelentette, hogy a j\u00f6v\u0151 \u00e9v elej\u00e9re piacra dobja \u201eFull Self Driving\u201d (FSD) vezet\u0151t\u00e1mogat\u00f3 funkci\u00f3j\u00e1t Eur\u00f3p\u00e1ban \u00e9s K\u00edn\u00e1ban. Ez a fizet\u0151s kieg\u00e9sz\u00edt\u0151 v\u00e1rhat\u00f3an 2025 els\u0151 negyed\u00e9v\u00e9ben jelenik meg, a hat\u00f3s\u00e1gi j\u00f3v\u00e1hagy\u00e1s f\u00fcggv\u00e9ny\u00e9ben.<\/p>\n\n\n\n<p>A bejelent\u00e9s azt k\u00f6veti, hogy Elon Musk \u00e1prilisban megszerezte az FSD-rendszer j\u00f3v\u00e1hagy\u00e1s\u00e1t K\u00edn\u00e1ban , ami kulcsfontoss\u00e1g\u00fa m\u00e9rf\u00f6ldk\u0151 a Tesla sz\u00e1m\u00e1ra a vil\u00e1g legnagyobb aut\u00f3ipari piac\u00e1n. M\u00edg a Tesla m\u00e9g nem szerezte meg az FSD eur\u00f3pai \u00e9s k\u00ednai bevezet\u00e9s\u00e9hez sz\u00fcks\u00e9ges enged\u00e9lyeket, Musk j\u00faliusban optimizmus\u00e1nak adott hangot azzal kapcsolatban, hogy ezeket az enged\u00e9lyeket 2024 v\u00e9g\u00e9ig megadj\u00e1k .<\/p>\n\n\n\n<p><mark style=\"background-color:#9b51e0\" class=\"has-inline-color has-white-color\">Tov\u00e1bb a cikkre:<\/mark> <a href=\"https:\/\/techstartups.com\/2024\/09\/05\/tesla-to-launch-full-self-driving-in-europe-and-china-by-early-2025\/\" target=\"_blank\" rel=\"noreferrer noopener\">techstartups.com<\/a><\/p>\n","protected":false},"excerpt":{"rendered":"<p>A Tesla cs\u00fct\u00f6rt\u00f6k\u00f6n bejelentette, hogy a j\u00f6v\u0151 \u00e9v elej\u00e9re piacra dobja \u201eFull Self Driving\u201d (FSD) vezet\u0151t\u00e1mogat\u00f3 funkci\u00f3j\u00e1t Eur\u00f3p\u00e1ban \u00e9s K\u00edn\u00e1ban.&hellip;<\/p>\n","protected":false},"author":1,"featured_media":1618,"comment_status":"closed","ping_status":"closed","sticky":false,"template":"","format":"standard","meta":{"footnotes":"[]"},"categories":[39],"tags":[],"class_list":["post-1617","post","type-post","status-publish","format-standard","has-post-thumbnail","hentry","category-bigtech"],"_links":{"self":[{"href":"https:\/\/digitalnews.hu\/index.php?rest_route=\/wp\/v2\/posts\/1617","targetHints":{"allow":["GET"]}}],"collection":[{"href":"https:\/\/digitalnews.hu\/index.php?rest_route=\/wp\/v2\/posts"}],"about":[{"href":"https:\/\/digitalnews.hu\/index.php?rest_route=\/wp\/v2\/types\/post"}],"author":[{"embeddable":true,"href":"https:\/\/digitalnews.hu\/index.php?rest_route=\/wp\/v2\/users\/1"}],"replies":[{"embeddable":true,"href":"https:\/\/digitalnews.hu\/index.php?rest_route=%2Fwp%2Fv2%2Fcomments&post=1617"}],"version-history":[{"count":9,"href":"https:\/\/digitalnews.hu\/index.php?rest_route=\/wp\/v2\/posts\/1617\/revisions"}],"predecessor-version":[{"id":5479,"href":"https:\/\/digitalnews.hu\/index.php?rest_route=\/wp\/v2\/posts\/1617\/revisions\/5479"}],"wp:featuredmedia":[{"embeddable":true,"href":"https:\/\/digitalnews.hu\/index.php?rest_route=\/wp\/v2\/media\/1618"}],"wp:attachment":[{"href":"https:\/\/digitalnews.hu\/index.php?rest_route=%2Fwp%2Fv2%2Fmedia&parent=1617"}],"wp:term":[{"taxonomy":"category","embeddable":true,"href":"https:\/\/digitalnews.hu\/index.php?rest_route=%2Fwp%2Fv2%2Fcategories&post=1617"},{"taxonomy":"post_tag","embeddable":true,"href":"https:\/\/digitalnews.hu\/index.php?rest_route=%2Fwp%2Fv2%2Ftags&post=1617"}],"curies":[{"name":"wp","href":"https:\/\/api.w.org\/{rel}","templated":true}]}}