{"id":1681,"date":"2024-09-15T23:16:35","date_gmt":"2024-09-15T21:16:35","guid":{"rendered":"https:\/\/digitalnews.hu\/?p=1681"},"modified":"2025-12-31T01:31:16","modified_gmt":"2025-12-30T23:31:16","slug":"erkezik-a-vodafone-tv-helyebe-lepo-onetv","status":"publish","type":"post","link":"https:\/\/digitalnews.hu\/?p=1681","title":{"rendered":"\u00c9rkezik a Vodafone TV hely\u00e9be l\u00e9p\u0151 OneTV"},"content":{"rendered":"\n<p>R\u00f6videsen meg\u00fajul a Vodafone t\u00e9v\u00e9szolg\u00e1ltat\u00e1sa, az el\u0151fizet\u0151k az \u00faj felhaszn\u00e1l\u00f3i fel\u00fclet mellett \u00faj m\u00e1rkan\u00e9vvel is tal\u00e1lkozhatnak majd. A OneTV bevezet\u00e9se a 4iG Csoport \u00faj m\u00e1rkastrat\u00e9gi\u00e1j\u00e1nak els\u0151, az \u00fcgyfelek nagyobb t\u00f6meg\u00e9t \u00e9rint\u0151 m\u00e9rf\u00f6ldk\u00f6ve is egyben.<br>J\u00f3r\u00e9szt a r\u00e9gi funkci\u00f3k megtart\u00e1s\u00e1val, de teljesen \u00faj platformon t\u00e9v\u00e9zhetnek az elk\u00f6vetkezend\u0151 hetekben, h\u00f3napokban a Vodafone telev\u00edzi\u00f3s el\u0151fizet\u0151i. A szolg\u00e1ltat\u00f3 ett\u0151l a h\u00f3napt\u00f3l szakaszosan bevezeti a OneTV-t, a Vodafone TV hely\u00e9be l\u00e9p\u0151 \u00faj szolg\u00e1ltat\u00e1st, mely egyben az els\u0151, kv\u00e1zi nulladik l\u00e9p\u00e9s a 4iG Csoport t\u00e1vk\u00f6zl\u00e9si c\u00e9geinek m\u00e1rkav\u00e1lt\u00e1si folyamat\u00e1ban &#8211; a teljes friss\u00edt\u00e9si folyamat el\u0151rel\u00e1that\u00f3an t\u00f6bb h\u00f3napig tart majd a megl\u00e9v\u0151 \u00fcgyf\u00e9lb\u00e1zis eset\u00e9ben, az \u00faj t\u00e9v\u00e9s \u00fcgyfeleket pedig m\u00e1r mostant\u00f3l az \u00faj platformon szolg\u00e1lj\u00e1k ki.<\/p>\n\n\n\n<p>A szolg\u00e1ltat\u00f3 mai t\u00e1j\u00e9koztat\u00e1sa szerint az \u00faj fel\u00fclet a Vodafone TV m\u00e9diaboxok friss\u00edt\u00e9s\u00e9t k\u00f6vet\u0151en jelenik majd meg az el\u0151fizet\u0151kn\u00e9l &#8211; ez a friss\u00edt\u00e9s automatikusan t\u00f6rt\u00e9nik majd rendszerint hajnali 2 \u00e9s 5 \u00f3ra k\u00f6z\u00f6tt, ezt k\u00f6vet\u0151en a r\u00e9gi, vodafone-os interf\u00e9sz a tov\u00e1bbiakban nem lesz majd haszn\u00e1lhat\u00f3. A friss\u00edt\u00e9st k\u00f6vet\u0151en sz\u00fcks\u00e9g lehet a t\u00e9v\u00e9csatorn\u00e1k \u00fajrahangol\u00e1s\u00e1ra is.<\/p>\n\n\n\n<p>A fentiekb\u0151l k\u00f6vetkezik, hogy a OneTV indul\u00e1sa nem j\u00e1r eszk\u00f6zcser\u00e9vel, azaz &#8211; legal\u00e1bbis eleinte &#8211; a Vodafone TV-hez eddig haszn\u00e1lt m\u00e9diaboxokon fut majd az \u00faj szoftver is, mely a c\u00e9g szerint els\u0151sorban arculati v\u00e1ltoz\u00e1sokat hoz. A platformmal \u00faj mobilalkalmaz\u00e1sok is \u00e9rkeznek, melyek m\u00e1r most let\u00f6lthet\u0151k az App Store-b\u00f3l \u00e9s a Play \u00c1ruh\u00e1zb\u00f3l &#8211; a bejelentkez\u00e9shez ezekn\u00e9l is, ak\u00e1rcsak a r\u00e9gi verzi\u00f3kban, a My Vodafone fi\u00f3k azonos\u00edt\u00f3j\u00e1t \u00e9s jelszav\u00e1t kell haszn\u00e1lni. Okost\u00e9v\u00e9s applik\u00e1ci\u00f3k egyel\u0151re nem k\u00e9sz\u00fcltek a platformhoz.<\/p>\n\n\n\n<p>Az \u00faj OneTV fel\u00fclete a manaps\u00e1g divatos, \u00edgy t\u00f6bbek k\u00f6z\u00f6tt a Telekom TV \u00e9s a Yettel TV \u00e1ltal is haszn\u00e1lt horizont\u00e1lis elrendez\u00e9st k\u00f6veti k\u00fcl\u00f6nb\u00f6z\u0151 tematikus m\u0171soraj\u00e1nl\u00f3kkal, illetve itt is el\u00e9rhet\u0151 az elengedhetetlen m\u0171sor\u00fajs\u00e1g, illetve egyes tartalmakn\u00e1l a catch-up (m\u0171sorr\u00f6gz\u00edt\u00e9s) \u00e9s r\u00f6gz\u00edt\u00e9si funkci\u00f3. A platformmal tov\u00e1bbra is megmarad a videot\u00e9ka (TVOD) \u00e9s el\u00e9rhet\u0151k lesznek bizonyos streaming appok, a kor\u00e1bbi gyereksarok funkci\u00f3j\u00e1t pedig a felhaszn\u00e1l\u00f3i profilok megjelen\u00e9se veszi \u00e1t.<\/p>\n\n\n\n<p>Sv\u00e1jcibicska<\/p>\n\n\n\n<p>A 4iG Csoport tavaly szeptemberben jelentette be, hogy kiv\u00e1lasztotta a telev\u00edzi\u00f3s m\u0171sorterjeszt\u00e9si platformj\u00e1nak \u00faj technol\u00f3giai partner\u00e9t, a sv\u00e1jci Kudelski NAGRA nev\u0171 platformj\u00e1t, melynek egyik fontos el\u0151nye, hogy technol\u00f3gi\u00e1t\u00f3l f\u00fcggetlen\u00fcl k\u00e9pes ugyanazt a felhaszn\u00e1l\u00f3i interf\u00e9szt biztos\u00edtani minden t\u00e9v\u00e9n\u00e9z\u0151 sz\u00e1m\u00e1ra.<\/p>\n\n\n\n<p>Azaz a rendszer haszn\u00e1lhat\u00f3 k\u00e1belt\u00e9v\u00e9s (DVB-C) \u00e9s IPTV-infrastrukt\u00far\u00e1k, de ak\u00e1r DVB-T(2) \u00e9s DVB-S alap\u00fa m\u0171sorterjeszt\u00e9s kieg\u00e9sz\u00edt\u0151jek\u00e9nt, emellett lehet\u0151s\u00e9get ad a k\u00e9s\u0151bbiekben arra, hogy felh\u0151s j\u00e1t\u00e9kplatformk\u00e9nt vagy VR-alap\u00fa tartalomfogyaszt\u00e1s alapjak\u00e9nt is m\u0171k\u00f6dj\u00f6n. A OneTV ennek megfelel\u0151en a 4iG Csoport t\u00f6bbi telev\u00edzi\u00f3s technol\u00f3giai platformj\u00e1n is megjelenik majd a j\u00f6v\u0151ben &#8211; a c\u00e9g a t\u00f6bbi el\u0151fizet\u0151nek 2025-ben vezeti majd be az \u00faj platformot.<\/p>\n\n\n\n<p>A 4iG-n\u00e1l az \u00faj platform bevezet\u00e9se nem csak a frissebb technol\u00f3giai elemek \u00e9s az \u00fajabb extr\u00e1kat t\u00e1mogat\u00f3 t\u00e9v\u00e9szolg\u00e1ltat\u00e1s miatt id\u0151szer\u0171, hanem az\u00e9rt is, mert a c\u00e9g a brit Vodafone Csoporttal k\u00f6t\u00f6tt meg\u00e1llapod\u00e1s \u00e9rtelm\u00e9ben id\u0151vel nem lesz jogosult a Vodafone m\u00e1rkan\u00e9v haszn\u00e1lat\u00e1ra Magyarorsz\u00e1gon.<\/p>\n\n\n\n<p>A v\u00e1llalat eddig elz\u00e1rk\u00f3zott att\u00f3l, hogy az err\u0151l sz\u00f3l\u00f3 licencmeg\u00e1llapod\u00e1s r\u00e9szleteit a nyilv\u00e1noss\u00e1g el\u00e9 t\u00e1rja, az eddigi pletyk\u00e1k \u00e9s spekul\u00e1ci\u00f3k szerint ugyanakkor a Vodafone hely\u00e9be l\u00e9p\u0151 One m\u00e1rkan\u00e9v bevezet\u00e9se valamikor a j\u00f6v\u0151 \u00e9v els\u0151 fel\u00e9ben v\u00e1rhat\u00f3.<\/p>\n\n\n\n<p><mark style=\"background-color:#9b51e0\" class=\"has-inline-color has-white-color\">Tov\u00e1bb a cikkre:<\/mark> <a href=\"https:\/\/www.hwsw.hu\/hirek\/68111\/onetv-one-tv-vodafone-4ig-kudelski-nagra-launch.html\" target=\"_blank\" rel=\"noreferrer noopener\">hwsw.hu<\/a><\/p>\n","protected":false},"excerpt":{"rendered":"<p>R\u00f6videsen meg\u00fajul a Vodafone t\u00e9v\u00e9szolg\u00e1ltat\u00e1sa, az el\u0151fizet\u0151k az \u00faj felhaszn\u00e1l\u00f3i fel\u00fclet mellett \u00faj m\u00e1rkan\u00e9vvel is tal\u00e1lkozhatnak majd. A OneTV bevezet\u00e9se&hellip;<\/p>\n","protected":false},"author":1,"featured_media":1682,"comment_status":"closed","ping_status":"closed","sticky":false,"template":"","format":"standard","meta":{"footnotes":""},"categories":[23],"tags":[],"class_list":["post-1681","post","type-post","status-publish","format-standard","has-post-thumbnail","hentry","category-media"],"_links":{"self":[{"href":"https:\/\/digitalnews.hu\/index.php?rest_route=\/wp\/v2\/posts\/1681","targetHints":{"allow":["GET"]}}],"collection":[{"href":"https:\/\/digitalnews.hu\/index.php?rest_route=\/wp\/v2\/posts"}],"about":[{"href":"https:\/\/digitalnews.hu\/index.php?rest_route=\/wp\/v2\/types\/post"}],"author":[{"embeddable":true,"href":"https:\/\/digitalnews.hu\/index.php?rest_route=\/wp\/v2\/users\/1"}],"replies":[{"embeddable":true,"href":"https:\/\/digitalnews.hu\/index.php?rest_route=%2Fwp%2Fv2%2Fcomments&post=1681"}],"version-history":[{"count":3,"href":"https:\/\/digitalnews.hu\/index.php?rest_route=\/wp\/v2\/posts\/1681\/revisions"}],"predecessor-version":[{"id":5485,"href":"https:\/\/digitalnews.hu\/index.php?rest_route=\/wp\/v2\/posts\/1681\/revisions\/5485"}],"wp:featuredmedia":[{"embeddable":true,"href":"https:\/\/digitalnews.hu\/index.php?rest_route=\/wp\/v2\/media\/1682"}],"wp:attachment":[{"href":"https:\/\/digitalnews.hu\/index.php?rest_route=%2Fwp%2Fv2%2Fmedia&parent=1681"}],"wp:term":[{"taxonomy":"category","embeddable":true,"href":"https:\/\/digitalnews.hu\/index.php?rest_route=%2Fwp%2Fv2%2Fcategories&post=1681"},{"taxonomy":"post_tag","embeddable":true,"href":"https:\/\/digitalnews.hu\/index.php?rest_route=%2Fwp%2Fv2%2Ftags&post=1681"}],"curies":[{"name":"wp","href":"https:\/\/api.w.org\/{rel}","templated":true}]}}