{"id":1805,"date":"2024-09-23T07:58:43","date_gmt":"2024-09-23T05:58:43","guid":{"rendered":"https:\/\/digitalnews.hu\/?p=1805"},"modified":"2025-12-31T02:03:43","modified_gmt":"2025-12-31T00:03:43","slug":"magyarorszag-tolti-be-a-mesterseges-intelligenciaval-foglalkozo-europai-testulet-ai-board-levezeto-elnoki-tisztseget","status":"publish","type":"post","link":"https:\/\/digitalnews.hu\/?p=1805","title":{"rendered":"Magyarorsz\u00e1g t\u00f6lti be a Mesters\u00e9ges Intelligenci\u00e1val Foglalkoz\u00f3 Eur\u00f3pai Test\u00fclet (AI Board) levezet\u0151 eln\u00f6ki tiszts\u00e9g\u00e9t"},"content":{"rendered":"\n<p>\u201eAz Eur\u00f3pai Uni\u00f3ban augusztusban l\u00e9pett hat\u00e1lyba az \u201eAI Act\u201d, azaz a Mesters\u00e9ges Intelligencia (MI) Rendelet, amely jogszab\u00e1ly c\u00e9lja, hogy egyens\u00falyt teremtsen a technol\u00f3giai fejl\u0151d\u00e9s el\u0151mozd\u00edt\u00e1sa \u00e9s a biztons\u00e1gos alkalmaz\u00e1s felt\u00e9teleinek garant\u00e1l\u00e1sa k\u00f6z\u00f6tt.<\/p>\n\n\n\n<p>Jelenleg az Uni\u00f3 \u00f6sszes tag\u00e1llama c\u00e9lzottan k\u00e9sz\u00fcl a Rendelet gyakorlati alkalmaz\u00e1s\u00e1ra, ugyanis a rendelkez\u00e9sek nagy t\u00f6bbs\u00e9g\u00e9t a tag\u00e1llami felk\u00e9sz\u00fcl\u00e9si feladatokra szabott k\u00e9t\u00e9ves id\u0151szakot k\u00f6vet\u0151en, 2026-t\u00f3l kell majd alkalmazni. A felk\u00e9sz\u00fcl\u00e9s az EU eg\u00e9sze sz\u00e1m\u00e1ra kih\u00edv\u00e1st \u00e9s egyben feladatot is jelent, hisz az MI Rendelet a t\u00e9m\u00e1t \u00e9rint\u0151 els\u0151 szab\u00e1lyoz\u00e1sk\u00e9nt nem rendelkezik kor\u00e1bbi mint\u00e1kkal vagy bevett gyakorlatokkal, \u00edgy a r\u00e9szletek kidolgoz\u00e1sa k\u00f6z\u00f6s er\u0151fesz\u00edt\u00e9st k\u00edv\u00e1n.<\/p>\n\n\n\n<p>Az MI Rendelet v\u00e9grehajt\u00e1s\u00e1nak felk\u00e9sz\u00fcl\u00e9si folyamat\u00e1ban jelent\u0151s szerepet j\u00e1tszik az EU tag\u00e1llamainak k\u00e9pvisel\u0151ib\u0151l \u00e1ll\u00f3 Eur\u00f3pai Mesters\u00e9ges Intelligencia Test\u00fclet, amely hidat k\u00e9pez Br\u00fcsszel \u00e9s a tag\u00e1llamok k\u00f6z\u00f6tt, ez\u00e1ltal seg\u00edtve a Rendelet v\u00e9grehajt\u00e1s\u00e1t, az ahhoz kapcsol\u00f3d\u00f3 aj\u00e1nl\u00e1sok kidolgoz\u00e1s\u00e1t \u00e9s a hat\u00f3s\u00e1gi gyakorlatok egys\u00e9ges\u00edt\u00e9s\u00e9t.<\/p>\n\n\n\n<p>Magyarorsz\u00e1got a Test\u00fcletben Szolnoki Szabolcs, a Nemzetgazdas\u00e1gi Miniszt\u00e9rium technol\u00f3gi\u00e1\u00e9rt felel\u0151s helyettes \u00e1llamtitk\u00e1ra k\u00e9pviseli, valamint a Neumann Nkft. \u00e9s a Korm\u00e1nyzati Informatikai \u00dcgyn\u00f6ks\u00e9g szak\u00e9rt\u0151i is r\u00e9szt vesznek a magyar deleg\u00e1ci\u00f3 munk\u00e1j\u00e1ban.<\/p>\n\n\n\n<p>Az Eur\u00f3pai Mesters\u00e9ges Intelligencia Test\u00fclet nemr\u00e9g elfogadott elj\u00e1r\u00e1srendje szerint Magyarorsz\u00e1g folyamatban l\u00e9v\u0151 soros eln\u00f6ks\u00e9g\u00e9re tekintettel haz\u00e1nk t\u00f6lti be a Test\u00fclet levezet\u0151 eln\u00f6ki tiszts\u00e9g\u00e9t 2024 v\u00e9g\u00e9ig. A magyar \u00e1ll\u00e1spont szerint az MI Rendelet er\u0151s jogi kereteket ny\u00fajt a mesters\u00e9ges intelligencia biztons\u00e1gos \u00e9s felel\u0151s haszn\u00e1lat\u00e1hoz. Elk\u00f6telezettek vagyunk amellett, hogy az MI Rendelet v\u00e9grehajt\u00e1s\u00e1t oly m\u00f3don kell megszervezni, hogy a haz\u00e1nkban is kialak\u00edtand\u00f3 szervezeti keretek er\u0151s\u00edts\u00e9k a KKV-k versenyk\u00e9pess\u00e9g\u00e9t \u00e9s el\u0151seg\u00edts\u00e9k a gazdas\u00e1gi n\u00f6veked\u00e9st. Levezet\u0151 eln\u00f6kk\u00e9nt kiemelt k\u00f6teless\u00e9g\u00fcnk e k\u00f6z\u00f6s uni\u00f3s \u00e9rdekek \u00e9rv\u00e9nyre juttat\u00e1sa, valamint a teljes eur\u00f3pai MI \u00f6kosziszt\u00e9m\u00e1val kapcsolatos folyamatos p\u00e1rbesz\u00e9d fenntart\u00e1sa.<\/p>\n\n\n\n<p>Haz\u00e1nk \u00e9s az EU is abban \u00e9rdekelt, hogy az MI Rendelet v\u00e9grehajt\u00e1sa megfelel\u0151en szolg\u00e1lja mind a biztons\u00e1gos alkalmaz\u00e1s k\u00f6vetelm\u00e9ny\u00e9t, mind pedig a gazdas\u00e1gi c\u00e9lkit\u0171z\u00e9sek megval\u00f3sul\u00e1s\u00e1t, hozz\u00e1j\u00e1rulva ezzel a magyar \u00e9s eur\u00f3pai versenyk\u00e9pess\u00e9g dinamikus n\u00f6vel\u00e9s\u00e9hez.\u201d<\/p>\n\n\n\n<p><mark style=\"background-color:#9b51e0\" class=\"has-inline-color\">A digit\u00e1lis \u00f3ri\u00e1sv\u00e1llalatok laz\u00edtani szeretn\u00e9k az uni\u00f3s MI-szab\u00e1lyoz\u00e1s szigor\u00e1t<\/mark><\/p>\n\n\n\n<p>\u201eA nagy tech-v\u00e1llalatok arr\u00f3l gy\u0151zk\u00f6dik az Eur\u00f3pai Uni\u00f3t, kezelj\u00e9k k\u00e9pl\u00e9kenyen a mesters\u00e9ges intelligencia szab\u00e1lyoz\u00e1s\u00e1t. Ezzel a glob\u00e1lis mamutoknak nem kell akkora gondot ford\u00edtaniuk az \u00e1tl\u00e1that\u00f3s\u00e1gra, \u00e9s ak\u00e1r milli\u00e1rdos nagys\u00e1grend\u0171 b\u00edrs\u00e1gokat is meg\u00faszhatn\u00e1nak.<\/p>\n\n\n\n<p>Az Eur\u00f3pai Uni\u00f3 id\u00e9n m\u00e1jusban fogadta el az MI-r\u0151l sz\u00f3l\u00f3 t\u00f6rv\u00e9nyt, a technol\u00f3gi\u00e1t szab\u00e1lyoz\u00f3 els\u0151, \u00e1tfog\u00f3 szab\u00e1lyrendszert. Am\u00edg a t\u00f6rv\u00e9nyt k\u00eds\u00e9r\u0151 gyakorlati k\u00f3dexet nem v\u00e9gleges\u00edtik, nem vil\u00e1gos, mennyire szigor\u00faan fogj\u00e1k betartatni az \u201e\u00e1ltal\u00e1nos c\u00e9l\u00fa\u201d MI rendszerek szab\u00e1lyait. Nem vil\u00e1gos m\u00e9g az sem, h\u00e1ny szerz\u0151i jogi perrel \u00e9s t\u00f6bb milli\u00e1rd doll\u00e1ros b\u00edrs\u00e1ggal n\u00e9zhetnek szembe a v\u00e1llalatok.<\/p>\n\n\n\n<p>Br\u00fcsszel v\u00e1llalatokat, tudom\u00e1nyos kutat\u00f3kat k\u00e9rt fel, hogy seg\u00edtsenek a felhaszn\u00e1l\u00e1si k\u00f3dexek kidolgoz\u00e1s\u00e1ban. A felh\u00edv\u00e1sra mintegy ezer p\u00e1ly\u00e1zat \u00e9rkezett, ami szokatlanul nagy sz\u00e1m egy, a Reutersnek n\u00e9vtelen\u00fcl nyilatkoz\u00f3 szak\u00e9rt\u0151 szerint.<\/p>\n\n\n\n<p>Az MI felhaszn\u00e1l\u00e1si k\u00f3dex nem lesz jogilag k\u00f6telez\u0151 erej\u0171, amikor j\u00f6v\u0151 \u00e9v v\u00e9g\u00e9n hat\u00e1lyba l\u00e9p, de a c\u00e9gek sz\u00e1m\u00e1ra egy ellen\u0151rz\u00e9st jelent, amely igazolhatja megfelel\u0151s\u00e9g\u00fcket. Ha egy v\u00e1llalat azt \u00e1ll\u00edtja, hogy betartja a t\u00f6rv\u00e9nyt, de figyelmen k\u00edv\u00fcl hagyja a k\u00f3dexet, jogi k\u00f6vetkezm\u00e9nyekkel is szembe kell n\u00e9znie.<\/p>\n\n\n\n<p>Az Amazont, a Google-t \u00e9s a Met\u00e1t is tagjai k\u00f6zt tud\u00f3 CCIA Europe kereskedelmi szervezet vezet\u0151 politikai menedzsere szerint a k\u00f3dex kulcsfontoss\u00e1g\u00fa lesz. \u201cHa j\u00f3l csin\u00e1ljuk, k\u00e9pesek lesz\u00fcnk folytatni az innov\u00e1ci\u00f3t\u201d \u2013 mondta Boniface de Champris.<\/p>\n\n\n\n<p>A Stability AI \u00e9s az OpenAI m\u00e1r szembes\u00fcltek azzal, hogy modelljeik betan\u00edt\u00e1sakor a bestseller k\u00f6nyvek vagy fot\u00f3arch\u00edvumok enged\u00e9ly n\u00e9lk\u00fcli felhaszn\u00e1l\u00e1sa s\u00e9rti a szerz\u0151i jogokat.<\/p>\n\n\n\n<p>A mesters\u00e9ges intelligenci\u00e1r\u00f3l sz\u00f3l\u00f3 t\u00f6rv\u00e9ny \u00e9rtelm\u00e9ben a v\u00e1llalatok k\u00f6telesek lesznek \u201er\u00e9szletes \u00f6sszefoglal\u00f3kat\u201d szolg\u00e1ltatni a modelljeik betan\u00edt\u00e1s\u00e1hoz felhaszn\u00e1lt adatokr\u00f3l. (Elm\u00e9letileg a tartalomalkot\u00f3, aki felfedezi, hogy m\u0171v\u00e9t felhaszn\u00e1lt\u00e1k egy MI-modell k\u00e9pz\u00e9s\u00e9hez, k\u00e1rt\u00e9r\u00edt\u00e9st k\u00f6vetelhet. Igaz, ezt a b\u00edr\u00f3s\u00e1gok m\u00e9g vizsg\u00e1lj\u00e1k.)<\/p>\n\n\n\n<p>Az OpenAI, amelyet sokan b\u00edr\u00e1latok, mert nem volt hajland\u00f3 felfedni a modelljei k\u00e9pz\u00e9s\u00e9hez haszn\u00e1lt adatokat, szint\u00e9n csatlakozna a munkacsoportokhoz. Emellett a Google is beny\u00fajtotta jelentkez\u00e9s\u00e9t [a gyakorlati k\u00f3dex kidolgoz\u00e1s\u00e1hoz] \u2013 tudta meg a Reuters. Ek\u00f6zben az Amazon is k\u00f6z\u00f6lte, hogy rem\u00e9li, hozz\u00e1 tud j\u00e1rulni a gyakorlati k\u00f3dex siker\u00e9hez.<\/p>\n\n\n\n<p>Tilos az \u00c1 \u2013 megfelel\u0151s\u00e9g vs \u00e1tl\u00e1that\u00f3s\u00e1g<\/p>\n\n\n\n<p>Maximilian Gahntz, a Mozilla Foundation MI-politikai vezet\u0151je aggodalm\u00e1t fejezte ki amiatt, hogy a v\u00e1llalatok igyekeznek elker\u00fclni az \u00e1tl\u00e1that\u00f3s\u00e1got. Egyes \u00fczleti szerepl\u0151k b\u00edr\u00e1lt\u00e1k az EU-t, ami\u00e9rt el\u0151nyben r\u00e9szes\u00edti a technol\u00f3giai szab\u00e1lyoz\u00e1st az innov\u00e1ci\u00f3val szemben. Az EU-n bel\u00fcli n\u00f6vekv\u0151 protekcionizmus f\u00e9ny\u00e9ben a tech-v\u00e1llalatok rem\u00e9lik, a mesters\u00e9ges intelligenci\u00e1r\u00f3l sz\u00f3l\u00f3 t\u00f6rv\u00e9nyben a felt\u00f6rekv\u0151 eur\u00f3pai c\u00e9gek sz\u00e1m\u00e1ra el\u0151ny\u00f6s kiv\u00e9teleket vezetnek be \u201eRagaszkodtunk ahhoz, hogy ezek a k\u00f6telezetts\u00e9gek kezelhet\u0151k legyenek, \u00e9s a startupokhoz igazodjanak\u201d \u2013 mondta Maxime Ricard, az Allied for Startups h\u00e1l\u00f3zat\u00e1nak politikai vezet\u0151je. Az MI felhaszn\u00e1l\u00e1si k\u00f3dex a j\u00f6v\u0151 \u00e9v els\u0151 fel\u00e9ben jelenik meg. A technol\u00f3giai v\u00e1llalatoknak 2025 augusztus\u00e1ig lesz idej\u00fck arra, hogy megfelel\u0151s\u00e9g\u00fcket a szab\u00e1lyoz\u00e1shoz igaz\u00edts\u00e1k.<\/p>\n\n\n\n<p>Olyan nonprofit szervezetek, mint az Access Now, a Future of Life Institute \u00e9s a Mozilla is jelentkeztek a k\u00f3dex kidolgoz\u00e1s\u00e1ban val\u00f3 k\u00f6zrem\u0171k\u00f6d\u00e9sre.\u201d<\/p>\n\n\n\n<p><mark style=\"background-color:#9b51e0\" class=\"has-inline-color has-white-color\">Tov\u00e1bb a cikkre:<\/mark> <a href=\"https:\/\/hirlevel.egov.hu\/2024\/09\/22\/magyarorszag-tolti-be-a-mesterseges-intelligenciaval-fogalkozo-europai-testulet-ai-board-levezeto-elnoki-tisztseget\/\" target=\"_blank\" rel=\"noreferrer noopener\">hirlevel.egov.hu<\/a> \u00e9s <a href=\"https:\/\/hirlevel.egov.hu\/2024\/09\/22\/a-digitalis-oriasvallalatok-lazitani-szeretnek-az-unios-mi-szabalyozas-szigorat\/\" target=\"_blank\" rel=\"noreferrer noopener\">hirlevel.egov.hu<\/a><\/p>\n","protected":false},"excerpt":{"rendered":"<p>\u201eAz Eur\u00f3pai Uni\u00f3ban augusztusban l\u00e9pett hat\u00e1lyba az \u201eAI Act\u201d, azaz a Mesters\u00e9ges Intelligencia (MI) Rendelet, amely jogszab\u00e1ly c\u00e9lja, hogy egyens\u00falyt&hellip;<\/p>\n","protected":false},"author":1,"featured_media":1808,"comment_status":"closed","ping_status":"closed","sticky":false,"template":"","format":"standard","meta":{"footnotes":""},"categories":[4],"tags":[],"class_list":["post-1805","post","type-post","status-publish","format-standard","has-post-thumbnail","hentry","category-ai-agi-chat-gpt-gemini"],"_links":{"self":[{"href":"https:\/\/digitalnews.hu\/index.php?rest_route=\/wp\/v2\/posts\/1805","targetHints":{"allow":["GET"]}}],"collection":[{"href":"https:\/\/digitalnews.hu\/index.php?rest_route=\/wp\/v2\/posts"}],"about":[{"href":"https:\/\/digitalnews.hu\/index.php?rest_route=\/wp\/v2\/types\/post"}],"author":[{"embeddable":true,"href":"https:\/\/digitalnews.hu\/index.php?rest_route=\/wp\/v2\/users\/1"}],"replies":[{"embeddable":true,"href":"https:\/\/digitalnews.hu\/index.php?rest_route=%2Fwp%2Fv2%2Fcomments&post=1805"}],"version-history":[{"count":6,"href":"https:\/\/digitalnews.hu\/index.php?rest_route=\/wp\/v2\/posts\/1805\/revisions"}],"predecessor-version":[{"id":5510,"href":"https:\/\/digitalnews.hu\/index.php?rest_route=\/wp\/v2\/posts\/1805\/revisions\/5510"}],"wp:featuredmedia":[{"embeddable":true,"href":"https:\/\/digitalnews.hu\/index.php?rest_route=\/wp\/v2\/media\/1808"}],"wp:attachment":[{"href":"https:\/\/digitalnews.hu\/index.php?rest_route=%2Fwp%2Fv2%2Fmedia&parent=1805"}],"wp:term":[{"taxonomy":"category","embeddable":true,"href":"https:\/\/digitalnews.hu\/index.php?rest_route=%2Fwp%2Fv2%2Fcategories&post=1805"},{"taxonomy":"post_tag","embeddable":true,"href":"https:\/\/digitalnews.hu\/index.php?rest_route=%2Fwp%2Fv2%2Ftags&post=1805"}],"curies":[{"name":"wp","href":"https:\/\/api.w.org\/{rel}","templated":true}]}}