{"id":1822,"date":"2024-09-25T21:28:11","date_gmt":"2024-09-25T19:28:11","guid":{"rendered":"https:\/\/digitalnews.hu\/?p=1822"},"modified":"2025-12-31T02:05:59","modified_gmt":"2025-12-31T00:05:59","slug":"egy-emiratusokbeli-befekteto-megkapja-a-hazai-yettelt-is-magaban-foglalo-ppf-csoportot","status":"publish","type":"post","link":"https:\/\/digitalnews.hu\/?p=1822","title":{"rendered":"Egy emir\u00e1tusokbeli befektet\u0151 megkapja a hazai Yettelt is mag\u00e1ban foglal\u00f3 PPF csoportot"},"content":{"rendered":"\n<p>Telekommunik\u00e1ci\u00f3s napot tartott az Eur\u00f3pai Bizotts\u00e1g kedden, hiszen t\u00f6bb v\u00e1llalatfelv\u00e1s\u00e1rl\u00e1si \u00fcgyben is z\u00f6ldl\u00e1mp\u00e1t adott a vev\u0151knek. J\u00f3v\u00e1hagyt\u00e1k, hogy egy emir\u00e1tusokbeli befektet\u0151 megkapja a hazai Yettelt is mag\u00e1ban foglal\u00f3 PPF csoportot, illetve hogy a Swisscom felv\u00e1s\u00e1rolhassa a Vodafone It\u00e1li\u00e1t &#8211; \u00edrta a Vil\u00e1ggazdas\u00e1g<\/p>\n\n\n\n<p>Enged\u00e9lyezte az Eur\u00f3pai Bizotts\u00e1g, hogy az egyes\u00fclt arab em\u00edrs\u00e9gekbeli Emirates Telecommunications Group Company PJSC (e&amp;) t\u00f6bbs\u00e9gi tulajdon\u00e1ba ker\u00fclj\u00f6n \u2013 a cseh \u00fczlet\u00e1g kiv\u00e9tel\u00e9vel \u2013 a Hollandi\u00e1ban bejegyzett, de a PPF Groupon kereszt\u00fcl a cseh Ren\u00e1ta Kellnerov\u00e1 k\u00f6zvetett \u00e9rdekelts\u00e9g\u00e9t k\u00e9pez\u0151 PPF Telecom Group \u2013 der\u00fcl ki a Bizotts\u00e1g honlapj\u00e1n megjelent k\u00f6zlem\u00e9nyb\u0151l.<\/p>\n\n\n\n<p><strong>A hazai Yettelt is megkapja az arab c\u00e9g<\/strong><br>A PPF Telecom c\u00e9gcsoportj\u00e1hoz tartoznak, s \u00edgyarab tulajdonba ker\u00fclnek a d\u00f6nt\u00e9ssel a Magyarorsz\u00e1gon, Bulg\u00e1ri\u00e1ban \u00e9s Szerbi\u00e1ban Yettel n\u00e9ven, Szlov\u00e1ki\u00e1ban pedig O2 n\u00e9ven m\u0171k\u00f6d\u0151 telekommunik\u00e1ci\u00f3s v\u00e1llalatok t\u00f6bbs\u00e9gi r\u00e9szesed\u00e9sei.<\/p>\n\n\n\n<p>Az e&amp;-t egy\u00e9bk\u00e9nt az Em\u00edrs\u00e9gek szuver\u00e9n vagyonalapja, az Emirates Investment Authority (EIA) ir\u00e1ny\u00edtja, s ez\u00e9rt az ebb\u0151l fakad\u00f3 esetleges piactorz\u00edt\u00f3 hat\u00e1sok megel\u0151z\u00e9se c\u00e9lj\u00e1b\u00f3l a bizotts\u00e1g \u00e9gisze alatt egyel\u0151re m\u00e9g Margrethe Vestager, a test\u00fclet versenypolitik\u00e1\u00e9rt felel\u0151s jelenlegi tagja \u00e1ltal ir\u00e1ny\u00edtott versenyhat\u00f3s\u00e1g t\u00f6bb felt\u00e9telt is szabott az akviz\u00edci\u00f3 megval\u00f3sul\u00e1sa el\u00e9.<\/p>\n\n\n\n<p>Ennek \u00e9rtelm\u00e9ben a vev\u0151nek meg kell v\u00e1ltoztatnia az alapszab\u00e1ly\u00e1t, ez\u00e1ltal megsz\u00fcntetve az olajmonarchi\u00e1t a v\u00e1llalattal szemben ez id\u00e1ig terhel\u0151 korl\u00e1tlan \u00e1llami garanci\u00e1t.<br>Bizonyos kiv\u00e9telekkel \u2013 p\u00e9ld\u00e1ul s\u00fcrg\u0151ss\u00e9gi finansz\u00edroz\u00e1st ig\u00e9nyl\u0151 v\u00e9szhelyzetek \u2013 tilos lesz tov\u00e1bb\u00e1, hogy ak\u00e1r az e&amp;, ak\u00e1r az EIA b\u00e1rmilyen p\u00e9nzbeli t\u00e1mogat\u00e1st ny\u00fajtson a PPF Telecom EU bels\u0151 piac\u00e1n v\u00e9gzett tev\u00e9kenys\u00e9geihez,<br>valamint felt\u00e9telk\u00e9nt szabt\u00e1k, hogy minden a PPF \u00e9s tulajdonosai k\u00f6zti meg\u00e1llapod\u00e1st a felek a piacon szok\u00e1sos felt\u00e9telek mellett k\u00f6ssenek meg.<br>Az e&amp; mindemellett k\u00f6teles t\u00e1j\u00e9koztatni a bizotts\u00e1got j\u00f6v\u0151beli felv\u00e1s\u00e1rl\u00e1sair\u00f3l is, m\u00e9g ha azok az uni\u00f3s szab\u00e1lyok szerint nem is min\u0151s\u00fclnek bejelentend\u0151 \u00f6sszefon\u00f3d\u00e1snak.<\/p>\n\n\n\n<p>Az e&amp; \u00f6sszesen 2,15 milli\u00e1rd eur\u00f3t fizet a PPF Telecom Group \u00e9rintett \u00e9rdekelts\u00e9geiben k\u00e9pviselt 50 sz\u00e1zal\u00e9kos tulajdonr\u00e9sz\u00e9\u00e9rt plusz 1 darab r\u00e9szv\u00e9ny\u00e9rt, ezen fel\u00fcl az \u00fcgylet lez\u00e1r\u00e1s\u00e1t k\u00f6vet\u0151 h\u00e1rom \u00e9vben \u00f6sszesen legfeljebb 350 milli\u00f3 eur\u00f3s b\u00f3nusz kifizet\u00e9se lehet esed\u00e9kes, ha bizonyos \u00fczleti c\u00e9lkit\u0171z\u00e9sek teljes\u00fclnek.<\/p>\n\n\n\n<p><mark style=\"background-color:#9b51e0\" class=\"has-inline-color has-white-color\">Tov\u00e1bb a cikkre:<\/mark> <a href=\"https:\/\/www.vg.hu\/cegvilag\/2024\/09\/yettel-talgo-vodafone?utm_campaign=2024-09-25&amp;utm_medium=email&amp;utm_source=vg_napi_hirlevel\" target=\"_blank\" rel=\"noreferrer noopener\">vg.hu<\/a><\/p>\n","protected":false},"excerpt":{"rendered":"<p>Telekommunik\u00e1ci\u00f3s napot tartott az Eur\u00f3pai Bizotts\u00e1g kedden, hiszen t\u00f6bb v\u00e1llalatfelv\u00e1s\u00e1rl\u00e1si \u00fcgyben is z\u00f6ldl\u00e1mp\u00e1t adott a vev\u0151knek. J\u00f3v\u00e1hagyt\u00e1k, hogy egy emir\u00e1tusokbeli&hellip;<\/p>\n","protected":false},"author":1,"featured_media":1823,"comment_status":"closed","ping_status":"closed","sticky":false,"template":"","format":"standard","meta":{"footnotes":""},"categories":[14],"tags":[],"class_list":["post-1822","post","type-post","status-publish","format-standard","has-post-thumbnail","hentry","category-tavkozles"],"_links":{"self":[{"href":"https:\/\/digitalnews.hu\/index.php?rest_route=\/wp\/v2\/posts\/1822","targetHints":{"allow":["GET"]}}],"collection":[{"href":"https:\/\/digitalnews.hu\/index.php?rest_route=\/wp\/v2\/posts"}],"about":[{"href":"https:\/\/digitalnews.hu\/index.php?rest_route=\/wp\/v2\/types\/post"}],"author":[{"embeddable":true,"href":"https:\/\/digitalnews.hu\/index.php?rest_route=\/wp\/v2\/users\/1"}],"replies":[{"embeddable":true,"href":"https:\/\/digitalnews.hu\/index.php?rest_route=%2Fwp%2Fv2%2Fcomments&post=1822"}],"version-history":[{"count":2,"href":"https:\/\/digitalnews.hu\/index.php?rest_route=\/wp\/v2\/posts\/1822\/revisions"}],"predecessor-version":[{"id":5512,"href":"https:\/\/digitalnews.hu\/index.php?rest_route=\/wp\/v2\/posts\/1822\/revisions\/5512"}],"wp:featuredmedia":[{"embeddable":true,"href":"https:\/\/digitalnews.hu\/index.php?rest_route=\/wp\/v2\/media\/1823"}],"wp:attachment":[{"href":"https:\/\/digitalnews.hu\/index.php?rest_route=%2Fwp%2Fv2%2Fmedia&parent=1822"}],"wp:term":[{"taxonomy":"category","embeddable":true,"href":"https:\/\/digitalnews.hu\/index.php?rest_route=%2Fwp%2Fv2%2Fcategories&post=1822"},{"taxonomy":"post_tag","embeddable":true,"href":"https:\/\/digitalnews.hu\/index.php?rest_route=%2Fwp%2Fv2%2Ftags&post=1822"}],"curies":[{"name":"wp","href":"https:\/\/api.w.org\/{rel}","templated":true}]}}