{"id":2192,"date":"2024-10-15T11:29:31","date_gmt":"2024-10-15T09:29:31","guid":{"rendered":"https:\/\/digitalnews.hu\/?p=2192"},"modified":"2025-12-31T02:34:17","modified_gmt":"2025-12-31T00:34:17","slug":"a-telefonunkba-koltozik-a-szep-kartya","status":"publish","type":"post","link":"https:\/\/digitalnews.hu\/?p=2192","title":{"rendered":"A telefonunkba k\u00f6lt\u00f6zik a SZ\u00c9P-k\u00e1rtya"},"content":{"rendered":"\n<p>Nagy M\u00e1rton h\u00e9tf\u0151n azt is bejelentette, hogy elindul a digit\u00e1lis SZ\u00c9P-k\u00e1rtya-fejleszt\u00e9s. Ezen javaslat eset\u00e9ben is azt l\u00e1thatjuk, hogy a szab\u00e1lyoz\u00e1s igyekszik ut\u00e1na menni a piaci trendeknek.<\/p>\n\n\n\n<p>&#8222;Az \u00faj technol\u00f3gi\u00e1k, az \u00e9rint\u00e9smentes fizet\u00e9s vagy a mobilos megold\u00e1sok nagyon gyors \u00fctemben terjednek, f\u0151leg a fiatalabb gener\u00e1ci\u00f3k k\u00f6r\u00e9ben. Ebben a tekintetben a SZ\u00c9P-k\u00e1rtya jelenleg lemarad\u00e1sban van&#8221; \u2013 vil\u00e1g\u00edtott r\u00e1 Moln\u00e1r. A szab\u00e1lyoz\u00e1s \u00e1talak\u00edt\u00e1sa b\u0151v\u00edten\u00e9 a felhaszn\u00e1l\u00e1si lehet\u0151s\u00e9geket.<\/p>\n\n\n\n<p>Elmond\u00e1sok alapj\u00e1n gyakran el\u0151fordul, hogy amikor az elad\u00f3 jelzi a fogyaszt\u00f3 sz\u00e1m\u00e1ra, hogy SZ\u00c9P-k\u00e1rty\u00e1s fizet\u00e9s is rendelkez\u00e9sre \u00e1ll, akkor a v\u00e1s\u00e1rl\u00f3k bosszankodnak, hogy \u00e9pp nincs n\u00e1luk a k\u00e1rtya.<\/p>\n\n\n\n<p>Az ilyen jelleg\u0171 probl\u00e9m\u00e1kat a digit\u00e1lis megold\u00e1sokkal, p\u00e9ld\u00e1ul mobilos fizet\u00e9ssel \u00e1t lehetne hidalni, ez\u00e1ltal pedig cs\u00f6kkenne annak az es\u00e9lye, hogy nagyobb \u00f6sszegek ragadnak benn a SZ\u00c9P-k\u00e1rty\u00e1kon.<\/p>\n\n\n\n<p><strong>\u00c1llatkerti bel\u00e9p\u0151, mint b\u00e9ren k\u00edv\u00fcli juttat\u00e1s<\/strong><br>Az \u00e1llatkertek hosszabb ideje szorgalmazt\u00e1k, hogy a munk\u00e1ltat\u00f3k b\u00e9ren k\u00edv\u00fcli juttat\u00e1sk\u00e9nt ak\u00e1r ad\u00f3mentesen, ak\u00e1r kedvez\u0151 ad\u00f3z\u00e1s mellett \u00e1llatkerti bel\u00e9p\u0151t is adhassanak a munkav\u00e1llal\u00f3iknak.<\/p>\n\n\n\n<p>A b\u00e9ren k\u00edv\u00fcli juttat\u00e1sok eset\u00e9ben a korm\u00e1nyzat kiemelt c\u00e9lja bizonyos gazdas\u00e1gi \u00e1gak t\u00e1mogat\u00e1sa, p\u00e9ld\u00e1ul a turizmus vagy a vend\u00e9gl\u00e1t\u00e1s\u00e9 a SZ\u00c9P-k\u00e1rtya r\u00e9v\u00e9n, de sportbel\u00e9p\u0151k vagy kultur\u00e1lis szolg\u00e1ltat\u00e1sok, sz\u00ednh\u00e1z-, t\u00e1nc-, cirkusz \u00e9s egyebek is finansz\u00edrozhat\u00f3ak ilyen m\u00f3don. Ez ut\u00f3bbi k\u00f6r b\u0151v\u00fclne most az \u00e1llatkerti bel\u00e9p\u0151vel.<\/p>\n\n\n\n<p>&#8222;Ez az \u00e1llatkertek sz\u00e1m\u00e1ra mindenk\u00e9ppen kedvez\u0151 m\u00f3dos\u00edt\u00e1s lenne, n\u00f6veln\u00e9 a forgalmukat, de v\u00e1rhat\u00f3an a csal\u00e1dosok is \u00f6r\u00f6mmel venn\u00e9k ig\u00e9nybe, amennyiben a munk\u00e1ltat\u00f3k is lehet\u0151s\u00e9get biztos\u00edtanak erre&#8221; \u2013 v\u00e9li Moln\u00e1r. A szak\u00e9rt\u0151 szerint \u00f6sszess\u00e9g\u00e9ben ugyanakkor nagy v\u00e1ltoz\u00e1sra nem sz\u00e1m\u00edthatunk ezen a t\u00e9ren, a b\u00e9ren k\u00edv\u00fcli juttat\u00e1sok felhaszn\u00e1l\u00e1sa eddig is rendk\u00edv\u00fcl sz\u00e9les k\u00f6r\u0171 volt.<\/p>\n\n\n\n<p><mark style=\"background-color:#9b51e0\" class=\"has-inline-color has-white-color\">Tov\u00e1bb a cikkre:<\/mark> <a href=\"https:\/\/index.hu\/gazdasag\/2024\/10\/15\/borravalo-szervizdij-turisztika-deregulacio-akcioterv-ngm-nagy-marton\/\" target=\"_blank\" rel=\"noreferrer noopener\">index.hu<\/a><\/p>\n","protected":false},"excerpt":{"rendered":"<p>Nagy M\u00e1rton h\u00e9tf\u0151n azt is bejelentette, hogy elindul a digit\u00e1lis SZ\u00c9P-k\u00e1rtya-fejleszt\u00e9s. Ezen javaslat eset\u00e9ben is azt l\u00e1thatjuk, hogy a szab\u00e1lyoz\u00e1s&hellip;<\/p>\n","protected":false},"author":1,"featured_media":2193,"comment_status":"closed","ping_status":"closed","sticky":false,"template":"","format":"standard","meta":{"footnotes":""},"categories":[11],"tags":[],"class_list":["post-2192","post","type-post","status-publish","format-standard","has-post-thumbnail","hentry","category-digitalis-allampolgarsag-egov-eid"],"_links":{"self":[{"href":"https:\/\/digitalnews.hu\/index.php?rest_route=\/wp\/v2\/posts\/2192","targetHints":{"allow":["GET"]}}],"collection":[{"href":"https:\/\/digitalnews.hu\/index.php?rest_route=\/wp\/v2\/posts"}],"about":[{"href":"https:\/\/digitalnews.hu\/index.php?rest_route=\/wp\/v2\/types\/post"}],"author":[{"embeddable":true,"href":"https:\/\/digitalnews.hu\/index.php?rest_route=\/wp\/v2\/users\/1"}],"replies":[{"embeddable":true,"href":"https:\/\/digitalnews.hu\/index.php?rest_route=%2Fwp%2Fv2%2Fcomments&post=2192"}],"version-history":[{"count":2,"href":"https:\/\/digitalnews.hu\/index.php?rest_route=\/wp\/v2\/posts\/2192\/revisions"}],"predecessor-version":[{"id":5547,"href":"https:\/\/digitalnews.hu\/index.php?rest_route=\/wp\/v2\/posts\/2192\/revisions\/5547"}],"wp:featuredmedia":[{"embeddable":true,"href":"https:\/\/digitalnews.hu\/index.php?rest_route=\/wp\/v2\/media\/2193"}],"wp:attachment":[{"href":"https:\/\/digitalnews.hu\/index.php?rest_route=%2Fwp%2Fv2%2Fmedia&parent=2192"}],"wp:term":[{"taxonomy":"category","embeddable":true,"href":"https:\/\/digitalnews.hu\/index.php?rest_route=%2Fwp%2Fv2%2Fcategories&post=2192"},{"taxonomy":"post_tag","embeddable":true,"href":"https:\/\/digitalnews.hu\/index.php?rest_route=%2Fwp%2Fv2%2Ftags&post=2192"}],"curies":[{"name":"wp","href":"https:\/\/api.w.org\/{rel}","templated":true}]}}