{"id":2474,"date":"2024-11-02T12:47:41","date_gmt":"2024-11-02T10:47:41","guid":{"rendered":"https:\/\/digitalnews.hu\/?p=2474"},"modified":"2024-11-02T15:26:55","modified_gmt":"2024-11-02T13:26:55","slug":"ai-az-emberiseg-minden-problemajanak-a-megoldasa-vagy-az-a-technologia-amely-elpusztit-bennunket","status":"publish","type":"post","link":"https:\/\/digitalnews.hu\/?p=2474","title":{"rendered":"AI-az emberis\u00e9g minden probl\u00e9m\u00e1j\u00e1nak a megold\u00e1sa, vagy az a technol\u00f3gia, amely elpuszt\u00edt benn\u00fcnket?"},"content":{"rendered":"\n<p>Az elm\u00falt m\u00e1sf\u00e9l \u00e9vben a mesters\u00e9ges intelligencia glob\u00e1lis haszn\u00e1lata hatalmas l\u00e9p\u00e9sekkel menetelt el\u0151re \u2013 a mindennapi \u00e9letben, \u00e9s a harct\u00e9ren is. A tud\u00f3sok egy r\u00e9sze az AI-ban l\u00e1tja az emberis\u00e9g minden jelenlegi probl\u00e9m\u00e1j\u00e1nak a megold\u00f3j\u00e1t, m\u00edg m\u00e1sok szerint el fogjuk puszt\u00edtani vele az emberis\u00e9get. Nemzetk\u00f6zi szab\u00e1lyoz\u00e1sa az AI-nak m\u00e9g mindig nem l\u00e9tezik, az \u00e1llamok k\u00f6z\u00f6tti bizalmatlans\u00e1g, geopolitikai rivaliz\u00e1l\u00e1s \u00e9s fegyverkez\u00e9si verseny pedig tesz is arr\u00f3l, hogy ne legyen. A legnagyobb probl\u00e9ma paradox m\u00f3don azzal van, hogy a mesters\u00e9ges intelligencia haszn\u00e1lata egyre k\u00e9nyelmesebb sz\u00e1munkra, \u00e9s megk\u00f6nny\u00edti az \u00e9let\u00fcnket, mik\u00f6zben minden, amit az AI a civil \u00e9letben tud, egy csettint\u00e9sre katonai c\u00e9lokra is haszn\u00e1lhat\u00f3.<\/p>\n\n\n\n<p>Ebben a vide\u00f3ban k\u00f6rbej\u00e1rjuk az AI nemzetk\u00f6zi szab\u00e1lyoz\u00e1s\u00e1nak hi\u00e1ny\u00e1t, a geopolitikai versenyt, \u00e9s azt, hogy mennyire k\u00e9nyelmess\u00e9 tette az \u00e9let\u00fcnket, mik\u00f6zben katonai c\u00e9lokra is b\u00e1rmikor felhaszn\u00e1lhat\u00f3!<\/p>\n\n\n\n<figure class=\"wp-block-embed is-type-video is-provider-youtube wp-block-embed-youtube wp-embed-aspect-16-9 wp-has-aspect-ratio\"><div class=\"wp-block-embed__wrapper\">\n<iframe loading=\"lazy\" title=\"#Oecomment - AI - a j\u00f6v\u0151 megold\u00e1sa vagy vesz\u00e9lye?\" width=\"640\" height=\"360\" src=\"https:\/\/www.youtube.com\/embed\/uqa8I240KLQ?feature=oembed\" frameborder=\"0\" allow=\"accelerometer; autoplay; clipboard-write; encrypted-media; gyroscope; picture-in-picture; web-share\" referrerpolicy=\"strict-origin-when-cross-origin\" allowfullscreen><\/iframe>\n<\/div><\/figure>\n","protected":false},"excerpt":{"rendered":"<p>Az elm\u00falt m\u00e1sf\u00e9l \u00e9vben a mesters\u00e9ges intelligencia glob\u00e1lis haszn\u00e1lata hatalmas l\u00e9p\u00e9sekkel menetelt el\u0151re \u2013 a mindennapi \u00e9letben, \u00e9s a harct\u00e9ren&hellip;<\/p>\n","protected":false},"author":1,"featured_media":2475,"comment_status":"closed","ping_status":"closed","sticky":false,"template":"","format":"standard","meta":{"footnotes":""},"categories":[4],"tags":[],"class_list":["post-2474","post","type-post","status-publish","format-standard","has-post-thumbnail","hentry","category-ai-agi-chat-gpt-gemini"],"_links":{"self":[{"href":"https:\/\/digitalnews.hu\/index.php?rest_route=\/wp\/v2\/posts\/2474","targetHints":{"allow":["GET"]}}],"collection":[{"href":"https:\/\/digitalnews.hu\/index.php?rest_route=\/wp\/v2\/posts"}],"about":[{"href":"https:\/\/digitalnews.hu\/index.php?rest_route=\/wp\/v2\/types\/post"}],"author":[{"embeddable":true,"href":"https:\/\/digitalnews.hu\/index.php?rest_route=\/wp\/v2\/users\/1"}],"replies":[{"embeddable":true,"href":"https:\/\/digitalnews.hu\/index.php?rest_route=%2Fwp%2Fv2%2Fcomments&post=2474"}],"version-history":[{"count":1,"href":"https:\/\/digitalnews.hu\/index.php?rest_route=\/wp\/v2\/posts\/2474\/revisions"}],"predecessor-version":[{"id":2476,"href":"https:\/\/digitalnews.hu\/index.php?rest_route=\/wp\/v2\/posts\/2474\/revisions\/2476"}],"wp:featuredmedia":[{"embeddable":true,"href":"https:\/\/digitalnews.hu\/index.php?rest_route=\/wp\/v2\/media\/2475"}],"wp:attachment":[{"href":"https:\/\/digitalnews.hu\/index.php?rest_route=%2Fwp%2Fv2%2Fmedia&parent=2474"}],"wp:term":[{"taxonomy":"category","embeddable":true,"href":"https:\/\/digitalnews.hu\/index.php?rest_route=%2Fwp%2Fv2%2Fcategories&post=2474"},{"taxonomy":"post_tag","embeddable":true,"href":"https:\/\/digitalnews.hu\/index.php?rest_route=%2Fwp%2Fv2%2Ftags&post=2474"}],"curies":[{"name":"wp","href":"https:\/\/api.w.org\/{rel}","templated":true}]}}