{"id":2675,"date":"2024-12-12T23:03:16","date_gmt":"2024-12-12T21:03:16","guid":{"rendered":"https:\/\/digitalnews.hu\/?p=2675"},"modified":"2025-12-31T13:53:01","modified_gmt":"2025-12-31T11:53:01","slug":"tenyleg-sikerult-lecsapniuk-orban-viktoreknak-a-fel-lengyel-mediara","status":"publish","type":"post","link":"https:\/\/digitalnews.hu\/?p=2675","title":{"rendered":"T\u00e9nyleg siker\u00fclt lecsapniuk Orb\u00e1n Viktor\u00e9knak a f\u00e9l lengyel m\u00e9di\u00e1ra?"},"content":{"rendered":"\n<p>A TVN-csoport amerikai tulajdonosa meg nem er\u0151s\u00edtett h\u00edrek szerint elfogadhatta a magyar v\u00e9teli aj\u00e1nlatot. A PKN Orlen olajt\u00e1rsas\u00e1g kor\u00e1bbi, j\u00f3 ideig Budapesten \u201eid\u0151z\u0151\u201d eln\u00f6ke a minap m\u00e1r azzal viccel\u0151d\u00f6tt, hogy hamarosan be is k\u00f6lt\u00f6zik a TVN24 st\u00fadi\u00f3j\u00e1ba.<\/p>\n\n\n\n<p>El\u00e9g val\u00f3sz\u00edn\u0171nek t\u0171nik, hogy v\u00e9g\u00fcl siker\u00fclt megszereznie a legnagyobb lengyel m\u00e9diacsoportot egy Orb\u00e1n Viktorhoz k\u00f6thet\u0151 magyar t\u00e1rsas\u00e1gnak \u2013 legal\u00e1bbis j\u00f3l \u00e9rtes\u00fclt lengyel \u00fajs\u00e1g\u00edr\u00f3k szerint. Felt\u0171n\u0151 ugyanis a j\u00f3kedv a Jaroslaw Kaczynski-f\u00e9le kor\u00e1bbi korm\u00e1nyp\u00e1rt h\u00e1za t\u00e1j\u00e1n.<\/p>\n\n\n\n<p>\u201eSok jel utal arra, hogy err\u0151l a tranzakci\u00f3r\u00f3l m\u00e1r meg\u00e1llapod\u00e1s sz\u00fcletett\u201d \u2013 mondta Andrzej Stankiewicz, a Onet \u00fajs\u00e1g\u00edr\u00f3ja a lap podcast ad\u00e1s\u00e1ban.<\/p>\n\n\n\n<p>A Jog \u00e9s Igazs\u00e1goss\u00e1g egyes politikusai nagyon boldogok \u2013 tette hozz\u00e1.<\/p>\n\n\n\n<p>A friss tal\u00e1lgat\u00e1sokat er\u0151teljesen t\u00e1pl\u00e1lja az \u00e1llami olajc\u00e9g kor\u00e1bbi milli\u00e1rdos eln\u00f6k\u00e9nek november v\u00e9gi nyilatkozata &#8211; vagyis ink\u00e1bb viccel\u0151d\u00e9se.<\/p>\n\n\n\n<p>A Sz\u00e1mvev\u0151sz\u00e9k sz\u00e9kh\u00e1z\u00e1ban tartott meghallgat\u00e1s el\u0151tt a TVN24 \u00fajs\u00e1g\u00edr\u00f3j\u00e1t &#8211; miut\u00e1n beh\u00edvta a st\u00fadi\u00f3ba &#8211; igyekezett megnyugtatni, hogy gyakrabban is tal\u00e1lkozhatnak hiszen nemsok\u00e1ra \u201e\u00fagy megy be a TV-be, mintha az otthona lenne\u201d.<\/p>\n\n\n\n<p>Obajtekr\u0151l annyit \u00e9rdemes tudni, hogy mik\u00f6zben f\u00e9l Lengyelorsz\u00e1g \u0151t kereste, ny\u00e1r elej\u00e9n Budapesten t\u0171nt fel. A kor\u00e1bbi Orlen-vez\u00e9r mik\u00f6zben tagadta, hogy k\u00fclf\u00f6ld\u00f6n bujk\u00e1lna, saj\u00e1t mag\u00e1t buktatta le a felt\u00f6lt\u00f6tt vide\u00f3ival. Nagyon \u00fagy t\u0171nt, hogy haz\u00e1j\u00e1t\u00f3l egy kicsit t\u00e1volabb szeretn\u00e9 kibekkelni azt az id\u0151t, am\u00edg EP-k\u00e9pvisel\u0151i mand\u00e1tumot \u00e9s ezzel mentelmi jogot szerez. Obajteket m\u00e9g febru\u00e1rban menesztette a fel\u00fcgyel\u0151bizotts\u00e1g az Orlen vez\u00e9rigazgat\u00f3i posztj\u00e1r\u00f3l \u2013 amiben k\u00f6zrej\u00e1tszott a lengyel korm\u00e1nyv\u00e1lt\u00e1s \u00e9s n\u00e9h\u00e1ny gyan\u00fas \u00fcgylet. Obajteket maga Donald Tusk minisztereln\u00f6k fenyegette meg v\u00e1demel\u00e9ssel. A lengyel korm\u00e1nyf\u0151 szerint a c\u00e9get vezet\u0151 Obajtek nem el\u00e9g, hogy 1,6 milli\u00e1rd zloty (145 milli\u00e1rd forint) vesztes\u00e9get okozott az \u00e1llami c\u00e9gnek, de a gyan\u00fa szerint a Hezbollah terrorszervezettel is \u00fczleti kapcsolatba ker\u00fclhetett. A PiS-k\u00f6zeli \u00fczletemberk\u00e9nt sz\u00e1mon tartott Obajtek a v\u00e1d szerint a politikai sz\u00f6vets\u00e9geseinek osztogatta a v\u00e1llalati \u00e1ll\u00e1sokat, illetve a korm\u00e1ny szolg\u00e1lat\u00e1ba \u00e1ll\u00edtott az Orlen \u00e1ltal \u00e1tvett 20 lengyel region\u00e1lis napilapot.<\/p>\n\n\n\n<p>Juliusz Braun, a TV Polska kor\u00e1bbi eln\u00f6ke \u00e9s a Nemzeti M\u0171sorszolg\u00e1ltat\u00e1si Tan\u00e1cs volt eln\u00f6ke november elej\u00e9n a Press.pl-nek m\u00e1r arr\u00f3l besz\u00e9lt hogy m\u00edg a jelenlegi amerikai eln\u00f6k, Joe Biden korm\u00e1nya k\u00f6r\u00f6mszakadt\u00e1ig v\u00e9dte a TVN-t Lengyelorsz\u00e1gban, addig a Trump-f\u00e9le csapat hozz\u00e1\u00e1ll\u00e1sa megv\u00e1ltozhat.<\/p>\n\n\n\n<p>Az j\u00f3l ismert, hogy az amerikai tulajdonos a Warner Bros. Discovery a p\u00e9nz\u00fcgyi helyzet\u00e9nek jav\u00edt\u00e1sa \u00e9rdek\u00e9ben a TVN csoport elad\u00e1s\u00e1t fontolgatja. Braun v\u00e9lem\u00e9nye szerint az amerikaiak bizonyosan nem \u00e1g\u00e1lnak majd az elad\u00e1s ellen, k\u00fcl\u00f6n\u00f6sen ha ha a lelend\u0151 befektet\u0151 a lengyel jobboldalhoz k\u00f6t\u0151dik.<\/p>\n\n\n\n<p>A Newsweek Polska okt\u00f3berben h\u00e1rom, a TVN megv\u00e1s\u00e1rl\u00e1sa ir\u00e1nt \u00e9rdekl\u0151d\u0151 c\u00e9gr\u0151l sz\u00e1molt be. K\u00f6zt\u00fck volt<\/p>\n\n\n\n<ul class=\"wp-block-list\">\n<li>a 2021-ben elhunyt Peter Kellner \u00e1ltal alap\u00edtott cseh, de Hollandi\u00e1ban bejegyzett PPF csoport,<br>egy meg nem nevezett amerikai m\u0171sorszolg\u00e1ltat\u00f3,<\/li>\n\n\n\n<li>valamint a magyar TV2 tulajdonosa, Vida J\u00f3zsef<\/li>\n\n\n\n<li>A Fakt c\u00edm\u0171 lap akkor arr\u00f3l cikkezett, hogy a lengyel korm\u00e1ny mindenre k\u00e9sz, hogy megakad\u00e1lyozza a magyar tulajdonszerz\u00e9st. Az Index okt\u00f3berben pedig m\u00e9g \u00fagy \u00e9rtes\u00fclt, hogy a TV2 tulajdonosi k\u00f6re nem \u00e9rdekl\u0151dik ez ir\u00e1nt a lengyel befektet\u00e9s ir\u00e1nt.<\/li>\n<\/ul>\n\n\n\n<p>A tranzakci\u00f3 a teljes TVN-csoportra, annak tucatnyi csatorn\u00e1j\u00e1ra vonatkozik. Az amerikaiak a h\u00edrek szerint nagyon komoly \u00f6sszeget, 10 milli\u00e1rd zlotyt (k\u00f6zel 1000 milli\u00e1rd forintot) lel\u00e9p\u00e9si p\u00e9nzt k\u00e9rn\u00e9nek, \u00e1m bennfentes inform\u00e1ci\u00f3k szerint, ennek j\u00f3 ha a fele lesz majd a v\u00e9tel\u00e1r.<\/p>\n\n\n\n<p>Annyi bizonyosnak t\u0171nik, hogy a h\u00e1tt\u00e9rben komoly t\u00e1rgyal\u00e1sok kezd\u0151dtek, a tranzakci\u00f3t 2025 m\u00e1jus\u00e1ig kellene ny\u00e9lbe \u00fctni.<\/p>\n\n\n\n<p><mark style=\"background-color:#9b51e0\" class=\"has-inline-color has-white-color\">Tov\u00e1bb a cikkre:<\/mark> <a href=\"https:\/\/www.economx.hu\/nemzetkozi-gazdasag\/tnvn-lengyel-media-bevasarlas.800955.html?utm_source=index.hu&amp;utm_medium=link&amp;utm_campaign=doboz\" target=\"_blank\" rel=\"noreferrer noopener\">economx.hu<\/a><\/p>\n\n\n\n<p><\/p>\n","protected":false},"excerpt":{"rendered":"<p>A TVN-csoport amerikai tulajdonosa meg nem er\u0151s\u00edtett h\u00edrek szerint elfogadhatta a magyar v\u00e9teli aj\u00e1nlatot. A PKN Orlen olajt\u00e1rsas\u00e1g kor\u00e1bbi, j\u00f3&hellip;<\/p>\n","protected":false},"author":1,"featured_media":2676,"comment_status":"closed","ping_status":"closed","sticky":false,"template":"","format":"standard","meta":{"footnotes":""},"categories":[23],"tags":[],"class_list":["post-2675","post","type-post","status-publish","format-standard","has-post-thumbnail","hentry","category-media"],"_links":{"self":[{"href":"https:\/\/digitalnews.hu\/index.php?rest_route=\/wp\/v2\/posts\/2675","targetHints":{"allow":["GET"]}}],"collection":[{"href":"https:\/\/digitalnews.hu\/index.php?rest_route=\/wp\/v2\/posts"}],"about":[{"href":"https:\/\/digitalnews.hu\/index.php?rest_route=\/wp\/v2\/types\/post"}],"author":[{"embeddable":true,"href":"https:\/\/digitalnews.hu\/index.php?rest_route=\/wp\/v2\/users\/1"}],"replies":[{"embeddable":true,"href":"https:\/\/digitalnews.hu\/index.php?rest_route=%2Fwp%2Fv2%2Fcomments&post=2675"}],"version-history":[{"count":2,"href":"https:\/\/digitalnews.hu\/index.php?rest_route=\/wp\/v2\/posts\/2675\/revisions"}],"predecessor-version":[{"id":5646,"href":"https:\/\/digitalnews.hu\/index.php?rest_route=\/wp\/v2\/posts\/2675\/revisions\/5646"}],"wp:featuredmedia":[{"embeddable":true,"href":"https:\/\/digitalnews.hu\/index.php?rest_route=\/wp\/v2\/media\/2676"}],"wp:attachment":[{"href":"https:\/\/digitalnews.hu\/index.php?rest_route=%2Fwp%2Fv2%2Fmedia&parent=2675"}],"wp:term":[{"taxonomy":"category","embeddable":true,"href":"https:\/\/digitalnews.hu\/index.php?rest_route=%2Fwp%2Fv2%2Fcategories&post=2675"},{"taxonomy":"post_tag","embeddable":true,"href":"https:\/\/digitalnews.hu\/index.php?rest_route=%2Fwp%2Fv2%2Ftags&post=2675"}],"curies":[{"name":"wp","href":"https:\/\/api.w.org\/{rel}","templated":true}]}}