{"id":2681,"date":"2024-12-13T01:14:33","date_gmt":"2024-12-12T23:14:33","guid":{"rendered":"https:\/\/digitalnews.hu\/?p=2681"},"modified":"2025-12-31T13:54:47","modified_gmt":"2025-12-31T11:54:47","slug":"a-teve-a-youtube-uj-vadaszterulete","status":"publish","type":"post","link":"https:\/\/digitalnews.hu\/?p=2681","title":{"rendered":"A t\u00e9v\u00e9 a YouTube \u00faj vad\u00e1szter\u00fclete"},"content":{"rendered":"\n<p>Id\u00e9n is a nappali volt az otthoni sz\u00f3rakoztat\u00e1s, sz\u00f3rakoz\u00e1s k\u00f6zpontja, az itt tal\u00e1lhat\u00f3 okost\u00e9v\u00e9ken minden kor\u00e1bbin\u00e1l t\u00f6bb tartalmat streameltek a n\u00e9z\u0151k &#8211; a tartalomfogyaszt\u00e1si kedv n\u00f6veked\u00e9s\u00e9r\u0151l most \u00e9ppen a YouTube tett k\u00f6zz\u00e9 r\u00e9szleteket.<br>Egyre t\u00f6bben \u00e9s egyre t\u00f6bbek haszn\u00e1lj\u00e1k otthon az okost\u00e9v\u00e9j\u00fcket arra, hogy a PC-k \u00e9s az okostelefonok, tabletek kijelz\u0151i helyett a nagyk\u00e9perny\u0151n fogyassz\u00e1k a YouTube k\u00fcl\u00f6nb\u00f6z\u0151 tartalmait &#8211; der\u00fcl ki a szolg\u00e1ltat\u00f3 \u00e1ltal tegnap k\u00f6zz\u00e9tett statisztik\u00e1kb\u00f3l.<\/p>\n\n\n\n<p>A YouTube n\u00e9zetts\u00e9g\u00e9nek n\u00f6veked\u00e9s\u00e9t viszonylag r\u00e9g\u00f3ta k\u00e9t t\u00e9nyez\u0151 hajtja, egyr\u00e9szt a r\u00f6vid vide\u00f3k (shorts) n\u00e9pszer\u0171s\u00e9g\u00e9nek er\u0151s\u00f6d\u00e9se, m\u00e1sr\u00e9szt a t\u00e9v\u00e9s tartalomfogyaszt\u00e1s. A szolg\u00e1ltat\u00f3 a t\u00e9v\u00e9s platformokra fejlesztett applik\u00e1ci\u00f3kon a n\u00e9zetts\u00e9g n\u00f6vel\u00e9se \u00e9rdek\u00e9ben az ut\u00f3bbi \u00e9vekben t\u00f6bb v\u00e1ltoztat\u00e1st is v\u00e9grehajtott, \u00edgy p\u00e9ld\u00e1ul szorosabb\u00e1 v\u00e1lt az okostelefonok \u00e9s a t\u00e9v\u00e9k egy\u00fcttm\u0171k\u00f6d\u00e9se a YouTube tartalomfogyaszt\u00e1s sor\u00e1n, illetve t\u00f6bb platformon intuit\u00edvabb\u00e1, felhaszn\u00e1l\u00f3bar\u00e1tabb\u00e1 v\u00e1lt az interf\u00e9sz.<\/p>\n\n\n\n<p>A fejleszt\u00e9seknek meg is lett az eredm\u00e9nye, a n\u00e9z\u0151k ugyanis csak a t\u00e9v\u00e9k\u00e9sz\u00fcl\u00e9keiken kereszt\u00fcl id\u00e9n egy \u00e1tlagos napon \u00f6sszesen egymilli\u00e1rd \u00f3r\u00e1nyi tartalmat fogyasztottak a YouTube-on.<\/p>\n\n\n\n<p>A m\u0171fajokat illet\u0151en tov\u00e1bbra is rendk\u00edv\u00fcl nagyot mennek a gyerekeknek sz\u00e1nt tartalmak \u00e9s a sportk\u00f6zvet\u00edt\u00e9sek &#8211; ut\u00f3bbiak n\u00e9zetts\u00e9ge id\u00e9n 30%-ot n\u0151tt, feltehet\u0151en els\u0151sorban a p\u00e1rizsi olimpi\u00e1nak k\u00f6sz\u00f6nhet\u0151en.<\/p>\n\n\n\n<p>Az ut\u00f3bbi \u00e9vek trendjeinek megfelel\u0151en szint\u00e9n jelent\u0151sen n\u0151tt a nagyk\u00e9perny\u0151s podcastfogyaszt\u00e1s ideje, ami a m\u0171faj eredeti kereteit tekintve kiss\u00e9 abszurdnak t\u0171nhet ugyan, de ha van h\u00e1tt\u00e9rt\u00e9v\u00e9z\u00e9s, akkor mi\u00e9rt ne m\u0171k\u00f6dhetne ugyanez a jelens\u00e9g a podcastek eset\u00e9ben is.<\/p>\n\n\n\n<p>A n\u00e9z\u0151k (vagy hallgat\u00f3k) ez esetben egy \u00e1tlagos h\u00f3napban \u00f6sszesen 400 milli\u00f3 \u00f3r\u00e1nyi podcast tartalmat fogyasztottak a t\u00e9v\u00e9j\u00fckre telep\u00edtett YouTube-applik\u00e1ci\u00f3val. A podcastek eset\u00e9ben a csak hangs\u00e1vot \u00e9s a hangs\u00e1v mellett mozg\u00f3k\u00e9pet is tartalmaz\u00f3 ad\u00e1sok k\u00f6zti \u00e9les hat\u00e1r a szolg\u00e1ltat\u00f3 szerint mindink\u00e1bb elmos\u00f3dni l\u00e1tszik, a tartalomel\u0151\u00e1ll\u00edt\u00f3k pedig egyre ink\u00e1bb egy multim\u00e9di\u00e1s &#8222;t\u00f6rt\u00e9netmes\u00e9l\u0151s&#8221; platformk\u00e9nt tekintenek a YouTube-ra.<\/p>\n\n\n\n<p>A YouTube-t\u00e9v\u00e9z\u00e9s m\u00e1s folyamatokat is mag\u00e1val hozott, \u00edgy p\u00e9ld\u00e1ul id\u00e9n a 4K-ban felt\u00f6lt\u00f6tt tartalmak (nem sz\u00e1m\u00edtv a shorts vide\u00f3kat) ar\u00e1nya 35%-kal n\u0151tt, m\u00edg azoknak a tartalomel\u0151\u00e1ll\u00edt\u00f3knak az ar\u00e1nya, akik bev\u00e9tel\u00fck nagyobb h\u00e1nyad\u00e1t m\u00e1r a t\u00e9v\u00e9s tartalomfogyaszt\u00e1s ut\u00e1n kapj\u00e1k, t\u00f6bb mint 30%-kal n\u0151tt egy \u00e9v alatt.<\/p>\n\n\n\n<p><mark style=\"background-color:#9b51e0\" class=\"has-inline-color has-white-color\">Tov\u00e1bb a cikkre:<\/mark> <a href=\"https:\/\/www.hwsw.hu\/hirek\/68517\/youtube-teve-okosteve-video-podcast-nezettseg-nappali.html\" target=\"_blank\" rel=\"noreferrer noopener\">hwsw.hu<\/a><\/p>\n","protected":false},"excerpt":{"rendered":"<p>Id\u00e9n is a nappali volt az otthoni sz\u00f3rakoztat\u00e1s, sz\u00f3rakoz\u00e1s k\u00f6zpontja, az itt tal\u00e1lhat\u00f3 okost\u00e9v\u00e9ken minden kor\u00e1bbin\u00e1l t\u00f6bb tartalmat streameltek a&hellip;<\/p>\n","protected":false},"author":1,"featured_media":2684,"comment_status":"closed","ping_status":"closed","sticky":false,"template":"","format":"standard","meta":{"footnotes":""},"categories":[23],"tags":[],"class_list":["post-2681","post","type-post","status-publish","format-standard","has-post-thumbnail","hentry","category-media"],"_links":{"self":[{"href":"https:\/\/digitalnews.hu\/index.php?rest_route=\/wp\/v2\/posts\/2681","targetHints":{"allow":["GET"]}}],"collection":[{"href":"https:\/\/digitalnews.hu\/index.php?rest_route=\/wp\/v2\/posts"}],"about":[{"href":"https:\/\/digitalnews.hu\/index.php?rest_route=\/wp\/v2\/types\/post"}],"author":[{"embeddable":true,"href":"https:\/\/digitalnews.hu\/index.php?rest_route=\/wp\/v2\/users\/1"}],"replies":[{"embeddable":true,"href":"https:\/\/digitalnews.hu\/index.php?rest_route=%2Fwp%2Fv2%2Fcomments&post=2681"}],"version-history":[{"count":2,"href":"https:\/\/digitalnews.hu\/index.php?rest_route=\/wp\/v2\/posts\/2681\/revisions"}],"predecessor-version":[{"id":5648,"href":"https:\/\/digitalnews.hu\/index.php?rest_route=\/wp\/v2\/posts\/2681\/revisions\/5648"}],"wp:featuredmedia":[{"embeddable":true,"href":"https:\/\/digitalnews.hu\/index.php?rest_route=\/wp\/v2\/media\/2684"}],"wp:attachment":[{"href":"https:\/\/digitalnews.hu\/index.php?rest_route=%2Fwp%2Fv2%2Fmedia&parent=2681"}],"wp:term":[{"taxonomy":"category","embeddable":true,"href":"https:\/\/digitalnews.hu\/index.php?rest_route=%2Fwp%2Fv2%2Fcategories&post=2681"},{"taxonomy":"post_tag","embeddable":true,"href":"https:\/\/digitalnews.hu\/index.php?rest_route=%2Fwp%2Fv2%2Ftags&post=2681"}],"curies":[{"name":"wp","href":"https:\/\/api.w.org\/{rel}","templated":true}]}}