{"id":2713,"date":"2024-12-15T23:20:11","date_gmt":"2024-12-15T21:20:11","guid":{"rendered":"https:\/\/digitalnews.hu\/?p=2713"},"modified":"2025-12-31T14:02:30","modified_gmt":"2025-12-31T12:02:30","slug":"keszul-europa-valasza-a-spacex-ellen","status":"publish","type":"post","link":"https:\/\/digitalnews.hu\/?p=2713","title":{"rendered":"K\u00e9sz\u00fcl Eur\u00f3pa v\u00e1lasza a SpaceX ellen"},"content":{"rendered":"\n<p>T\u00f6bbsz\u00f6r haszn\u00e1lhat\u00f3 rak\u00e9t\u00e1n dolgozik a Maiaspace.<\/p>\n\n\n\n<p>A Maiaspace egy mind\u00f6ssze k\u00e9t \u00e9ves le\u00e1nyv\u00e1llalat, azonban Eur\u00f3pa legnagyobb rak\u00e9tagy\u00e1rt\u00f3ja, az ArianeGroup al\u00e1 tartozik. Most pedig megkezdik a tesztel\u00e9s\u00e9t Eur\u00f3pa els\u0151 r\u00e9szben \u00fajrafelhaszn\u00e1lhat\u00f3 rak\u00e9t\u00e1j\u00e1nak, amely 2026-t\u00f3l szolg\u00e1lna ki els\u0151 k\u00f6rben f\u0151leg kisebb kereskedelmi m\u0171holdakkal kapcsolatos projekteket.<\/p>\n\n\n<div class=\"wp-block-image\">\n<figure class=\"aligncenter size-full\"><img loading=\"lazy\" decoding=\"async\" width=\"800\" height=\"500\" src=\"https:\/\/digitalnews.hu\/wp-content\/uploads\/2024\/12\/ArianeGroup-Increase-MaiaSpace-Investment-to-E125M.jpg\" alt=\"\" class=\"wp-image-2715\" srcset=\"https:\/\/digitalnews.hu\/wp-content\/uploads\/2024\/12\/ArianeGroup-Increase-MaiaSpace-Investment-to-E125M.jpg 800w, https:\/\/digitalnews.hu\/wp-content\/uploads\/2024\/12\/ArianeGroup-Increase-MaiaSpace-Investment-to-E125M-768x480.jpg 768w, https:\/\/digitalnews.hu\/wp-content\/uploads\/2024\/12\/ArianeGroup-Increase-MaiaSpace-Investment-to-E125M-600x375.jpg 600w\" sizes=\"auto, (max-width: 800px) 100vw, 800px\" \/><\/figure>\n<\/div>\n\n\n<p>Eur\u00f3p\u00e1t ezzel tenn\u00e9k versenyk\u00e9pesebb\u00e9 \u00e9s v\u00e1laszoln\u00e1nak a SpaceX-re. Nagyj\u00e1b\u00f3l egy \u00e9vtizede volt, hogy az eur\u00f3pai korm\u00e1nyok az Ariane 6 fejleszt\u00e9se mellett d\u00f6nt\u00f6ttek, \u00fagy, hogy az nem t\u00f6bbsz\u00f6r haszn\u00e1lhat\u00f3 \u2013 a kritikusok szerint pedig mire j\u00f6v\u0151re deb\u00fct\u00e1l a kereskedelmi szektorban, m\u00e1ris elavult lesz.<\/p>\n\n\n\n<p>A Maiaspace l\u00e9trehoz\u00e1s\u00e1r\u00f3l el\u0151sz\u00f6r 2021. december\u00e9ben besz\u00e9lt a francia p\u00e9nz\u00fcgyminiszter, aki saj\u00e1t SpaceX \u00e9s Falcon 9 meg\u00e9p\u00edt\u00e9s\u00e9t emlegette.<\/p>\n\n\n<div class=\"wp-block-image\">\n<figure class=\"aligncenter size-full\"><img loading=\"lazy\" decoding=\"async\" width=\"900\" height=\"506\" src=\"https:\/\/digitalnews.hu\/wp-content\/uploads\/2024\/12\/Maiaspace-1.jpg\" alt=\"\" class=\"wp-image-2716\" srcset=\"https:\/\/digitalnews.hu\/wp-content\/uploads\/2024\/12\/Maiaspace-1.jpg 900w, https:\/\/digitalnews.hu\/wp-content\/uploads\/2024\/12\/Maiaspace-1-768x431.jpg 768w, https:\/\/digitalnews.hu\/wp-content\/uploads\/2024\/12\/Maiaspace-1-600x337.jpg 600w\" sizes=\"auto, (max-width: 900px) 100vw, 900px\" \/><\/figure>\n<\/div>\n\n\n<p>Most r\u00e9szben \u00e9s \u00f6tsz\u00f6r \u00fajrafelhaszn\u00e1lhat\u00f3 rak\u00e9t\u00e1r\u00f3l sz\u00f3lnak a h\u00edrek, amely 0,5 \u00e9s 4 tonna k\u00f6z\u00f6tti rakom\u00e1nyt vihet fel.<\/p>\n\n\n\n<p><mark style=\"background-color:#9b51e0\" class=\"has-inline-color has-white-color\">Tov\u00e1bb a cikkre:<\/mark> <a href=\"https:\/\/itcafe.hu\/hir\/europa_valasza_a_spacex_ellen.html\" target=\"_blank\" rel=\"noreferrer noopener\">index.hu<\/a><\/p>\n","protected":false},"excerpt":{"rendered":"<p>T\u00f6bbsz\u00f6r haszn\u00e1lhat\u00f3 rak\u00e9t\u00e1n dolgozik a Maiaspace. A Maiaspace egy mind\u00f6ssze k\u00e9t \u00e9ves le\u00e1nyv\u00e1llalat, azonban Eur\u00f3pa legnagyobb rak\u00e9tagy\u00e1rt\u00f3ja, az ArianeGroup al\u00e1&hellip;<\/p>\n","protected":false},"author":1,"featured_media":2718,"comment_status":"closed","ping_status":"closed","sticky":false,"template":"","format":"standard","meta":{"footnotes":""},"categories":[14],"tags":[],"class_list":["post-2713","post","type-post","status-publish","format-standard","has-post-thumbnail","hentry","category-tavkozles"],"_links":{"self":[{"href":"https:\/\/digitalnews.hu\/index.php?rest_route=\/wp\/v2\/posts\/2713","targetHints":{"allow":["GET"]}}],"collection":[{"href":"https:\/\/digitalnews.hu\/index.php?rest_route=\/wp\/v2\/posts"}],"about":[{"href":"https:\/\/digitalnews.hu\/index.php?rest_route=\/wp\/v2\/types\/post"}],"author":[{"embeddable":true,"href":"https:\/\/digitalnews.hu\/index.php?rest_route=\/wp\/v2\/users\/1"}],"replies":[{"embeddable":true,"href":"https:\/\/digitalnews.hu\/index.php?rest_route=%2Fwp%2Fv2%2Fcomments&post=2713"}],"version-history":[{"count":2,"href":"https:\/\/digitalnews.hu\/index.php?rest_route=\/wp\/v2\/posts\/2713\/revisions"}],"predecessor-version":[{"id":5658,"href":"https:\/\/digitalnews.hu\/index.php?rest_route=\/wp\/v2\/posts\/2713\/revisions\/5658"}],"wp:featuredmedia":[{"embeddable":true,"href":"https:\/\/digitalnews.hu\/index.php?rest_route=\/wp\/v2\/media\/2718"}],"wp:attachment":[{"href":"https:\/\/digitalnews.hu\/index.php?rest_route=%2Fwp%2Fv2%2Fmedia&parent=2713"}],"wp:term":[{"taxonomy":"category","embeddable":true,"href":"https:\/\/digitalnews.hu\/index.php?rest_route=%2Fwp%2Fv2%2Fcategories&post=2713"},{"taxonomy":"post_tag","embeddable":true,"href":"https:\/\/digitalnews.hu\/index.php?rest_route=%2Fwp%2Fv2%2Ftags&post=2713"}],"curies":[{"name":"wp","href":"https:\/\/api.w.org\/{rel}","templated":true}]}}