{"id":2862,"date":"2025-01-09T23:45:12","date_gmt":"2025-01-09T21:45:12","guid":{"rendered":"https:\/\/digitalnews.hu\/?p=2862"},"modified":"2025-12-31T14:37:11","modified_gmt":"2025-12-31T12:37:11","slug":"a-deutsche-telekom-bemutatta-az-uj-magentatv-sticket","status":"publish","type":"post","link":"https:\/\/digitalnews.hu\/?p=2862","title":{"rendered":"A Deutsche Telekom bemutatta az \u00faj MagentaTV sticket"},"content":{"rendered":"\n<ol start=\"2025\" class=\"wp-block-list\">\n<li>janu\u00e1r 16-\u00e1n a Deutsche Telekom bemutatja MagentaTV streaming stickj\u00e9nek m\u00e1sodik gener\u00e1ci\u00f3j\u00e1t, amely hozz\u00e1f\u00e9r\u00e9st tesz lehet\u0151v\u00e9 MagentaTV TV-platformj\u00e1hoz.<\/li>\n<\/ol>\n\n\n\n<p>A k\u00e9sz\u00fcl\u00e9k egy helyen \u00f6tv\u00f6zi a hagyom\u00e1nyos telev\u00edzi\u00f3z\u00e1st sz\u00e1mos streaming szolg\u00e1ltat\u00e1ssal, amely egy szem\u00e9lyre szabott kezd\u0151k\u00e9perny\u0151n, gyorsind\u00edt\u00f3 s\u00e1vval \u00e9s egys\u00e9ges keres\u00e9si funkci\u00f3val \u00e9rhet\u0151 el.<\/p>\n\n\n\n<p>A 74 grammos MagentaTV Sticket hordozhat\u00f3s\u00e1gra tervezt\u00e9k, \u00e9s HDMI-porton \u00e9s Wi-Fi-h\u00e1l\u00f3zaton kereszt\u00fcl b\u00e1rmilyen TV-k\u00e9sz\u00fcl\u00e9khez csatlakoztathat\u00f3. A k\u00e9sz\u00fcl\u00e9k kompatibilis a Telekom friss\u00edtett MagentaTV el\u0151fizet\u00e9si csomagjaival, \u00e9s t\u00f6bb mint 160 HD TV csatorn\u00e1t, id\u0151eltol\u00e1sos megtekint\u00e9st, felh\u0151 alap\u00fa t\u00e9v\u00e9felv\u00e9telt, valamint a MagentaTV+-on kereszt\u00fcl az ig\u00e9ny szerinti tartalmak el\u00e9r\u00e9s\u00e9t k\u00edn\u00e1lja.<\/p>\n\n\n<div class=\"wp-block-image\">\n<figure class=\"aligncenter size-full\"><img loading=\"lazy\" decoding=\"async\" width=\"900\" height=\"506\" src=\"https:\/\/digitalnews.hu\/wp-content\/uploads\/2025\/01\/dl-241121-magentatv-stick-900x506-1.jpg\" alt=\"\" class=\"wp-image-2863\" srcset=\"https:\/\/digitalnews.hu\/wp-content\/uploads\/2025\/01\/dl-241121-magentatv-stick-900x506-1.jpg 900w, https:\/\/digitalnews.hu\/wp-content\/uploads\/2025\/01\/dl-241121-magentatv-stick-900x506-1-768x432.jpg 768w, https:\/\/digitalnews.hu\/wp-content\/uploads\/2025\/01\/dl-241121-magentatv-stick-900x506-1-600x337.jpg 600w\" sizes=\"auto, (max-width: 900px) 100vw, 900px\" \/><\/figure>\n<\/div>\n\n\n<p>Ezenk\u00edv\u00fcl a bot t\u00e1mogatja a streaming szolg\u00e1ltat\u00e1sokat, mint a Netflix, Disney+, Apple TV+, Amazon Prime Video \u00e9s RTL+, mik\u00f6zben t\u00f6bb ezer alkalmaz\u00e1shoz biztos\u00edt hozz\u00e1f\u00e9r\u00e9st a Google Play \u00c1ruh\u00e1zban. A Telekom szerint 16 GB t\u00e1rhellyel a felhaszn\u00e1l\u00f3k an\u00e9lk\u00fcl telep\u00edthetnek streaming alkalmaz\u00e1sokat, hogy agg\u00f3dn\u00e1nak a helysz\u0171ke miatt.<\/p>\n\n\n\n<p>A MagentaTV stick t\u00e1mogatja a 4K\/Ultra HD-t, a HDR-t, a Dolby Vision-t \u00e9s a Dolby Atmos-t az otthoni moziszer\u0171 \u00e9lm\u00e9ny \u00e9rdek\u00e9ben. Teljes\u00edtm\u00e9ny\u00e9t egy n\u00e9gymagos processzor, 2 GB RAM \u00e9s az Android TV oper\u00e1ci\u00f3s rendszer vez\u00e9rli.<\/p>\n\n\n\n<p><mark style=\"background-color:#9b51e0\" class=\"has-inline-color has-white-color\">Tov\u00e1bb a cikkre:<\/mark> <a href=\"https:\/\/www.broadbandtvnews.com\/2025\/01\/08\/deutsche-telekom-introduces-new-magentatv-stick\/\" target=\"_blank\" rel=\"noreferrer noopener\">broadbandtvnews.com<\/a><\/p>\n","protected":false},"excerpt":{"rendered":"<p>A k\u00e9sz\u00fcl\u00e9k egy helyen \u00f6tv\u00f6zi a hagyom\u00e1nyos telev\u00edzi\u00f3z\u00e1st sz\u00e1mos streaming szolg\u00e1ltat\u00e1ssal, amely egy szem\u00e9lyre szabott kezd\u0151k\u00e9perny\u0151n, gyorsind\u00edt\u00f3 s\u00e1vval \u00e9s egys\u00e9ges&hellip;<\/p>\n","protected":false},"author":1,"featured_media":2865,"comment_status":"closed","ping_status":"closed","sticky":false,"template":"","format":"standard","meta":{"footnotes":""},"categories":[23],"tags":[],"class_list":["post-2862","post","type-post","status-publish","format-standard","has-post-thumbnail","hentry","category-media"],"_links":{"self":[{"href":"https:\/\/digitalnews.hu\/index.php?rest_route=\/wp\/v2\/posts\/2862","targetHints":{"allow":["GET"]}}],"collection":[{"href":"https:\/\/digitalnews.hu\/index.php?rest_route=\/wp\/v2\/posts"}],"about":[{"href":"https:\/\/digitalnews.hu\/index.php?rest_route=\/wp\/v2\/types\/post"}],"author":[{"embeddable":true,"href":"https:\/\/digitalnews.hu\/index.php?rest_route=\/wp\/v2\/users\/1"}],"replies":[{"embeddable":true,"href":"https:\/\/digitalnews.hu\/index.php?rest_route=%2Fwp%2Fv2%2Fcomments&post=2862"}],"version-history":[{"count":3,"href":"https:\/\/digitalnews.hu\/index.php?rest_route=\/wp\/v2\/posts\/2862\/revisions"}],"predecessor-version":[{"id":5687,"href":"https:\/\/digitalnews.hu\/index.php?rest_route=\/wp\/v2\/posts\/2862\/revisions\/5687"}],"wp:featuredmedia":[{"embeddable":true,"href":"https:\/\/digitalnews.hu\/index.php?rest_route=\/wp\/v2\/media\/2865"}],"wp:attachment":[{"href":"https:\/\/digitalnews.hu\/index.php?rest_route=%2Fwp%2Fv2%2Fmedia&parent=2862"}],"wp:term":[{"taxonomy":"category","embeddable":true,"href":"https:\/\/digitalnews.hu\/index.php?rest_route=%2Fwp%2Fv2%2Fcategories&post=2862"},{"taxonomy":"post_tag","embeddable":true,"href":"https:\/\/digitalnews.hu\/index.php?rest_route=%2Fwp%2Fv2%2Ftags&post=2862"}],"curies":[{"name":"wp","href":"https:\/\/api.w.org\/{rel}","templated":true}]}}