{"id":2870,"date":"2025-01-11T00:17:04","date_gmt":"2025-01-10T22:17:04","guid":{"rendered":"https:\/\/digitalnews.hu\/?p=2870"},"modified":"2025-12-31T14:37:58","modified_gmt":"2025-12-31T12:37:58","slug":"varatlan-fordulatot-hozott-mark-zuckerberg-nagy-bejelentese-menekulnek-a-felhasznalok","status":"publish","type":"post","link":"https:\/\/digitalnews.hu\/?p=2870","title":{"rendered":"V\u00e1ratlan fordulatot hozott Mark Zuckerberg nagy bejelent\u00e9se, menek\u00fclnek a felhaszn\u00e1l\u00f3k"},"content":{"rendered":"\n<p>A Facebook \u00e9s a Meta alap\u00edt\u00f3ja, Mark Zuckerberg p\u00e1r napja jelentette be, hogy elt\u00f6rlik a tartalommoder\u00e1l\u00e1st abban a form\u00e1ban, ahogyan eddig m\u0171k\u00f6d\u00f6tt. A l\u00e9p\u00e9s a jelek szerint sok felhaszn\u00e1l\u00f3nak nem nyerte el a tetsz\u00e9s\u00e9t, ugyanis sokan m\u00e1r a fi\u00f3kjuk t\u00f6rl\u00e9s\u00e9t is megfontolt\u00e1k a Google adatai szerint, j\u00f3n\u00e9h\u00e1nyan pedig elkezdtek m\u00e1s alternat\u00edva ut\u00e1n n\u00e9zni a Meta platformjai helyett.<br>Mint meg\u00edrtuk, a Facebookot \u00e9s m\u00e1s platformokat (Instagram, Threads, WhatsApp) is m\u0171k\u00f6dtet\u0151 Meta vez\u00e9rigazgat\u00f3ja, Mark Zuckerberg kedd reggel egy vide\u00f3t tett k\u00f6zz\u00e9, amelyben besz\u00e1molt arr\u00f3l, milyen v\u00e1ltoz\u00e1sok l\u00e9pnek hat\u00e1lyba a c\u00e9g \u00e9let\u00e9ben az elk\u00f6vetkezend\u0151 id\u0151szakban.<\/p>\n\n\n\n<p>Ahogy Zuckerberg kiemelte, a j\u00f6v\u0151ben megsz\u00fcntetik a Meta t\u00e9nyellen\u0151rz\u00e9si programj\u00e1t, \u00e9s szeretn\u00e9k el\u0151seg\u00edteni a szabad v\u00e9lem\u00e9nynyilv\u00e1n\u00edt\u00e1st a v\u00e1llalat \u00f6sszes platformj\u00e1n, k\u00f6zt\u00fck a Facebookon \u00e9s az Instagramon. <\/p>\n\n\n\n<p>Most az Economx a TechCrunch port\u00e1l cikk\u00e9re hivatkozva arr\u00f3l sz\u00e1molt be, hogy Mark Zuckerberg bejelent\u00e9se ut\u00e1n a google keres\u0151j\u00e9ben robban\u00e1sszer\u0171en, mintegy 5000 sz\u00e1zal\u00e9kkal megn\u0151tt a k\u00fcl\u00f6nf\u00e9le Meta-platformok (Facebook, Instagram, Threads) t\u00f6rl\u00e9s\u00e9re vonatkoz\u00f3 keres\u00e9sek sz\u00e1ma.<\/p>\n\n\n\n<p>A Google Trends adatai szerint a felhaszn\u00e1l\u00f3k olyan kifejez\u00e9sekre kerestek r\u00e1, mint p\u00e9ld\u00e1ul \u201eHogyan t\u00f6r\u00f6ljek minden fot\u00f3t a Facebookr\u00f3l?\u201d; \u201eFacebook-alternat\u00edva\u201d; \u201eHogyan t\u00e1vozhatok a Facebookr\u00f3l?\u201d; \u201eHogyan t\u00f6r\u00f6lhetem a Threads-fi\u00f3kom?\u201d. Teh\u00e1t nagyon \u00fagy fest, hogy az Egyes\u00fclt \u00c1llamokban sokan nem rajonganak a Meta friss d\u00f6nt\u00e9s\u00e9rt \u2013 tette hozz\u00e1 az Economx.<\/p>\n\n\n\n<p>Hozz\u00e1tett\u00e9k: az is igazolja az elk\u00e9peszt\u0151en megszalad\u00f3 \u00e9rdekl\u0151d\u00e9st az alternat\u00edv\u00e1k ir\u00e1nt, hogy k\u00e9t konkurens, a Bluesky \u00e9s Mastodon platformra vonatkoz\u00f3 keres\u00e9sek sz\u00e1ma ek\u00f6zben jelent\u0151sen megugrott. Mindkett\u0151 decentraliz\u00e1lt t\u00edpus\u00fa platform \u2013 az ilyenek egyre n\u00e9pszer\u0171bbek az\u00f3ta, hogy Elon Musk \u00e1tvette a Twittert, majd \u00e1tkeresztelte X-re, \u00e9s egy sor v\u00e1ltoztat\u00e1st hajtott v\u00e9gre rajta, amelyek miatt sz\u00e1mos felhaszn\u00e1l\u00f3 elmenek\u00fclt onnan.<\/p>\n\n\n\n<p>Az Economx \u00fagy \u00f6sszegzett, hogy a Meta d\u00f6nt\u00e9se a jelek szerint \u00fajra teret enged majd az \u00e1lh\u00edreknek, dezinform\u00e1ci\u00f3nak \u00e9s gy\u0171l\u00f6letbesz\u00e9dnek, \u00e9s t\u00f6bb politikai tartalom jelenhet meg a h\u00edrfolyamokban \u2013 de is igaz, hogy ezzel egy\u00fctt a szabad v\u00e9lem\u00e9nynyilv\u00e1n\u00edt\u00e1sban is nagyobb ter\u00fck lehet majd a felhaszn\u00e1l\u00f3knak. \u00c9s val\u00f3sz\u00edn\u0171leg kevesebb alkalommal lesznek t\u00f6r\u00f6lve olyan bejegyz\u00e9sek \u00e9s fi\u00f3kok, amelyeket \u2013 a felhaszn\u00e1l\u00f3k panaszai szerint \u2013 val\u00f3j\u00e1ban indokolatlanul semmis\u00edtett meg a Meta.<\/p>\n\n\n\n<p><mark style=\"background-color:#9b51e0\" class=\"has-inline-color has-white-color\">Tov\u00e1bb a cikkre:<\/mark> <a href=\"https:\/\/index.hu\/techtud\/2025\/01\/10\/facebook-meta-tartalommoderalas-valtozas-cenzura-eltorlese-google-menekulnek-a-felhasznalok\/\" target=\"_blank\" rel=\"noreferrer noopener\">index.hu<\/a><\/p>\n","protected":false},"excerpt":{"rendered":"<p>A Facebook \u00e9s a Meta alap\u00edt\u00f3ja, Mark Zuckerberg p\u00e1r napja jelentette be, hogy elt\u00f6rlik a tartalommoder\u00e1l\u00e1st abban a form\u00e1ban, ahogyan&hellip;<\/p>\n","protected":false},"author":1,"featured_media":2873,"comment_status":"closed","ping_status":"closed","sticky":false,"template":"","format":"standard","meta":{"footnotes":""},"categories":[55],"tags":[],"class_list":["post-2870","post","type-post","status-publish","format-standard","has-post-thumbnail","hentry","category-social-media"],"_links":{"self":[{"href":"https:\/\/digitalnews.hu\/index.php?rest_route=\/wp\/v2\/posts\/2870","targetHints":{"allow":["GET"]}}],"collection":[{"href":"https:\/\/digitalnews.hu\/index.php?rest_route=\/wp\/v2\/posts"}],"about":[{"href":"https:\/\/digitalnews.hu\/index.php?rest_route=\/wp\/v2\/types\/post"}],"author":[{"embeddable":true,"href":"https:\/\/digitalnews.hu\/index.php?rest_route=\/wp\/v2\/users\/1"}],"replies":[{"embeddable":true,"href":"https:\/\/digitalnews.hu\/index.php?rest_route=%2Fwp%2Fv2%2Fcomments&post=2870"}],"version-history":[{"count":2,"href":"https:\/\/digitalnews.hu\/index.php?rest_route=\/wp\/v2\/posts\/2870\/revisions"}],"predecessor-version":[{"id":5688,"href":"https:\/\/digitalnews.hu\/index.php?rest_route=\/wp\/v2\/posts\/2870\/revisions\/5688"}],"wp:featuredmedia":[{"embeddable":true,"href":"https:\/\/digitalnews.hu\/index.php?rest_route=\/wp\/v2\/media\/2873"}],"wp:attachment":[{"href":"https:\/\/digitalnews.hu\/index.php?rest_route=%2Fwp%2Fv2%2Fmedia&parent=2870"}],"wp:term":[{"taxonomy":"category","embeddable":true,"href":"https:\/\/digitalnews.hu\/index.php?rest_route=%2Fwp%2Fv2%2Fcategories&post=2870"},{"taxonomy":"post_tag","embeddable":true,"href":"https:\/\/digitalnews.hu\/index.php?rest_route=%2Fwp%2Fv2%2Ftags&post=2870"}],"curies":[{"name":"wp","href":"https:\/\/api.w.org\/{rel}","templated":true}]}}