{"id":315,"date":"2024-06-10T06:39:58","date_gmt":"2024-06-10T06:39:58","guid":{"rendered":"https:\/\/digitalnews.hu\/?p=315"},"modified":"2024-06-10T06:39:58","modified_gmt":"2024-06-10T06:39:58","slug":"az-ibm-intezmenyi-befektetot-veszit-a-biometrikus-adatok-izraelnek-torteno-eladasa-miatt","status":"publish","type":"post","link":"https:\/\/digitalnews.hu\/?p=315","title":{"rendered":"Az IBM int\u00e9zm\u00e9nyi befektet\u0151t vesz\u00edt a biometrikus adatok Izraelnek t\u00f6rt\u00e9n\u0151 elad\u00e1sa miatt"},"content":{"rendered":"\n<p>Az IBM int\u00e9zm\u00e9nyi befektet\u0151t vesz\u00edt a biometrikus adatok Izraelnek t\u00f6rt\u00e9n\u0151 elad\u00e1sa miatt<\/p>\n\n\n\n<p>Egy nagy norv\u00e9g vagyonkezel\u0151 c\u00e9g, a Storebrand azt \u00e1ll\u00edtja, hogy megszabadult az IBM amerikai technol\u00f3giai v\u00e1llalatba fektetett befektet\u00e9seit\u0151l , mivel az ut\u00f3bbi \u00e1ll\u00edt\u00f3lag t\u00e1mogatja a palesztinok elleni izraeli emberi jogi vissza\u00e9l\u00e9seket a biometrikus technol\u00f3gi\u00e1j\u00e1val.<\/p>\n\n\n\n<p>Amint arr\u00f3l a FriFagbevegelse.no besz\u00e1molt , a Storebrand 2024 els\u0151 negyed\u00e9v\u00e9re vonatkoz\u00f3 p\u00e9nz\u00fcgyi fenntarthat\u00f3s\u00e1gi jelent\u00e9s\u00e9ben nyilv\u00e1noss\u00e1gra hozta, hogy Izrael az IBM biometrikus szoftver\u00e9t \u00e9s hardver\u00e9t az \u00e1ltala \u201eapartheidnek\u201d nevezett tev\u00e9kenys\u00e9g v\u00e9grehajt\u00e1s\u00e1ra haszn\u00e1lja.<\/p>\n\n\n\n<p>A jelent\u00e9s szerint az izraeli hat\u00e1rigazgat\u00e1si rendszer az IBM biometrikus technol\u00f3gi\u00e1j\u00e1n m\u0171k\u00f6dik, amely \u00e1ll\u00edt\u00f3lag a palesztinok megk\u00fcl\u00f6nb\u00f6ztet\u00e9s\u00e9re szolg\u00e1l Izrael hat\u00e1rain \u00e9s a megsz\u00e1llt palesztin ter\u00fcleteken.<\/p>\n\n\n\n<p>A Storebrand kommunik\u00e1ci\u00f3s igazgat\u00f3ja, Stig-\u00d8yvind Blystad a FriFagbevegelse-nek adott nyilatkozat\u00e1ban elmondta, hogy a v\u00e1llalat meggy\u0151z\u0151d\u00e9se, hogy az IBM \u00e1ltal m\u0171k\u00f6dtetett biometrikus adatb\u00e1zis \u201ehozz\u00e1j\u00e1rul a palesztinok diszkrimin\u00e1ci\u00f3j\u00e1hoz \u00e9s szegreg\u00e1ci\u00f3j\u00e1hoz\u201d.<\/p>\n\n\n\n<p>A Storebrand bejelentette, hogy m\u00e1rciusban eladta az IBM-ben l\u00e9v\u0151 \u00f6sszes r\u00e9szv\u00e9ny\u00e9t 110 milli\u00f3 GBP (k\u00f6r\u00fclbel\u00fcl 139 milli\u00f3 USD) \u00e9rt\u00e9kben, miut\u00e1n azt mondta, hogy az IBM-mel az aggodalmair\u00f3l sz\u00f3l\u00f3 megbesz\u00e9l\u00e9sekre tett k\u00eds\u00e9rletek a m\u00e1sik oldalon vonakodtak.<\/p>\n\n\n\n<p>&#8222;Befektet\u0151k\u00e9nt a Storebrand Asset Management megpr\u00f3b\u00e1lt p\u00e1rbesz\u00e9det folytatni az IBM Corp-pal az \u00fcgyben, de a c\u00e9g nem volt hajland\u00f3 err\u0151l megvitatni&#8221; &#8211; id\u00e9zi Stig-\u00d8yvind Blystad.<\/p>\n\n\n\n<p>A Storebrand d\u00f6nt\u00e9s\u00e9t, hogy megv\u00e1lik az IBM-t\u0151l, \u00fcdv\u00f6z\u00f6lte n\u00e9h\u00e1ny szakszervezet, k\u00f6zt\u00fck a Norv\u00e9g Szakszervezetek Sz\u00f6vets\u00e9ge (LO), amely hangosan tiltakozott azon int\u00e9zm\u00e9nyek ellen, amelyek hozz\u00e1j\u00e1rulnak a nemzetk\u00f6zi jog Izrael \u00e1ltali megs\u00e9rt\u00e9s\u00e9hez vagy figyelmen k\u00edv\u00fcl hagy\u00e1s\u00e1hoz, k\u00fcl\u00f6n\u00f6sen Palesztin\u00e1val kapcsolatban.<\/p>\n\n\n\n<p>Az LO nemzetk\u00f6zi oszt\u00e1lyvezet\u0151je a kialakult helyzetre reag\u00e1lva kijelentette: \u201eB\u00e1r az IBM olyan tev\u00e9kenys\u00e9get is folytat, amely nem kapcsol\u00f3dik illeg\u00e1lis leteleped\u00e9si tev\u00e9kenys\u00e9ghez, m\u00e9gis felel\u0151ss\u00e9ggel tartoznak az\u00e9rt, amit ezen a ter\u00fcleten tesznek.\u201d<\/p>\n\n\n\n<p>A kiadv\u00e1ny azt \u00e1ll\u00edtja, hogy a bejelent\u00e9s id\u0151pontj\u00e1ban nem kapott k\u00e9rt megjegyz\u00e9seket az IBM-t\u0151l.<\/p>\n\n\n\n<p>Kor\u00e1bban is felmer\u00fcltek aggodalmak az IBM arcfelismer\u0151 technol\u00f3gi\u00e1j\u00e1val kapcsolatban, ami arra k\u00e9sztette a v\u00e1llalatot, hogy 2020-ban szabjon plafont \u00e1ltal\u00e1nos c\u00e9l\u00fa biometrikus adatainak \u00e9rt\u00e9kes\u00edt\u00e9s\u00e9re , \u00e9s korl\u00e1tozza technol\u00f3gi\u00e1j\u00e1nak haszn\u00e1lat\u00e1t olyan projektekben, amelyek t\u00f6meges megfigyel\u00e9st vagy faji profilalkot\u00e1st foglalnak magukban.<\/p>\n","protected":false},"excerpt":{"rendered":"<p>Az IBM int\u00e9zm\u00e9nyi befektet\u0151t vesz\u00edt a biometrikus adatok Izraelnek t\u00f6rt\u00e9n\u0151 elad\u00e1sa miatt Egy nagy norv\u00e9g vagyonkezel\u0151 c\u00e9g, a Storebrand azt&hellip;<\/p>\n","protected":false},"author":1,"featured_media":316,"comment_status":"closed","ping_status":"closed","sticky":false,"template":"","format":"standard","meta":{"footnotes":""},"categories":[17],"tags":[],"class_list":["post-315","post","type-post","status-publish","format-standard","has-post-thumbnail","hentry","category-biometrikus-azonositok"],"_links":{"self":[{"href":"https:\/\/digitalnews.hu\/index.php?rest_route=\/wp\/v2\/posts\/315","targetHints":{"allow":["GET"]}}],"collection":[{"href":"https:\/\/digitalnews.hu\/index.php?rest_route=\/wp\/v2\/posts"}],"about":[{"href":"https:\/\/digitalnews.hu\/index.php?rest_route=\/wp\/v2\/types\/post"}],"author":[{"embeddable":true,"href":"https:\/\/digitalnews.hu\/index.php?rest_route=\/wp\/v2\/users\/1"}],"replies":[{"embeddable":true,"href":"https:\/\/digitalnews.hu\/index.php?rest_route=%2Fwp%2Fv2%2Fcomments&post=315"}],"version-history":[{"count":1,"href":"https:\/\/digitalnews.hu\/index.php?rest_route=\/wp\/v2\/posts\/315\/revisions"}],"predecessor-version":[{"id":317,"href":"https:\/\/digitalnews.hu\/index.php?rest_route=\/wp\/v2\/posts\/315\/revisions\/317"}],"wp:featuredmedia":[{"embeddable":true,"href":"https:\/\/digitalnews.hu\/index.php?rest_route=\/wp\/v2\/media\/316"}],"wp:attachment":[{"href":"https:\/\/digitalnews.hu\/index.php?rest_route=%2Fwp%2Fv2%2Fmedia&parent=315"}],"wp:term":[{"taxonomy":"category","embeddable":true,"href":"https:\/\/digitalnews.hu\/index.php?rest_route=%2Fwp%2Fv2%2Fcategories&post=315"},{"taxonomy":"post_tag","embeddable":true,"href":"https:\/\/digitalnews.hu\/index.php?rest_route=%2Fwp%2Fv2%2Ftags&post=315"}],"curies":[{"name":"wp","href":"https:\/\/api.w.org\/{rel}","templated":true}]}}