{"id":318,"date":"2024-06-10T06:41:12","date_gmt":"2024-06-10T06:41:12","guid":{"rendered":"https:\/\/digitalnews.hu\/?p=318"},"modified":"2024-06-10T06:41:12","modified_gmt":"2024-06-10T06:41:12","slug":"nemetorszag-hat-vallalatot-valaszt-ki-az-eudi-wallet-prototipusversenyere","status":"publish","type":"post","link":"https:\/\/digitalnews.hu\/?p=318","title":{"rendered":"N\u00e9metorsz\u00e1g hat v\u00e1llalatot v\u00e1laszt ki az EUDI Wallet protot\u00edpusverseny\u00e9re"},"content":{"rendered":"\n<p>N\u00e9metorsz\u00e1g hat v\u00e1llalatot v\u00e1laszt ki az EUDI Wallet protot\u00edpusverseny\u00e9re<\/p>\n\n\n\n<p>N\u00e9metorsz\u00e1g \u00faj megold\u00e1sok tesztel\u00e9s\u00e9re k\u00e9sz\u00fcl a k\u00f6zelg\u0151 Eur\u00f3pai Uni\u00f3s Digit\u00e1lis Identit\u00e1s ( EUDI ) Wallet sz\u00e1m\u00e1ra, megnyitva az utat egy olyan p\u00e9nzt\u00e1rca alkalmaz\u00e1s fel\u00e9, amely lehet\u0151v\u00e9 teszi a polg\u00e1rok sz\u00e1m\u00e1ra, hogy azonos\u00edts\u00e1k magukat, valamint kezelj\u00e9k a szem\u00e9lyazonoss\u00e1gi adatokat \u00e9s dokumentumokat.<\/p>\n\n\n\n<p>A N\u00e9met Sz\u00f6vets\u00e9gi Disrupt\u00edv Innov\u00e1ci\u00f3s \u00dcgyn\u00f6ks\u00e9g (SPRID) kihirdette az EUDI Wallet protot\u00edpusok tervez\u00e9s\u00e9re ki\u00edrt verseny\u00e9nek els\u0151 hat r\u00e9sztvev\u0151j\u00e9t.<\/p>\n\n\n\n<p>A nyertes projektek: a Sphereon Wallet for All a holland Sphereon digit\u00e1lis hiteles\u00edt\u0151 c\u00e9gt\u0151l, Heidi: Humanzentrierte EID Infrastruktur a z\u00fcrichi Ubique Innovation c\u00e9gt\u0151l, az Animo Easy-PID az utrechti sz\u00e9khely\u0171 Animo Solutions-t\u0151l , az eID kliens Wallet-Evolution a n\u00e9met Governikus c\u00e9gt\u0151l, a TICE Governikus P\u00e9nzt\u00e1rca a berlini sz\u00e9khely\u0171 Tice \u00e9s eEWA startupt\u00f3l \u2013 egyszer\u0171 EUDI-Wallet App, amelyet egy m\u00e1sik n\u00e9met c\u00e9g, az Authada k\u00e9sz\u00edtett .<\/p>\n\n\n\n<p>A 13 h\u00f3napos protot\u00edpusverseny a n\u00e9met felhaszn\u00e1l\u00f3k sz\u00e1m\u00e1ra k\u00e9sz\u00fclt EUDI p\u00e9nzt\u00e1rca tervez\u00e9s\u00e9nek legfontosabb kih\u00edv\u00e1sait hivatott megoldani. A hat csapat t\u00e1mogat\u00e1st kap \u00f6tleteik megval\u00f3s\u00edt\u00e1s\u00e1ra \u00e9s protot\u00edpus\u00e1ra. Minden csapatnak legal\u00e1bb egy p\u00e9nzt\u00e1rca alkalmaz\u00e1st kell kifejlesztenie Androidra vagy iOS-re.<\/p>\n\n\n\n<p>A SPRIND a projektet a Sz\u00f6vets\u00e9gi Bel\u00fcgyminiszt\u00e9rium \u00e9s K\u00f6z\u00f6ss\u00e9gi Miniszt\u00e9rium (BMI) megb\u00edz\u00e1s\u00e1b\u00f3l hajtja v\u00e9gre.<\/p>\n\n\n\n<p>\u201eA k\u00f6vetkez\u0151 h\u00f3napokban egy olyan \u00fatt\u00f6r\u0151 projekt r\u00e9szesei lesz\u00fcnk, amely az EU minden polg\u00e1r\u00e1t feljogos\u00edtja arra, hogy teljes ellen\u0151rz\u00e9st gyakoroljon szem\u00e9lyes adatai felett, forradalmas\u00edtva ezzel a digit\u00e1lis identit\u00e1s kezel\u00e9s\u00e9t \u00e9s a szem\u00e9lyes adatok megoszt\u00e1s\u00e1t\u201d \u2013 mondja Sphereon a LinkedIn- bejegyz\u00e9sben .<\/p>\n\n\n\n<p>A Governikus szerint az EUDI Wallet Prototypes projekt lehet\u0151v\u00e9 teszi sz\u00e1mukra, hogy tov\u00e1bb dolgozzanak a digit\u00e1lis szuverenit\u00e1son Eur\u00f3p\u00e1ban.<\/p>\n\n\n\n<p>&#8222;A hivatalos sz\u00f6vets\u00e9gi szem\u00e9lyi igazolv\u00e1ny alkalmaz\u00e1ssal a Governikus m\u00e1r ismeri a biztons\u00e1gos \u00e9s felhaszn\u00e1l\u00f3bar\u00e1t alkalmaz\u00e1sok fejleszt\u00e9s\u00e9t a t\u00f6rv\u00e9nyi el\u0151\u00edr\u00e1sok \u00e9s a (nemzetk\u00f6zi) szabv\u00e1nyok keretein bel\u00fcl&#8221; &#8211; \u00e1ll a v\u00e1llalat k\u00f6zlem\u00e9ny\u00e9ben.<\/p>\n\n\n\n<p>Az Animo Solutions egy LinkedIn- bejegyz\u00e9s\u00e9ben elmondta , hogy a v\u00e1llalat izgatottan v\u00e1rja az alacsonyabb szint\u0171 ny\u00edlt forr\u00e1sk\u00f3ddal kapcsolatos ismereteit az UX-t haszn\u00e1l\u00f3 digit\u00e1lis identit\u00e1salkalmaz\u00e1sok l\u00e9trehoz\u00e1s\u00e1ban.<\/p>\n\n\n\n<p>\u201eAz els\u0151 f\u00e1zisban, amelyet j\u00falius v\u00e9g\u00e9n adunk \u00e1t, egy olyan mobilt\u00e1rc\u00e1t \u00e9p\u00edt\u00fcnk, amely biztons\u00e1gosan k\u00e9pes fogadni \u00e9s bemutatni egy PID-t (SD-JWT VC \u00e9s mDL form\u00e1tumban), amely a t\u00e1rol\u00f3ban t\u00e1rolt hardverkulcsokhoz van k\u00f6tve. a mobileszk\u00f6z biztons\u00e1gos enkl\u00e1v\u00e9ja. A bizalmat az OpenID Federation seg\u00edts\u00e9g\u00e9vel fogj\u00e1k fel\u00fcgyelni\u201d \u2013 mondja a v\u00e1llalat.<\/p>\n","protected":false},"excerpt":{"rendered":"<p>N\u00e9metorsz\u00e1g hat v\u00e1llalatot v\u00e1laszt ki az EUDI Wallet protot\u00edpusverseny\u00e9re N\u00e9metorsz\u00e1g \u00faj megold\u00e1sok tesztel\u00e9s\u00e9re k\u00e9sz\u00fcl a k\u00f6zelg\u0151 Eur\u00f3pai Uni\u00f3s Digit\u00e1lis Identit\u00e1s&hellip;<\/p>\n","protected":false},"author":1,"featured_media":103,"comment_status":"closed","ping_status":"closed","sticky":false,"template":"","format":"standard","meta":{"footnotes":""},"categories":[11],"tags":[],"class_list":["post-318","post","type-post","status-publish","format-standard","has-post-thumbnail","hentry","category-digitalis-allampolgarsag-egov-eid"],"_links":{"self":[{"href":"https:\/\/digitalnews.hu\/index.php?rest_route=\/wp\/v2\/posts\/318","targetHints":{"allow":["GET"]}}],"collection":[{"href":"https:\/\/digitalnews.hu\/index.php?rest_route=\/wp\/v2\/posts"}],"about":[{"href":"https:\/\/digitalnews.hu\/index.php?rest_route=\/wp\/v2\/types\/post"}],"author":[{"embeddable":true,"href":"https:\/\/digitalnews.hu\/index.php?rest_route=\/wp\/v2\/users\/1"}],"replies":[{"embeddable":true,"href":"https:\/\/digitalnews.hu\/index.php?rest_route=%2Fwp%2Fv2%2Fcomments&post=318"}],"version-history":[{"count":1,"href":"https:\/\/digitalnews.hu\/index.php?rest_route=\/wp\/v2\/posts\/318\/revisions"}],"predecessor-version":[{"id":319,"href":"https:\/\/digitalnews.hu\/index.php?rest_route=\/wp\/v2\/posts\/318\/revisions\/319"}],"wp:featuredmedia":[{"embeddable":true,"href":"https:\/\/digitalnews.hu\/index.php?rest_route=\/wp\/v2\/media\/103"}],"wp:attachment":[{"href":"https:\/\/digitalnews.hu\/index.php?rest_route=%2Fwp%2Fv2%2Fmedia&parent=318"}],"wp:term":[{"taxonomy":"category","embeddable":true,"href":"https:\/\/digitalnews.hu\/index.php?rest_route=%2Fwp%2Fv2%2Fcategories&post=318"},{"taxonomy":"post_tag","embeddable":true,"href":"https:\/\/digitalnews.hu\/index.php?rest_route=%2Fwp%2Fv2%2Ftags&post=318"}],"curies":[{"name":"wp","href":"https:\/\/api.w.org\/{rel}","templated":true}]}}