{"id":3882,"date":"2025-07-08T20:16:43","date_gmt":"2025-07-08T18:16:43","guid":{"rendered":"https:\/\/digitalnews.hu\/?p=3882"},"modified":"2026-01-01T20:15:01","modified_gmt":"2026-01-01T18:15:01","slug":"szeles-savu-internetet-vinne-a-ma-meg-nem-elegge-lefedett-jarasokba-is-a-kormany","status":"publish","type":"post","link":"https:\/\/digitalnews.hu\/?p=3882","title":{"rendered":"Sz\u00e9les s\u00e1v\u00fa internetet vinne a ma m\u00e9g nem el\u00e9gg\u00e9 lefedett j\u00e1r\u00e1sokba is a korm\u00e1ny"},"content":{"rendered":"\n<p>Indul a Gigabit Magyarorsz\u00e1g Program, amellyel a korm\u00e1ny azokba a vid\u00e9ki j\u00e1r\u00e1sokba is elvinn\u00e9 a sz\u00e9les s\u00e1v\u00fa internetet, ahol ma m\u00e9g rosszabb a lefedetts\u00e9g. A program keret\u00e9ben 84,9 milli\u00e1rd forintnyi forr\u00e1sra p\u00e1ly\u00e1zhatnak az infrastrukt\u00fara ki\u00e9p\u00edt\u00e9s\u00e9t v\u00e9gz\u0151 infokommunik\u00e1ci\u00f3s c\u00e9gek \u2013 der\u00fcl ki az Energia\u00fcgyi Miniszt\u00e9rium k\u00f6zlem\u00e9ny\u00e9b\u0151l.<\/p>\n\n\n\n<p>\u201eAugusztust\u00f3l p\u00e1ly\u00e1zhatnak t\u00e1mogat\u00e1sra az infokommunik\u00e1ci\u00f3s \u00e1gazat v\u00e1llalkoz\u00e1sai a sz\u00e9les s\u00e1v\u00fa szolg\u00e1ltat\u00e1sok min\u0151s\u00e9g\u00e9t jav\u00edt\u00f3, a vezet\u00e9k n\u00e9lk\u00fcli lefedetts\u00e9get b\u0151v\u00edt\u0151 fejleszt\u00e9seikhez. A Gigabit Magyarorsz\u00e1g Program j\u00f3volt\u00e1b\u00f3l Budapesten k\u00edv\u00fcl az orsz\u00e1g b\u00e1rmely r\u00e9sz\u00e9ben, \u00f6sszesen ak\u00e1r 174 j\u00e1r\u00e1sban l\u00e9tes\u00fclhet nagy sebess\u00e9g\u0171 internetkapcsolat 300 ezer vid\u00e9ki csal\u00e1d, v\u00e1llalkoz\u00e1s \u00e9s int\u00e9zm\u00e9ny sz\u00e1m\u00e1ra\u201d \u2013 jelentette be Solym\u00e1r K\u00e1roly Bal\u00e1zs, az Energia\u00fcgyi Miniszt\u00e9rium infokommunik\u00e1ci\u00f3\u00e9rt felel\u0151s \u00e1llamtitk\u00e1ra.<\/p>\n\n\n\n<p>Arra nem t\u00e9r ki a k\u00f6zlem\u00e9ny, hogy ez a program Digit\u00e1lis Meg\u00fajul\u00e1s Operat\u00edv Program Plusz (DIMOP Plusz) r\u00e9szek\u00e9nt val\u00f3sul meg. A <a href=\"https:\/\/www.palyazat.gov.hu\/programok\/szechenyi-terv-plusz\/dimop-plusz\" target=\"_blank\" rel=\"noreferrer noopener\">DIMOP Plusz<\/a> forr\u00e1skeret\u00e9nek 80 sz\u00e1zal\u00e9ka uni\u00f3s forr\u00e1s.<\/p>\n\n\n<div class=\"wp-block-image\">\n<figure class=\"aligncenter size-full\"><img loading=\"lazy\" decoding=\"async\" width=\"749\" height=\"416\" src=\"https:\/\/digitalnews.hu\/wp-content\/uploads\/2025\/07\/DIMOP.jpg\" alt=\"\" class=\"wp-image-3886\" srcset=\"https:\/\/digitalnews.hu\/wp-content\/uploads\/2025\/07\/DIMOP.jpg 749w, https:\/\/digitalnews.hu\/wp-content\/uploads\/2025\/07\/DIMOP-600x333.jpg 600w\" sizes=\"auto, (max-width: 749px) 100vw, 749px\" \/><\/figure>\n<\/div>\n\n\n<p>Magyarorsz\u00e1g uni\u00f3s \u00f6sszehasonl\u00edt\u00e1sban is j\u00f3l \u00e1ll a digit\u00e1lis infrastrukt\u00fara ki\u00e9p\u00edtetts\u00e9g\u00e9ben. A hazai gigabitk\u00e9pes lefedetts\u00e9g m\u00e1r tavalyel\u0151tt meghaladta a 80 sz\u00e1zal\u00e9kot. Az \u00faj program a m\u00e9g nem megfelel\u0151en ell\u00e1tott ter\u00fcletekre juttathatja el a sz\u00e9les s\u00e1v\u00fa internetet a szektor c\u00e9geinek \u00f6szt\u00f6nz\u00e9s\u00e9vel \u2013 \u00edrja a k\u00f6zlem\u00e9ny.<\/p>\n\n\n\n<p>Az eur\u00f3pai sz\u00e9les s\u00e1v\u00fa lefedetts\u00e9get vizsg\u00e1l\u00f3, az Eur\u00f3pai Bizotts\u00e1gnak k\u00e9sz\u00edtett <a href=\"https:\/\/op.europa.eu\/en\/publication-detail\/-\/publication\/57cb0655-4734-11f0-85ba-01aa75ed71a1\/language-en\">legut\u00f3bbi jelent\u00e9s<\/a> szerint az \u00fagynevezett k\u00f6vetkez\u0151 gener\u00e1ci\u00f3s hozz\u00e1f\u00e9r\u00e9st biztos\u00edt\u00f3 h\u00e1l\u00f3zatok vid\u00e9ki lefedetts\u00e9g\u00e9nek uni\u00f3s \u00e1tlaga tavaly j\u00faniusban 82,6 sz\u00e1zal\u00e9kos volt. Teljes lefedetts\u00e9get addigra \u00cdrorsz\u00e1g, Ciprus \u00e9s M\u00e1lta \u00e9rt el. Rajtuk k\u00edv\u00fcl tov\u00e1bbi \u00f6t eur\u00f3pai orsz\u00e1g tartott 95 sz\u00e1zal\u00e9k feletti lefedetts\u00e9gn\u00e9l, ezek egyike Magyarorsz\u00e1g volt, a m\u00e1sik n\u00e9gy Sv\u00e1jc, az Egyes\u00fclt Kir\u00e1lys\u00e1g, Hollandia \u00e9s Belgium. Magyarorsz\u00e1g teljes vezet\u00e9kes sz\u00e9les s\u00e1v\u00fa lefedetts\u00e9ge 98,1 sz\u00e1zal\u00e9kos volt, ezen bel\u00fcl a vid\u00e9ki lefedetts\u00e9g 97,3 sz\u00e1zal\u00e9kos, mindkett\u0151ben az uni\u00f3s \u00e1tlag felett \u00e1lltunk. Az 5G-lefedetts\u00e9g ter\u00e9n viszont m\u00e9g elmaradtunk az \u00e1tlagt\u00f3l, k\u00fcl\u00f6n\u00f6sen vid\u00e9ken.<\/p>\n\n\n\n<p>A Gigabit Magyarorsz\u00e1g Programban biztos\u00edtott vissza nem t\u00e9r\u00edtend\u0151 t\u00e1mogat\u00e1st az infokommunik\u00e1ci\u00f3s \u00e1gazatban m\u0171k\u00f6d\u0151 mikro-, kis-, k\u00f6z\u00e9p- \u00e9s nagyv\u00e1llalkoz\u00e1sok ig\u00e9nyelhetik. Egy projekthez 10 sz\u00e1zal\u00e9kos \u00f6ner\u0151 mellett 20 milli\u00f3 forintt\u00f3l 3,5 milli\u00e1rd forintig terjed\u0151 forr\u00e1s nyerhet\u0151 el a 84,86 milli\u00e1rd forintos teljes keret\u00f6sszegb\u0151l. El\u0151legk\u00e9nt legfeljebb a meg\u00edt\u00e9lt t\u00e1mogat\u00e1s negyede, kkv-k eset\u00e9ben pedig maximum f\u00e9lmilli\u00e1rd forint fizethet\u0151 ki.<\/p>\n\n\n\n<p>A p\u00e1ly\u00e1zatokat j\u00e1r\u00e1sok szerint k\u00e9t szakaszban, els\u0151k\u00e9nt 2025. augusztus 8. \u00e9s 26., majd 2025. szeptember 26. \u00e9s okt\u00f3ber 21. k\u00f6z\u00f6tt lehet beny\u00fajtani. A r\u00e9szletes dokument\u00e1ci\u00f3 m\u00e1r el\u00e9rhet\u0151 a <a href=\"https:\/\/www.palyazat.gov.hu\/kozlemenyek\/megjelent-a-gigabit-magyarorszag-program-cimu-dimop-plusz-3-1-2-25-kodszamu-felhivas\" target=\"_blank\" rel=\"noreferrer noopener\">palyazat.gov.hu<\/a> oldalon. A t\u00e1mogatott beruh\u00e1z\u00e1sok megval\u00f3s\u00edt\u00e1s\u00e1nak v\u00e9gs\u0151 hat\u00e1rideje 2028 v\u00e9ge.<\/p>\n\n\n\n<p><mark style=\"background-color:#9b51e0\" class=\"has-inline-color has-white-color\">Tov\u00e1bb a cikkre:<\/mark> <a href=\"https:\/\/telex.hu\/techtud\/2025\/07\/08\/internet-mobilinternet-mobilnet-lefedettseg-gigabit-magyarorszag-program-palyazat\" target=\"_blank\" rel=\"noreferrer noopener\">Telex.hu<\/a><\/p>\n","protected":false},"excerpt":{"rendered":"<p>Indul a Gigabit Magyarorsz\u00e1g Program, amellyel a korm\u00e1ny azokba a vid\u00e9ki j\u00e1r\u00e1sokba is elvinn\u00e9 a sz\u00e9les s\u00e1v\u00fa internetet, ahol ma&hellip;<\/p>\n","protected":false},"author":1,"featured_media":3883,"comment_status":"closed","ping_status":"closed","sticky":false,"template":"","format":"standard","meta":{"footnotes":""},"categories":[14],"tags":[],"class_list":["post-3882","post","type-post","status-publish","format-standard","has-post-thumbnail","hentry","category-tavkozles"],"_links":{"self":[{"href":"https:\/\/digitalnews.hu\/index.php?rest_route=\/wp\/v2\/posts\/3882","targetHints":{"allow":["GET"]}}],"collection":[{"href":"https:\/\/digitalnews.hu\/index.php?rest_route=\/wp\/v2\/posts"}],"about":[{"href":"https:\/\/digitalnews.hu\/index.php?rest_route=\/wp\/v2\/types\/post"}],"author":[{"embeddable":true,"href":"https:\/\/digitalnews.hu\/index.php?rest_route=\/wp\/v2\/users\/1"}],"replies":[{"embeddable":true,"href":"https:\/\/digitalnews.hu\/index.php?rest_route=%2Fwp%2Fv2%2Fcomments&post=3882"}],"version-history":[{"count":3,"href":"https:\/\/digitalnews.hu\/index.php?rest_route=\/wp\/v2\/posts\/3882\/revisions"}],"predecessor-version":[{"id":5927,"href":"https:\/\/digitalnews.hu\/index.php?rest_route=\/wp\/v2\/posts\/3882\/revisions\/5927"}],"wp:featuredmedia":[{"embeddable":true,"href":"https:\/\/digitalnews.hu\/index.php?rest_route=\/wp\/v2\/media\/3883"}],"wp:attachment":[{"href":"https:\/\/digitalnews.hu\/index.php?rest_route=%2Fwp%2Fv2%2Fmedia&parent=3882"}],"wp:term":[{"taxonomy":"category","embeddable":true,"href":"https:\/\/digitalnews.hu\/index.php?rest_route=%2Fwp%2Fv2%2Fcategories&post=3882"},{"taxonomy":"post_tag","embeddable":true,"href":"https:\/\/digitalnews.hu\/index.php?rest_route=%2Fwp%2Fv2%2Ftags&post=3882"}],"curies":[{"name":"wp","href":"https:\/\/api.w.org\/{rel}","templated":true}]}}