{"id":3896,"date":"2025-07-08T20:43:57","date_gmt":"2025-07-08T18:43:57","guid":{"rendered":"https:\/\/digitalnews.hu\/?p=3896"},"modified":"2026-01-01T20:15:47","modified_gmt":"2026-01-01T18:15:47","slug":"all-a-bal-mert-zuckerberg-egy-titkos-listat-allitott-ossze-es-megdobbent-az-egesz-techvilag-hogy-mire-is-keszul","status":"publish","type":"post","link":"https:\/\/digitalnews.hu\/?p=3896","title":{"rendered":"\u00c1ll a b\u00e1l, mert Zuckerberg egy titkos list\u00e1t \u00e1ll\u00edtott \u00f6ssze \u00e9s megd\u00f6bbent az eg\u00e9sz techvil\u00e1g, hogy mire is k\u00e9sz\u00fcl"},"content":{"rendered":"\n<p>Ak\u00e1r 100 milli\u00f3 doll\u00e1ros aj\u00e1nlatokkal cs\u00e1b\u00edtan\u00e1 el a konkurencia legjobb MI-szakembereit a Meta vez\u00e9rigazgat\u00f3ja, amit Sam Altman, az OpenAI vezet\u0151je \u201e\u0151r\u00fclts\u00e9gnek\u201d nevezett. Zuckerberg egy titkos list\u00e1t is \u00f6sszedobott.<\/p>\n\n\n\n<p>Mark Zuckerberg \u201etitkos list\u00e1ja\u201d felforgatta a mesters\u00e9ges intelligencia vil\u00e1g\u00e1t<\/p>\n\n\n\n<p>\u00dajabb r\u00e9szletek der\u00fcltel ki a Facebook-vez\u00e9r nagy terv\u00e9r\u0151l. Mark Zuckerberg, a Meta vez\u00e9rigazgat\u00f3ja h\u00f3napokat t\u00f6lt\u00f6tt azzal, hogy titokban \u00f6ssze\u00e1ll\u00edtson egy list\u00e1t a vil\u00e1g legjobb mesters\u00e9ges intelligencia-kutat\u00f3ir\u00f3l \u00e9s m\u00e9rn\u00f6keir\u0151l, akiket szerinte \u00e9rdemes lenne elcs\u00e1b\u00edtani a c\u00e9g\u00e9hez. A tech vil\u00e1gban gyorsan terjed a h\u00edr, hogy Zuckerberg szem\u00e9lyesen is r\u00e9szt vesz a toborz\u00e1sban, \u00e9s a sz\u00f3besz\u00e9d szerint ak\u00e1r 100 milli\u00f3 doll\u00e1ros fizet\u00e9si csomagokat is felaj\u00e1nl a kiv\u00e1lasztottaknak.<\/p>\n\n\n\n<p>A The Guardian \u00e1ll\u00e1spontja szerint l\u00e9p\u00e9s a mesters\u00e9ges intelligencia ipar\u00e1gban robban\u00e1sszer\u0171 hat\u00e1st v\u00e1ltott ki, mivel a Meta \u00e9les versenyben \u00e1ll olyan \u00f3ri\u00e1sokkal, mint az OpenAI, a Google, a Microsoft \u00e9s az Amazon. Ezek a v\u00e1llalatok az ut\u00f3bbi \u00e9vekben doll\u00e1rmilli\u00e1rdokat \u00f6ltek MI-fejleszt\u00e9sekbe, hogy vezet\u0151 szerepet t\u00f6ltsenek be a j\u00f6v\u0151 technol\u00f3gi\u00e1iban.<\/p>\n\n\n\n<p>A Wall Street Journal besz\u00e1mol\u00f3ja szerint Zuckerberg k\u00f6zvetlen\u00fcl is megkereste az \u00e1ltala kiszemelt szakembereket \u2013 k\u00f6zt\u00fck t\u00f6bb olyan tehets\u00e9get is, akik jelenleg a Meta legnagyobb riv\u00e1lisain\u00e1l dolgoznak. A lista \u00e1ll\u00edt\u00f3lag mag\u00e1ban foglalja a Kaliforniai Egyetem (Berkeley) \u00e9s a Carnegie Mellon frissen v\u00e9gzett PhD-hallgat\u00f3it, valamint olyan kutat\u00f3kat, akik jelenleg az OpenAI-n\u00e1l vagy a Google DeepMindn\u00e1l tev\u00e9kenykednek.<\/p>\n\n\n\n<p>A Meta toborz\u00e1si strat\u00e9gi\u00e1j\u00e1nak k\u00f6zponti eleme egy bels\u0151, \u201eToborz\u00f3p\u00e1rt\u201d nev\u0171 WhatsApp-csoport, amelyen Zuckerberg \u00e9s k\u00e9t m\u00e1sik fels\u0151vezet\u0151 egyeztet a potenci\u00e1lis jel\u00f6ltekr\u0151l. A jelent\u00e9sek szerint a Meta vez\u00e9re kutat\u00e1si anyagokat b\u00f6ng\u00e9szve pr\u00f3b\u00e1lja azonos\u00edtani azokat a neveket, akiket szem\u00e9lyesen keres meg.<\/p>\n\n\n\n<p>Zuckerberg c\u00e9lja egy \u00faj MI-elit ki\u00e9p\u00edt\u00e9se. A h\u00f3nap elej\u00e9n a Meta 14 milli\u00e1rd doll\u00e1ros befektet\u00e9st hajtott v\u00e9gre a Scale AI nev\u0171 c\u00e9gbe, \u00e9s a mind\u00f6ssze 28 \u00e9ves alap\u00edt\u00f3t, Alexandr Wangot nevezte ki a \u201eszuperintelligencia csapat\u201d vezet\u0151j\u00e9v\u00e9. Ez a bels\u0151 laborat\u00f3rium egy olyan mesters\u00e9ges intelligenciarendszer kifejleszt\u00e9s\u00e9re \u00f6sszpontos\u00edt, amely elm\u00e9letileg intelligensebb lehet az embern\u00e9l is.<\/p>\n\n\n\n<p>A Meta dominanci\u00e1ra t\u00f6rekv\u0151 strat\u00e9gi\u00e1ja azonban nem mindenkinek nyerte el a tetsz\u00e9s\u00e9t. Sam Altman, az OpenAI vez\u00e9rigazgat\u00f3ja ny\u00edltan b\u00edr\u00e1lta a m\u00f3dszereket. Egy podcastban \u00fagy fogalmazott:<br>\u201e\u0150r\u00fclts\u00e9g ekkora garant\u00e1lt kompenz\u00e1ci\u00f3kat adni. Ha ez az els\u0151dleges motiv\u00e1ci\u00f3, \u00e9s nem a munka vagy a k\u00fcldet\u00e9s, abb\u00f3l nem lesz j\u00f3 kult\u00fara.\u201d<\/p>\n\n\n\n<p>Altman hozz\u00e1tette, hogy egyel\u0151re senki a legjobb embereik k\u00f6z\u00fcl nem fogadta el a Meta aj\u00e1nlat\u00e1t, de szerinte ez a megk\u00f6zel\u00edt\u00e9s hossz\u00fa t\u00e1von nem kifizet\u0151d\u0151.<\/p>\n\n\n\n<p><mark style=\"background-color:#9b51e0\" class=\"has-inline-color has-white-color\">Tov\u00e1bb a cikkre:<\/mark> <a href=\"https:\/\/mediapiac.com\/2025\/07\/01\/alla-a-bal-mert-zuckerberg-egy-titkos-listat-allitott-ossze-es-megdobbent-az-egesz-techvilag-hogy-mire-is-keszul\/\" target=\"_blank\" rel=\"noreferrer noopener\">mediapiac.com<\/a> \u00e9s <a href=\"https:\/\/www.theguardian.com\/us-news\/2025\/jun\/28\/mark-zuckerberg-ai-list\" target=\"_blank\" rel=\"noreferrer noopener\">theguardian.com<\/a> \u00e9s <a href=\"https:\/\/www.wsj.com\/tech\/meta-ai-recruiting-mark-zuckerberg-openai-018ed7fc?st=QLvEmM&amp;reflink=desktopwebshare_permalink&amp;utm_source=newsletter&amp;utm_medium=email&amp;utm_campaign=newsletter_axiosam&amp;stream=top\" target=\"_blank\" rel=\"noreferrer noopener\">wsj.com<\/a><\/p>\n","protected":false},"excerpt":{"rendered":"<p>Ak\u00e1r 100 milli\u00f3 doll\u00e1ros aj\u00e1nlatokkal cs\u00e1b\u00edtan\u00e1 el a konkurencia legjobb MI-szakembereit a Meta vez\u00e9rigazgat\u00f3ja, amit Sam Altman, az OpenAI vezet\u0151je&hellip;<\/p>\n","protected":false},"author":1,"featured_media":3897,"comment_status":"closed","ping_status":"closed","sticky":false,"template":"","format":"standard","meta":{"footnotes":""},"categories":[4],"tags":[],"class_list":["post-3896","post","type-post","status-publish","format-standard","has-post-thumbnail","hentry","category-ai-agi-chat-gpt-gemini"],"_links":{"self":[{"href":"https:\/\/digitalnews.hu\/index.php?rest_route=\/wp\/v2\/posts\/3896","targetHints":{"allow":["GET"]}}],"collection":[{"href":"https:\/\/digitalnews.hu\/index.php?rest_route=\/wp\/v2\/posts"}],"about":[{"href":"https:\/\/digitalnews.hu\/index.php?rest_route=\/wp\/v2\/types\/post"}],"author":[{"embeddable":true,"href":"https:\/\/digitalnews.hu\/index.php?rest_route=\/wp\/v2\/users\/1"}],"replies":[{"embeddable":true,"href":"https:\/\/digitalnews.hu\/index.php?rest_route=%2Fwp%2Fv2%2Fcomments&post=3896"}],"version-history":[{"count":2,"href":"https:\/\/digitalnews.hu\/index.php?rest_route=\/wp\/v2\/posts\/3896\/revisions"}],"predecessor-version":[{"id":5930,"href":"https:\/\/digitalnews.hu\/index.php?rest_route=\/wp\/v2\/posts\/3896\/revisions\/5930"}],"wp:featuredmedia":[{"embeddable":true,"href":"https:\/\/digitalnews.hu\/index.php?rest_route=\/wp\/v2\/media\/3897"}],"wp:attachment":[{"href":"https:\/\/digitalnews.hu\/index.php?rest_route=%2Fwp%2Fv2%2Fmedia&parent=3896"}],"wp:term":[{"taxonomy":"category","embeddable":true,"href":"https:\/\/digitalnews.hu\/index.php?rest_route=%2Fwp%2Fv2%2Fcategories&post=3896"},{"taxonomy":"post_tag","embeddable":true,"href":"https:\/\/digitalnews.hu\/index.php?rest_route=%2Fwp%2Fv2%2Ftags&post=3896"}],"curies":[{"name":"wp","href":"https:\/\/api.w.org\/{rel}","templated":true}]}}