{"id":3916,"date":"2025-07-08T22:20:31","date_gmt":"2025-07-08T20:20:31","guid":{"rendered":"https:\/\/digitalnews.hu\/?p=3916"},"modified":"2026-01-01T20:18:38","modified_gmt":"2026-01-01T18:18:38","slug":"uj-technologiat-fejlesztettek-ki-az-agy-magneses-mezok-segitsegevel-torteno-iranyitasara","status":"publish","type":"post","link":"https:\/\/digitalnews.hu\/?p=3916","title":{"rendered":"\u00daj technol\u00f3gi\u00e1t fejlesztettek ki az agy m\u00e1gneses mez\u0151k seg\u00edts\u00e9g\u00e9vel t\u00f6rt\u00e9n\u0151 ir\u00e1ny\u00edt\u00e1s\u00e1ra"},"content":{"rendered":"\n<p>Nano-MIND technol\u00f3gia az agyi \u00e1ramk\u00f6r\u00f6k vezet\u00e9k n\u00e9lk\u00fcli vez\u00e9rl\u00e9s\u00e9hez, amely k\u00e9pes modul\u00e1lni az \u00e9rzelmeket, a t\u00e1rsas viselked\u00e9st \u00e9s az \u00e9tv\u00e1gyat<\/p>\n\n\n\n<p>A d\u00e9l-koreai Yonsei Egyetem \u00e9s az Institute for Basic Science (IBS) Nanomedicina K\u00f6zpontj\u00e1nak kutat\u00f3i egy \u00e1tt\u00f6r\u00e9st jelent\u0151 technol\u00f3gi\u00e1t mutattak be, amely m\u00e1gneses mez\u0151k seg\u00edts\u00e9g\u00e9vel k\u00e9pes manipul\u00e1lni az agy bizonyos ter\u00fcleteit, felt\u00e1rva ezzel olyan magas szint\u0171 agyi funkci\u00f3k titkait, mint a kogn\u00edci\u00f3, az \u00e9rzelmek \u00e9s a motiv\u00e1ci\u00f3. A csapat kifejlesztette a vil\u00e1g els\u0151 Nano-MIND (Magnetogenetic Interface for NeuroDynamics) technol\u00f3gi\u00e1j\u00e1t, amely lehet\u0151v\u00e9 teszi bizonyos m\u00e9lyagyi idegi \u00e1ramk\u00f6r\u00f6k vezet\u00e9k n\u00e9lk\u00fcli, t\u00e1voli \u00e9s prec\u00edz modul\u00e1ci\u00f3j\u00e1t m\u00e1gnesess\u00e9g seg\u00edts\u00e9g\u00e9vel.<\/p>\n\n\n\n<p>Az emberi agy t\u00f6bb mint 100 milli\u00e1rd neuront tartalmaz, amelyek egy komplex h\u00e1l\u00f3zatban kapcsol\u00f3dnak egym\u00e1shoz. Az idegi \u00e1ramk\u00f6r\u00f6k szab\u00e1lyoz\u00e1sa kulcsfontoss\u00e1g\u00fa a magasabb szint\u0171 agyi funkci\u00f3k, p\u00e9ld\u00e1ul a kogn\u00edci\u00f3, az \u00e9rzelmek \u00e9s a t\u00e1rsas viselked\u00e9s meg\u00e9rt\u00e9s\u00e9hez, valamint a k\u00fcl\u00f6nf\u00e9le agyi rendelleness\u00e9gek okainak azonos\u00edt\u00e1s\u00e1hoz. Az agyi funkci\u00f3k szab\u00e1lyoz\u00e1s\u00e1ra szolg\u00e1l\u00f3 \u00faj technol\u00f3gi\u00e1knak k\u00f6vetkezm\u00e9nyei vannak az agy-sz\u00e1m\u00edt\u00f3g\u00e9p interf\u00e9szek (BCI-k) fejleszt\u00e9s\u00e9re is, mint p\u00e9ld\u00e1ul a Neuralink \u00e1ltal fejlesztettek, amelyek c\u00e9lja a k\u00fcls\u0151 eszk\u00f6z\u00f6k puszta gondolattal t\u00f6rt\u00e9n\u0151 vez\u00e9rl\u00e9s\u00e9nek lehet\u0151v\u00e9 t\u00e9tele.<\/p>\n\n\n\n<p>M\u00edg a m\u00e1gneses mez\u0151ket r\u00e9g\u00f3ta haszn\u00e1lj\u00e1k az orvosi k\u00e9palkot\u00e1sban biztons\u00e1goss\u00e1guk \u00e9s a biol\u00f3giai sz\u00f6vetekbe val\u00f3 behatol\u00e1s k\u00e9pess\u00e9g\u00fck miatt, az agyi \u00e1ramk\u00f6r\u00f6k m\u00e1gneses mez\u0151kkel t\u00f6rt\u00e9n\u0151 pontos szab\u00e1lyoz\u00e1sa jelent\u0151s kih\u00edv\u00e1st jelent a tud\u00f3sok sz\u00e1m\u00e1ra.<\/p>\n\n\n\n<p>Az IBS kutat\u00f3i sikeresen kifejlesztettek egy \u00e9lvonalbeli magnetogenetikai technol\u00f3gi\u00e1t, a Nano-MIND-et, amely lehet\u0151v\u00e9 teszi bizonyos agyter\u00fcletek vezet\u00e9k n\u00e9lk\u00fcli \u00e9s t\u00e1vvez\u00e9rl\u00e9s\u00e9t, hogy \u00f6sszetett agyi funkci\u00f3kat, p\u00e9ld\u00e1ul \u00e9rzelmeket, t\u00e1rsas viselked\u00e9st \u00e9s motiv\u00e1ci\u00f3t modul\u00e1ljanak \u00e1llatokn\u00e1l. Ez a fejlett technol\u00f3gia m\u00e1gneses mez\u0151ket \u00e9s m\u00e1gnesezett nanor\u00e9szecsk\u00e9ket haszn\u00e1l fel a c\u00e9lzott agyi \u00e1ramk\u00f6r\u00f6k szelekt\u00edv aktiv\u00e1l\u00e1s\u00e1ra. A legfontosabb innov\u00e1ci\u00f3 a nano-magnetoreceptorok szelekt\u00edv expresszi\u00f3j\u00e1ban rejlik bizonyos neuron\u00e1lis t\u00edpusokban \u00e9s agyi \u00e1ramk\u00f6r\u00f6kben, \u00e9s forg\u00f3 m\u00e1gneses mez\u0151kkel t\u00f6rt\u00e9n\u0151 aktiv\u00e1l\u00e1s\u00e1ban prec\u00edz pillanatokban, lehet\u0151v\u00e9 t\u00e9ve az idegi aktivit\u00e1s t\u00e9rbeli \u00e9s id\u0151beli szab\u00e1lyoz\u00e1s\u00e1t.<\/p>\n\n\n\n<p>A Nano-MIND technol\u00f3gia el\u0151sz\u00f6r is bizony\u00edtotta k\u00e9pess\u00e9g\u00e9t az\u00e1ltal, hogy szelekt\u00edven aktiv\u00e1lja a g\u00e1tl\u00f3 GABA-receptorokat a medi\u00e1lis preoptikus ter\u00fcleten (MPOA), amely az anyai viselked\u00e9s\u00e9rt felel\u0151s. Ezen neuronok aktiv\u00e1l\u00f3d\u00e1sa a nem anyai n\u0151st\u00e9ny egerekben jelent\u0151sen fokozta a gondoskod\u00f3 viselked\u00e9st, p\u00e9ld\u00e1ul a k\u00f6lyk\u00f6k f\u00e9szk\u00fckbe vitel\u00e9t, hasonl\u00f3an az anyai egerekhez.<\/p>\n\n\n\n<p>Ezenk\u00edv\u00fcl a technol\u00f3gi\u00e1t a later\u00e1lis hipotalamusz motiv\u00e1ci\u00f3s \u00e1ramk\u00f6reinek megc\u00e9lz\u00e1s\u00e1val a t\u00e1pl\u00e1lkoz\u00e1si viselked\u00e9s szab\u00e1lyoz\u00e1s\u00e1ra is alkalmazt\u00e1k. Az ezeken a ter\u00fcleteken tal\u00e1lhat\u00f3 g\u00e1tl\u00f3 neuronok aktiv\u00e1l\u00e1sa az \u00e9tv\u00e1gy \u00e9s a t\u00e1pl\u00e1lkoz\u00e1si viselked\u00e9s 100%-os n\u00f6veked\u00e9s\u00e9t eredm\u00e9nyezte egerekben. Ezzel szemben a serkent\u0151 neuronok aktiv\u00e1l\u00e1sa az \u00e9tv\u00e1gy \u00e9s a t\u00e1pl\u00e1lkoz\u00e1si viselked\u00e9s t\u00f6bb mint 50%-os cs\u00f6kken\u00e9s\u00e9hez vezetett.<\/p>\n\n\n\n<p>Ezek az eredm\u00e9nyek azt mutatj\u00e1k, hogy a nano-MIND technol\u00f3gia szelekt\u00edven aktiv\u00e1lhatja a k\u00edv\u00e1nt agyi \u00e1ramk\u00f6r\u00f6ket a magasabb szint\u0171 agyi funkci\u00f3k k\u00e9tir\u00e1ny\u00fa modul\u00e1l\u00e1s\u00e1hoz, megnyitva az utat az idegtudom\u00e1ny fejl\u0151d\u00e9se \u00e9s a potenci\u00e1lis ter\u00e1pi\u00e1s alkalmaz\u00e1sok el\u0151tt.<\/p>\n\n\n\n<p>A Nanomedicin\u00e1lis K\u00f6zpont igazgat\u00f3ja, CHEON Jinwoo kijelentette: \u201eEz a vil\u00e1g els\u0151 olyan technol\u00f3gi\u00e1ja, amely m\u00e1gneses mez\u0151k seg\u00edts\u00e9g\u00e9vel szabadon szab\u00e1lyozhat bizonyos agyter\u00fcleteket. Arra sz\u00e1m\u00edtunk, hogy sz\u00e9les k\u00f6rben alkalmazz\u00e1k majd az agyfunkci\u00f3k meg\u00e9rt\u00e9s\u00e9t c\u00e9lz\u00f3 kutat\u00e1sokban, a kifinomult mesters\u00e9ges neur\u00e1lis h\u00e1l\u00f3zatokban, a k\u00e9tir\u00e1ny\u00fa BCI-technol\u00f3gi\u00e1kban \u00e9s a neurol\u00f3giai rendelleness\u00e9gek \u00faj kezel\u00e9si m\u00f3djaiban.\u201d<\/p>\n\n\n\n<p><mark style=\"background-color:#9b51e0\" class=\"has-inline-color has-white-color\">Tov\u00e1bb a cikkre:<\/mark> <a href=\"https:\/\/www.eurekalert.org\/news-releases\/1051652\">eurekalert.com<\/a> \u00e9s <a href=\"https:\/\/www.theengineer.co.uk\/content\/news\/brain-circuits-selectively-activated-with-nano-mind\/\" target=\"_blank\" rel=\"noreferrer noopener\">theengineer.co.uk<\/a><\/p>\n","protected":false},"excerpt":{"rendered":"<p>Nano-MIND technol\u00f3gia az agyi \u00e1ramk\u00f6r\u00f6k vezet\u00e9k n\u00e9lk\u00fcli vez\u00e9rl\u00e9s\u00e9hez, amely k\u00e9pes modul\u00e1lni az \u00e9rzelmeket, a t\u00e1rsas viselked\u00e9st \u00e9s az \u00e9tv\u00e1gyat A&hellip;<\/p>\n","protected":false},"author":1,"featured_media":3917,"comment_status":"open","ping_status":"closed","sticky":false,"template":"","format":"standard","meta":{"footnotes":""},"categories":[1],"tags":[],"class_list":["post-3916","post","type-post","status-publish","format-standard","has-post-thumbnail","hentry","category-egyeb"],"_links":{"self":[{"href":"https:\/\/digitalnews.hu\/index.php?rest_route=\/wp\/v2\/posts\/3916","targetHints":{"allow":["GET"]}}],"collection":[{"href":"https:\/\/digitalnews.hu\/index.php?rest_route=\/wp\/v2\/posts"}],"about":[{"href":"https:\/\/digitalnews.hu\/index.php?rest_route=\/wp\/v2\/types\/post"}],"author":[{"embeddable":true,"href":"https:\/\/digitalnews.hu\/index.php?rest_route=\/wp\/v2\/users\/1"}],"replies":[{"embeddable":true,"href":"https:\/\/digitalnews.hu\/index.php?rest_route=%2Fwp%2Fv2%2Fcomments&post=3916"}],"version-history":[{"count":2,"href":"https:\/\/digitalnews.hu\/index.php?rest_route=\/wp\/v2\/posts\/3916\/revisions"}],"predecessor-version":[{"id":5936,"href":"https:\/\/digitalnews.hu\/index.php?rest_route=\/wp\/v2\/posts\/3916\/revisions\/5936"}],"wp:featuredmedia":[{"embeddable":true,"href":"https:\/\/digitalnews.hu\/index.php?rest_route=\/wp\/v2\/media\/3917"}],"wp:attachment":[{"href":"https:\/\/digitalnews.hu\/index.php?rest_route=%2Fwp%2Fv2%2Fmedia&parent=3916"}],"wp:term":[{"taxonomy":"category","embeddable":true,"href":"https:\/\/digitalnews.hu\/index.php?rest_route=%2Fwp%2Fv2%2Fcategories&post=3916"},{"taxonomy":"post_tag","embeddable":true,"href":"https:\/\/digitalnews.hu\/index.php?rest_route=%2Fwp%2Fv2%2Ftags&post=3916"}],"curies":[{"name":"wp","href":"https:\/\/api.w.org\/{rel}","templated":true}]}}