{"id":3942,"date":"2025-07-10T14:37:14","date_gmt":"2025-07-10T12:37:14","guid":{"rendered":"https:\/\/digitalnews.hu\/?p=3942"},"modified":"2026-01-01T20:22:35","modified_gmt":"2026-01-01T18:22:35","slug":"musk-muholdjai-is-beszallnak-az-ukran-mobilinfrastrukturaba","status":"publish","type":"post","link":"https:\/\/digitalnews.hu\/?p=3942","title":{"rendered":"Musk m\u0171holdjai is besz\u00e1llnak az ukr\u00e1n mobilinfrastrukt\u00far\u00e1ba"},"content":{"rendered":"\n<p>Az \u00e9v v\u00e9g\u00e9t\u0151l Elon Musk \u0171ripari c\u00e9ge, a SpaceX seg\u00edti a f\u00f6ldi mobilh\u00e1l\u00f3zatok z\u00f6kken\u0151mentes m\u0171k\u00f6d\u00e9s\u00e9t a h\u00e1bor\u00fa s\u00fajtotta Ukrajn\u00e1ban. A Kyivstar az els\u0151 olyan szolg\u00e1ltat\u00f3 lehet Eur\u00f3p\u00e1ban, mely a Starlink h\u00e1l\u00f3zat m\u0171holdjain kereszt\u00fcli kieg\u00e9sz\u00edt\u0151 szolg\u00e1ltat\u00e1st bevezeti k\u00edn\u00e1lat\u00e1ba.<br>Eur\u00f3p\u00e1ban is elindulhat a Starlink m\u0171holdh\u00e1l\u00f3zaton kereszt\u00fcl ny\u00fajtott kereskedelmi mobilszolg\u00e1ltat\u00e1s, amerikai mint\u00e1ra \u00e9p\u00fclve, azaz egy megl\u00e9v\u0151, f\u00f6ldi szolg\u00e1ltat\u00f3val k\u00f6t\u00f6tt meg\u00e1llapod\u00e1s r\u00e9v\u00e9n. Az els\u0151 eur\u00f3pai partner a h\u00e1bor\u00fa s\u00fajtotta Ukrajna legnagyobb telekommunik\u00e1ci\u00f3s szolg\u00e1ltat\u00f3ja, a Kyivstar lesz.<\/p>\n\n\n\n<p>A k\u00e9t v\u00e1llalat k\u00f6zt tavaly \u00e9v v\u00e9g\u00e9n l\u00e9trej\u00f6tt meg\u00e1llapod\u00e1s \u00e9rtelm\u00e9ben az els\u0151 tesztek m\u00e1r meg is kezd\u0151dtek a h\u00e1l\u00f3zatok \u00f6sszekapcsol\u00e1s\u00e1val, ha pedig minden a terv szerint halad, a kereskedelmi szolg\u00e1ltat\u00e1s pedig az \u00e9v v\u00e9g\u00e9n indulhat el, el\u0151sz\u00f6r kiz\u00e1r\u00f3lag \u00fczenetk\u00fcld\u00e9sre f\u00f3kusz\u00e1lva, k\u00e9s\u0151bb &#8211; j\u00f6v\u0151 \u00e9v k\u00f6zep\u00e9n &#8211; pedig m\u00e1r mobil sz\u00e9less\u00e1v\u00fa szolg\u00e1ltat\u00e1s is el\u00e9rhet\u0151 lesz majd az orsz\u00e1gban &#8211; nyilatkozta a Reutersnek Olekszandr Komarov, a szolg\u00e1ltat\u00f3 vez\u00e9rigazgat\u00f3ja.<\/p>\n\n\n\n<p>A SpaceX bevon\u00e1sa az ukr\u00e1n telekommunik\u00e1ci\u00f3s infrastrukt\u00fara m\u0171k\u00f6d\u00e9s\u00e9be jelent\u0151s fegyvert\u00e9ny lehet az orsz\u00e1got 2022 elej\u00e9n megt\u00e1mad\u00f3 Oroszorsz\u00e1ggal szemben, mely a h\u00e1bor\u00fa eddigi \u00e9veiben sz\u00e1mos alkalommal m\u00e9rt csap\u00e1st az ukr\u00e1n kritikus infrastrukt\u00far\u00e1kra, bele\u00e9rtve a telekommunik\u00e1ci\u00f3s h\u00e1l\u00f3zatokat.<\/p>\n\n\n\n<p>Az orsz\u00e1g t\u00e1vk\u00f6zl\u00e9si infrastrukt\u00far\u00e1ja ugyanakkor nem szenvedett helyrehozhatatlan k\u00e1rokat, b\u00e1r els\u0151sorban az \u00e1ramsz\u00fcnetek miatt el\u0151fordultak orsz\u00e1gos kies\u00e9sek is, illetve volt, amikor kibert\u00e1mad\u00e1s b\u00e9n\u00edtotta meg r\u00f6vid id\u0151re a rendszerek m\u0171k\u00f6d\u00e9s\u00e9t.<\/p>\n\n\n\n<p>Komarov szerint Ukrajna mostanra j\u00f3val ellen\u00e1ll\u00f3bb a hasonl\u00f3 t\u00e1mad\u00e1sokkal szemben, a Kyivstar h\u00e1l\u00f3zata p\u00e9ld\u00e1ul egy ak\u00e1r t\u00edz \u00f3r\u00e1n \u00e1t tart\u00f3 \u00e1ramsz\u00fcnetet is k\u00e9pes gond n\u00e9lk\u00fcl \u00e1tv\u00e9szelni &#8211; ezt a rezilienci\u00e1t n\u00f6veli tov\u00e1bb a Starlink m\u0171holdak bekapcsol\u00e1sa a h\u00e1l\u00f3zatba, melyek egyfajta kieg\u00e9sz\u00edt\u0151 b\u00e1zis\u00e1llom\u00e1sk\u00e9nt m\u0171k\u00f6dnek majd &#8211; a f\u00f6ldi \u00e1llom\u00e1sokhoz k\u00e9pest korl\u00e1tozott kapacit\u00e1ssal.<\/p>\n\n\n\n<p>A SpaceX a telekommunik\u00e1ci\u00f3s szolg\u00e1ltat\u00f3k k\u00f6z\u00fcl els\u0151k\u00e9nt az amerikai T-Mobile US-szel k\u00f6t\u00f6tt hasonl\u00f3 meg\u00e1llapod\u00e1st, melynek eredm\u00e9nyek\u00e9nt j\u00falius 28-\u00e1n startolhat az Egyes\u00fclt \u00c1llamok teljes ter\u00fclet\u00e9re kiterjed\u0151 kereskedelmi szolg\u00e1ltat\u00e1s, mely eleinte SMS- \u00e9s MMS-k\u00fcld\u00e9sre korl\u00e1toz\u00f3dik, k\u00e9s\u0151bb azonban, a kapacit\u00e1s n\u00f6vel\u00e9s\u00e9vel mobil sz\u00e9less\u00e1v\u00fa kapcsolat is el\u00e9rhet\u0151 lesz rajta kereszt\u00fcl.<\/p>\n\n\n\n<p>A m\u00e1r \u00e9vek \u00f3ta jelen l\u00e9v\u0151, m\u0171holdas seg\u00e9lyk\u00e9r\u0151 megold\u00e1sokkal ellent\u00e9tben enn\u00e9l a rendszern\u00e9l nem kell a kapcsolathoz az eget p\u00e1szt\u00e1zni az okostelefonokkal, mivel a m\u0171holdak ugyanazokon a frekvenci\u00e1kon kommunik\u00e1lnak a k\u00e9sz\u00fcl\u00e9kekkel, mint a f\u00f6ldi b\u00e1zis\u00e1llom\u00e1sok.<\/p>\n\n\n\n<p><mark style=\"background-color:#9b51e0\" class=\"has-inline-color has-white-color\">Tov\u00e1bb a cikkre:<\/mark> <a href=\"https:\/\/www.hwsw.hu\/hirek\/69340\/spacex-starlink-ukrajna-kyivstar-satellite-leo-cell-mobil-mobilhalozat-uzenetkuldes-adatforgalom.html\">hwsw.hu<\/a><\/p>\n","protected":false},"excerpt":{"rendered":"<p>Az \u00e9v v\u00e9g\u00e9t\u0151l Elon Musk \u0171ripari c\u00e9ge, a SpaceX seg\u00edti a f\u00f6ldi mobilh\u00e1l\u00f3zatok z\u00f6kken\u0151mentes m\u0171k\u00f6d\u00e9s\u00e9t a h\u00e1bor\u00fa s\u00fajtotta Ukrajn\u00e1ban. A&hellip;<\/p>\n","protected":false},"author":1,"featured_media":3943,"comment_status":"closed","ping_status":"closed","sticky":false,"template":"","format":"standard","meta":{"footnotes":""},"categories":[14],"tags":[],"class_list":["post-3942","post","type-post","status-publish","format-standard","has-post-thumbnail","hentry","category-tavkozles"],"_links":{"self":[{"href":"https:\/\/digitalnews.hu\/index.php?rest_route=\/wp\/v2\/posts\/3942","targetHints":{"allow":["GET"]}}],"collection":[{"href":"https:\/\/digitalnews.hu\/index.php?rest_route=\/wp\/v2\/posts"}],"about":[{"href":"https:\/\/digitalnews.hu\/index.php?rest_route=\/wp\/v2\/types\/post"}],"author":[{"embeddable":true,"href":"https:\/\/digitalnews.hu\/index.php?rest_route=\/wp\/v2\/users\/1"}],"replies":[{"embeddable":true,"href":"https:\/\/digitalnews.hu\/index.php?rest_route=%2Fwp%2Fv2%2Fcomments&post=3942"}],"version-history":[{"count":2,"href":"https:\/\/digitalnews.hu\/index.php?rest_route=\/wp\/v2\/posts\/3942\/revisions"}],"predecessor-version":[{"id":5943,"href":"https:\/\/digitalnews.hu\/index.php?rest_route=\/wp\/v2\/posts\/3942\/revisions\/5943"}],"wp:featuredmedia":[{"embeddable":true,"href":"https:\/\/digitalnews.hu\/index.php?rest_route=\/wp\/v2\/media\/3943"}],"wp:attachment":[{"href":"https:\/\/digitalnews.hu\/index.php?rest_route=%2Fwp%2Fv2%2Fmedia&parent=3942"}],"wp:term":[{"taxonomy":"category","embeddable":true,"href":"https:\/\/digitalnews.hu\/index.php?rest_route=%2Fwp%2Fv2%2Fcategories&post=3942"},{"taxonomy":"post_tag","embeddable":true,"href":"https:\/\/digitalnews.hu\/index.php?rest_route=%2Fwp%2Fv2%2Ftags&post=3942"}],"curies":[{"name":"wp","href":"https:\/\/api.w.org\/{rel}","templated":true}]}}