{"id":406,"date":"2024-06-10T10:37:06","date_gmt":"2024-06-10T10:37:06","guid":{"rendered":"https:\/\/digitalnews.hu\/?p=406"},"modified":"2025-04-20T23:46:33","modified_gmt":"2025-04-20T21:46:33","slug":"szukseg-van-e-a-digitalizalodo-vilagunkban-meg-a-keszpenzre","status":"publish","type":"post","link":"https:\/\/digitalnews.hu\/?p=406","title":{"rendered":"Sz\u00fcks\u00e9g van-e a digitaliz\u00e1l\u00f3d\u00f3 vil\u00e1gunkban m\u00e9g a k\u00e9szp\u00e9nzre?"},"content":{"rendered":"\n<p>Az els\u0151 bankk\u00e1rty\u00e1k 35 \u00e9vvel ezel\u0151tt jelentek meg Magyarorsz\u00e1gon. Nagy utat tett\u00fcnk meg az\u00f3ta \u00e9s bizony\u00e1ra j\u00f3 munk\u00e1t v\u00e9gezt\u00fcnk, ha m\u00e1r alapt\u00f6rv\u00e9nyben kell megv\u00e9deni a k\u00e9szp\u00e9nzhaszn\u00e1latot a digit\u00e1lis fizet\u00e9ssel szemben. Anno az \u00fatt\u00f6r\u0151 MKB \u00e1ltal kibocs\u00e1tott Visa bankk\u00e1rty\u00e1khoz m\u00e9g doll\u00e1rban sz\u00e1rmaz\u00f3 j\u00f6vedelmet kellett igazolni (ez 1988-ban volt, teh\u00e1t nem lehettek sz\u00e1mosan), \u00e9s sok helyen a keresked\u0151 lef\u00e9nym\u00e1solta a k\u00e1rtyabirtokos szem\u00e9lyi igazolv\u00e1ny\u00e1t. Ma pedig m\u00e1r annyira elterjedt a bankk\u00e1rtya haszn\u00e1lat, \u00e9s annyira a mindennapjaink r\u00e9sze lett, hogy a k\u00e9szp\u00e9nzt kell v\u00e9deni \u2013 egyes v\u00e9lem\u00e9nyek szerint.<\/p>\n\n\n\n<p>Mik\u00f6zben a digitaliz\u00e1ci\u00f3 \u00e9s a k\u00e9szp\u00e9nz h\u00e1tt\u00e9rbe szorul\u00e1sa meg\u00e1ll\u00edthatatlannak t\u0171nik, s\u0151t egy id\u0151ben strat\u00e9giai c\u00e9lk\u00e9nt fogalmaz\u00f3dott meg annak magas t\u00e1rsadalmi k\u00f6lts\u00e9gei miatt, k\u00f6zben ezzel ellent\u00e9tes l\u00e9p\u00e9seket is megfigyelhett\u00fcnk az ut\u00f3bbi 10 \u00e9vben. Most ezeket veszem sorra.<\/p>\n\n\n\n<p>Tov\u00e1bb a cikkre: <a href=\"https:\/\/www.portfolio.hu\/uzlet\/20240324\/szukseg-van-e-a-digitalizalodo-vilagunkban-meg-a-keszpenzre-676397\" target=\"_blank\" rel=\"noreferrer noopener\">portfolio.hu<\/a><\/p>\n","protected":false},"excerpt":{"rendered":"<p>Az els\u0151 bankk\u00e1rty\u00e1k 35 \u00e9vvel ezel\u0151tt jelentek meg Magyarorsz\u00e1gon. Nagy utat tett\u00fcnk meg az\u00f3ta \u00e9s bizony\u00e1ra j\u00f3 munk\u00e1t v\u00e9gezt\u00fcnk, ha&hellip;<\/p>\n","protected":false},"author":1,"featured_media":407,"comment_status":"closed","ping_status":"closed","sticky":false,"template":"","format":"standard","meta":{"footnotes":""},"categories":[5],"tags":[],"class_list":["post-406","post","type-post","status-publish","format-standard","has-post-thumbnail","hentry","category-cbdc"],"_links":{"self":[{"href":"https:\/\/digitalnews.hu\/index.php?rest_route=\/wp\/v2\/posts\/406","targetHints":{"allow":["GET"]}}],"collection":[{"href":"https:\/\/digitalnews.hu\/index.php?rest_route=\/wp\/v2\/posts"}],"about":[{"href":"https:\/\/digitalnews.hu\/index.php?rest_route=\/wp\/v2\/types\/post"}],"author":[{"embeddable":true,"href":"https:\/\/digitalnews.hu\/index.php?rest_route=\/wp\/v2\/users\/1"}],"replies":[{"embeddable":true,"href":"https:\/\/digitalnews.hu\/index.php?rest_route=%2Fwp%2Fv2%2Fcomments&post=406"}],"version-history":[{"count":3,"href":"https:\/\/digitalnews.hu\/index.php?rest_route=\/wp\/v2\/posts\/406\/revisions"}],"predecessor-version":[{"id":3449,"href":"https:\/\/digitalnews.hu\/index.php?rest_route=\/wp\/v2\/posts\/406\/revisions\/3449"}],"wp:featuredmedia":[{"embeddable":true,"href":"https:\/\/digitalnews.hu\/index.php?rest_route=\/wp\/v2\/media\/407"}],"wp:attachment":[{"href":"https:\/\/digitalnews.hu\/index.php?rest_route=%2Fwp%2Fv2%2Fmedia&parent=406"}],"wp:term":[{"taxonomy":"category","embeddable":true,"href":"https:\/\/digitalnews.hu\/index.php?rest_route=%2Fwp%2Fv2%2Fcategories&post=406"},{"taxonomy":"post_tag","embeddable":true,"href":"https:\/\/digitalnews.hu\/index.php?rest_route=%2Fwp%2Fv2%2Ftags&post=406"}],"curies":[{"name":"wp","href":"https:\/\/api.w.org\/{rel}","templated":true}]}}