{"id":411,"date":"2024-06-10T10:40:06","date_gmt":"2024-06-10T10:40:06","guid":{"rendered":"https:\/\/digitalnews.hu\/?p=411"},"modified":"2024-06-10T10:40:06","modified_gmt":"2024-06-10T10:40:06","slug":"a-vilagbank-elnoke-globalis-digitalis-szemelyazonossagi-rendszert-szorgalmaz-a-technologiai-csucstalalkozon","status":"publish","type":"post","link":"https:\/\/digitalnews.hu\/?p=411","title":{"rendered":"A Vil\u00e1gbank eln\u00f6ke glob\u00e1lis digit\u00e1lis szem\u00e9lyazonoss\u00e1gi rendszert szorgalmaz a technol\u00f3giai cs\u00facstal\u00e1lkoz\u00f3n"},"content":{"rendered":"\n<p>A Vil\u00e1gbank eln\u00f6ke felsz\u00f3l\u00edtja a korm\u00e1nyokat, hogy ind\u00edtsanak digit\u00e1lis szem\u00e9lyazonoss\u00e1gi rendszereket, hogy azok \u00f6sszekapcsolhat\u00f3k legyenek a mag\u00e1nszektorral \u00e9s a megl\u00e9v\u0151 infrastrukt\u00far\u00e1kkal.<\/p>\n\n\n\n<p>A Vil\u00e1gbank eln\u00f6ke, Ajay Banga a m\u00falt h\u00e9ten a Vil\u00e1gbank-csoport els\u0151 glob\u00e1lis digit\u00e1lis cs\u00facstal\u00e1lkoz\u00f3j\u00e1n tartott besz\u00e9d\u00e9ben azt mondta, hogy a digit\u00e1lis szem\u00e9lyazonoss\u00e1got vil\u00e1gszerte el kell fogadni, \u00e9s a korm\u00e1nyoknak kell a tulajdonosoknak lenni\u00fck, hogy garant\u00e1lni tudj\u00e1k a mag\u00e1n\u00e9let v\u00e9delm\u00e9t \u00e9s biztons\u00e1g\u00e1t polg\u00e1raik sz\u00e1m\u00e1ra.<\/p>\n\n\n\n<p>Banga szerint, ha egyszer mindenki csatlakozik egy digit\u00e1lis szem\u00e9lyazonos\u00edt\u00f3hoz, akkor az \u00f6sszekapcsolhat\u00f3 a m\u00e1r megl\u00e9v\u0151, mag\u00e1nc\u00e9gek \u00e1ltal m\u0171k\u00f6dtetett infrastrukt\u00far\u00e1val.<\/p>\n\n\n\n<p>&#8222;A digit\u00e1lis szem\u00e9lyazonoss\u00e1gi platform l\u00e9trehoz\u00e1sa az \u00e1llampolg\u00e1rok sz\u00e1m\u00e1ra egyfajta alapvet\u00e9s, \u00e9s \u00fagy v\u00e9lem, hogy a korm\u00e1nynak kellene lennie a digit\u00e1lis szem\u00e9lyazonoss\u00e1g tulajdonos\u00e1nak; a mag\u00e1nc\u00e9gek nem birtokolhatj\u00e1k azt&#8221; &#8211; mondta a Vil\u00e1gbank eln\u00f6ke, hozz\u00e1t\u00e9ve: &#8222;ez az orsz\u00e1guk polg\u00e1rainak t\u00e1rsadalmi szerz\u0151d\u00e9se, hogy legyen szem\u00e9lyazonoss\u00e1guk, p\u00e9nznem\u00fck \u00e9s biztons\u00e1guk.&#8221; Ezt nem szabad elvenn\u00fcnk t\u0151l\u00fck&#8221;.<\/p>\n\n\n\n<p>Ajay Banga, a Vil\u00e1gbank eln\u00f6ke: &#8222;A digit\u00e1lis szem\u00e9lyazonoss\u00e1gi platform l\u00e9trehoz\u00e1sa az \u00e1llampolg\u00e1rok sz\u00e1m\u00e1ra alapvet\u0151 fontoss\u00e1g\u00fa; a korm\u00e1nynak kellene a digit\u00e1lis szem\u00e9lyazonoss\u00e1gi igazolv\u00e1nyok tulajdonos\u00e1nak lennie. Ha azt akarod, hogy ez vil\u00e1gszerte elterjedjen, szerezz egy digit\u00e1lis azonos\u00edt\u00f3t \u00e9s onnan indulj tov\u00e1bb&#8221; Global Digital Summit<\/p>\n\n\n\n<p>Rendelkezni\u00fck kell a digit\u00e1lis szem\u00e9lyazonoss\u00e1ggal; ennek a digit\u00e1lis szem\u00e9lyazonoss\u00e1gnak garant\u00e1lnia kell az adott \u00e1llampolg\u00e1r mag\u00e1n\u00e9let\u00e9t; seg\u00edtenie kell \u0151ket a biztons\u00e1gukban, de a korm\u00e1nynak kell megadnia a szem\u00e9lyazonoss\u00e1got.<\/p>\n\n\n\n<p>Ha ez megvan, akkor csatlakoztatjuk \u0151ket az infrastrukt\u00far\u00e1hoz, amelyet egy mag\u00e1nv\u00e1llalat, ak\u00e1r az Ericsson vagy a Verizon, vagy ezek kombin\u00e1ci\u00f3ja &#8211; val\u00f3j\u00e1ban t\u00f6bbnyire ez egy kombin\u00e1ci\u00f3 -, akkor a k\u00e9rd\u00e9s az, hogy &#8222;Mit csin\u00e1lsz vele, amihez digit\u00e1lis azonos\u00edt\u00f3 sz\u00fcks\u00e9ges?&#8221;, hogy elkezdhess\u00fck a kapcsolatot az adott polg\u00e1rral.<\/p>\n\n\n\n<p>Banga \u00e9s m\u00e1s, nem v\u00e1lasztott globalist\u00e1k sz\u00e1m\u00e1ra a digit\u00e1lis szem\u00e9lyazonoss\u00e1g a kulcs ahhoz, hogy a k\u00f6z- \u00e9s mag\u00e1nszf\u00e9ra partners\u00e9g\u00e9n kereszt\u00fcl &#8211; a v\u00e1llalat \u00e9s az \u00e1llam \u00f6sszeolvad\u00e1s\u00e1val &#8211; hozz\u00e1f\u00e9rjenek az \u00e1rukhoz \u00e9s szolg\u00e1ltat\u00e1sokhoz.<\/p>\n\n\n\n<p>Amint a korm\u00e1nyok elind\u00edtj\u00e1k digit\u00e1lis szem\u00e9lyazonoss\u00e1gi rendszereiket, a Vil\u00e1gbank eln\u00f6ke szerint ezeket \u00f6ssze kell kapcsolni a mag\u00e1nc\u00e9gekkel \u00e9s a megl\u00e9v\u0151 infrastrukt\u00far\u00e1kkal.<\/p>\n\n\n\n<p>&#8222;Most az a k\u00e9rd\u00e9s, hogy ha \u00f6sszekapcsol\u00f3dnak ezzel a polg\u00e1rral, akkor biztos\u00edtani kell, hogy a korm\u00e1nyok garant\u00e1lj\u00e1k a polg\u00e1r mag\u00e1n\u00e9let\u00e9t&#8221; &#8211; mondta Banga.<\/p>\n\n\n\n<p>&#8222;Mert ha ezt nem teszed meg, akkor bajba ker\u00fclsz az \u00f6tlet elfogad\u00e1s\u00e1val.<\/p>\n\n\n\n<p>&#8222;Teh\u00e1t, ha azt akarjuk, hogy ez vil\u00e1gszerte elterjedjen, akkor igen, hozzuk l\u00e9tre az infrastrukt\u00far\u00e1t, hozzuk l\u00e9tre a digit\u00e1lis szem\u00e9lyazonoss\u00e1got [&#8230;] ind\u00edtsuk el ezt, \u00e9s onnan induljunk tov\u00e1bb&#8221; &#8211; tette hozz\u00e1.<\/p>\n\n\n\n<p>Amint a digit\u00e1lis szem\u00e9lyazonoss\u00e1got l\u00e9trehozz\u00e1k \u00e9s \u00f6sszekapcsolj\u00e1k a k\u00f6z- \u00e9s mag\u00e1nszf\u00e9ra infrastrukt\u00far\u00e1j\u00e1val, minden m\u00e1st erre lehet \u00e9p\u00edteni, bele\u00e9rtve a p\u00e9nz\u00fcgyi szolg\u00e1ltat\u00e1sokhoz, a biztos\u00edt\u00e1shoz, az eg\u00e9szs\u00e9g\u00fcgyi ell\u00e1t\u00e1shoz, az oktat\u00e1shoz \u00e9s az \u00faj v\u00e1llalkoz\u00e1s ind\u00edt\u00e1s\u00e1nak folyamat\u00e1hoz val\u00f3 hozz\u00e1f\u00e9r\u00e9st &#8211; mindenhez digit\u00e1lis szem\u00e9lyazonoss\u00e1gra lenne sz\u00fcks\u00e9g.<\/p>\n\n\n\n<p>A Vil\u00e1gbank eln\u00f6k\u00e9nek szavai egybecsengenek Nandan Nilekani, India digit\u00e1lis szem\u00e9lyazonoss\u00e1gi tervez\u0151j\u00e9nek szavaival, aki a Nemzetk\u00f6zi Valutaalap (IMF) tavalyi tavaszi \u00fcl\u00e9s\u00e9n azt mondta: &#8222;Ha arra gondolunk, hogy &#8222;mik az \u00faj vil\u00e1g eszk\u00f6zei?&#8221; &#8211; Mindenkinek digit\u00e1lis szem\u00e9lyazonoss\u00e1gi igazolv\u00e1nnyal kell rendelkeznie, mindenkinek banksz\u00e1ml\u00e1val, mindenkinek okostelefonnal&#8221;.<\/p>\n\n\n\n<p>&#8222;Akkor b\u00e1rmit meg lehet tenni. Minden m\u00e1s erre \u00e9p\u00fcl.&#8221;<\/p>\n\n\n\n<p>Nilekani a digit\u00e1lis k\u00f6zinfrastrukt\u00fara (DPI) elk\u00f6telezett h\u00edve, amely h\u00e1rom \u00f6sszetev\u0151b\u0151l \u00e1ll: digit\u00e1lis identit\u00e1s, digit\u00e1lis fizet\u00e9si rendszerek \u00e9s t\u00f6meges adatmegoszt\u00e1s.<\/p>\n\n\n\n<p>Tavaly a G20 indiai vezet\u0151inek nyilatkozata kimondta:<\/p>\n\n\n\n<p>T\u00e1mogatjuk a G20-ak \u00f6nk\u00e9ntes \u00e9s nem k\u00f6telez\u0151 erej\u0171 politikai aj\u00e1nl\u00e1sait a p\u00e9nz\u00fcgyi integr\u00e1ci\u00f3 \u00e9s a termel\u00e9kenys\u00e9gn\u00f6veked\u00e9s digit\u00e1lis k\u00f6zinfrastrukt\u00fara r\u00e9v\u00e9n t\u00f6rt\u00e9n\u0151 el\u0151mozd\u00edt\u00e1s\u00e1ra. Tudom\u00e1sul vessz\u00fck, hogy a digit\u00e1lis k\u00f6zinfrastrukt\u00fara jelent\u0151s szerepet j\u00e1tszik a p\u00e9nz\u00fcgyi befogad\u00e1s el\u0151mozd\u00edt\u00e1s\u00e1ban, az inkluziv n\u00f6veked\u00e9s \u00e9s a fenntarthat\u00f3 fejl\u0151d\u00e9s t\u00e1mogat\u00e1sa \u00e9rdek\u00e9ben.<\/p>\n\n\n\n<p>A G20-cs\u00facstal\u00e1lkoz\u00f3t megel\u0151z\u0151en a B20 India k\u00f6zlem\u00e9nye azt aj\u00e1nlotta a tagoknak, hogy &#8222;\u00e9p\u00edts\u00e9k ki a digit\u00e1lis k\u00f6zinfrastrukt\u00far\u00e1t a p\u00e9nz\u00fcgyi integr\u00e1ci\u00f3 \u00e9s az eg\u00e9szs\u00e9g\u00fcgyi ell\u00e1t\u00e1shoz val\u00f3 hozz\u00e1f\u00e9r\u00e9s el\u0151mozd\u00edt\u00e1sa \u00e9rdek\u00e9ben&#8221;.<\/p>\n\n\n\n<p>Majd 2023 november\u00e9ben az ENSZ, a Bill \u00e9s Melinda Gates Alap\u00edtv\u00e1ny \u00e9s partnereik elind\u00edtott\u00e1k az 50 az 5-ben kamp\u00e1nyt, amelynek c\u00e9lja, hogy a k\u00f6vetkez\u0151 \u00f6t \u00e9vben &#8222;50 orsz\u00e1gnak seg\u00edtsenek megtervezni, elind\u00edtani \u00e9s kiterjeszteni a digit\u00e1lis k\u00f6zinfrastrukt\u00fara elemeit&#8221;.<\/p>\n\n\n\n<p>Az eur\u00f3pai digit\u00e1lis szem\u00e9lyazonoss\u00e1gi keretrendszer friss\u00edt\u00e9s\u00e9r\u0151l sz\u00f3l\u00f3 m\u00falt havi szavaz\u00e1s el\u0151tt n\u00e9h\u00e1ny eur\u00f3pai parlamenti k\u00e9pvisel\u0151 felsz\u00f3lalt az uni\u00f3s szint\u0171 digit\u00e1lis szem\u00e9lyazonoss\u00e1gi t\u00e1rca elfogad\u00e1sa ellen, a demokr\u00e1cia megs\u00e9rt\u00e9s\u00e9nek nevezve azt, amely QR-k\u00f3dos t\u00e1rsadalmat hoz l\u00e9tre, \u00e9s a k\u00ednai t\u00edpus\u00fa szoci\u00e1lis hitelrendszerhez vezet.<\/p>\n","protected":false},"excerpt":{"rendered":"<p>A Vil\u00e1gbank eln\u00f6ke felsz\u00f3l\u00edtja a korm\u00e1nyokat, hogy ind\u00edtsanak digit\u00e1lis szem\u00e9lyazonoss\u00e1gi rendszereket, hogy azok \u00f6sszekapcsolhat\u00f3k legyenek a mag\u00e1nszektorral \u00e9s a megl\u00e9v\u0151&hellip;<\/p>\n","protected":false},"author":1,"featured_media":169,"comment_status":"closed","ping_status":"closed","sticky":false,"template":"","format":"standard","meta":{"footnotes":""},"categories":[11],"tags":[],"class_list":["post-411","post","type-post","status-publish","format-standard","has-post-thumbnail","hentry","category-digitalis-allampolgarsag-egov-eid"],"_links":{"self":[{"href":"https:\/\/digitalnews.hu\/index.php?rest_route=\/wp\/v2\/posts\/411","targetHints":{"allow":["GET"]}}],"collection":[{"href":"https:\/\/digitalnews.hu\/index.php?rest_route=\/wp\/v2\/posts"}],"about":[{"href":"https:\/\/digitalnews.hu\/index.php?rest_route=\/wp\/v2\/types\/post"}],"author":[{"embeddable":true,"href":"https:\/\/digitalnews.hu\/index.php?rest_route=\/wp\/v2\/users\/1"}],"replies":[{"embeddable":true,"href":"https:\/\/digitalnews.hu\/index.php?rest_route=%2Fwp%2Fv2%2Fcomments&post=411"}],"version-history":[{"count":1,"href":"https:\/\/digitalnews.hu\/index.php?rest_route=\/wp\/v2\/posts\/411\/revisions"}],"predecessor-version":[{"id":412,"href":"https:\/\/digitalnews.hu\/index.php?rest_route=\/wp\/v2\/posts\/411\/revisions\/412"}],"wp:featuredmedia":[{"embeddable":true,"href":"https:\/\/digitalnews.hu\/index.php?rest_route=\/wp\/v2\/media\/169"}],"wp:attachment":[{"href":"https:\/\/digitalnews.hu\/index.php?rest_route=%2Fwp%2Fv2%2Fmedia&parent=411"}],"wp:term":[{"taxonomy":"category","embeddable":true,"href":"https:\/\/digitalnews.hu\/index.php?rest_route=%2Fwp%2Fv2%2Fcategories&post=411"},{"taxonomy":"post_tag","embeddable":true,"href":"https:\/\/digitalnews.hu\/index.php?rest_route=%2Fwp%2Fv2%2Ftags&post=411"}],"curies":[{"name":"wp","href":"https:\/\/api.w.org\/{rel}","templated":true}]}}