{"id":4123,"date":"2025-08-27T14:16:16","date_gmt":"2025-08-27T12:16:16","guid":{"rendered":"https:\/\/digitalnews.hu\/?p=4123"},"modified":"2026-01-01T21:36:20","modified_gmt":"2026-01-01T19:36:20","slug":"kiterjeszti-a-hasznalt-mobilok-adas-vetelet-a-yettel","status":"publish","type":"post","link":"https:\/\/digitalnews.hu\/?p=4123","title":{"rendered":"Kiterjeszti a haszn\u00e1lt mobilok ad\u00e1s-v\u00e9tel\u00e9t a Yettel"},"content":{"rendered":"\n<p>\u00dajabb egy\u00fcttm\u0171k\u00f6d\u00e9s er\u0151s\u00edti a hazai okostelefon-haszn\u00e1ltpiac er\u0151s\u00f6d\u00e9s\u00e9t &#8211; a Yettel Magyarorsz\u00e1g \u00e9s a rom\u00e1niai tulajdonosi h\u00e1tt\u00e9rrel rendelkez\u0151 Rejoy.hu egy\u00fcttm\u0171k\u00f6d\u00e9se r\u00e9v\u00e9n az oper\u00e1tor k\u00edn\u00e1lat\u00e1ban t\u00f6bb haszn\u00e1lt k\u00e9sz\u00fcl\u00e9k jelenhet meg, illetve az eladott mobilokra extra kedvezm\u00e9ny \u00e9rv\u00e9nyes\u00edthet\u0151.<br>M\u00e9g probl\u00e9m\u00e1sabb\u00e1 v\u00e1lhat az alulj\u00e1r\u00f3kban \u00e9s pl\u00e1z\u00e1kban \u00fczemel\u0151 GSM-boltok \u00fczleti modellje, miut\u00e1n egyre t\u00f6bb &#8222;nagykutya&#8221; fog bele a haszn\u00e1lt mobilok ad\u00e1s-v\u00e9tel\u00e9be haz\u00e1nkban &#8211; m\u00e9g ha nem is felt\u00e9tlen\u00fcl egyed\u00fcl, hanem partnerek bevon\u00e1s\u00e1val. A Yettel Magyarorsz\u00e1g \u00e9s a rom\u00e1niai eMAG Csoporthoz tartoz\u00f3 Rejoy.hu most bejelentett egy\u00fcttm\u0171k\u00f6d\u00e9se is ezt a vonalat er\u0151s\u00edti a hazai piacon.<\/p>\n\n\n\n<p>A k\u00e9t c\u00e9g r\u00e9g\u00f3ta ker\u00fclgette egym\u00e1st, mire a k\u00e9plet \u00f6sszes eleme \u00f6ssze\u00e1llt, az egy\u00fcttm\u0171k\u00f6d\u00e9s r\u00e9v\u00e9n pedig lehet\u0151v\u00e9 v\u00e1lik, hogy a Yettel \u00fcgyfelei is eladhass\u00e1k haszn\u00e1lt k\u00e9sz\u00fcl\u00e9keiket a Rejoy-on kereszt\u00fcl, m\u00e9ghozz\u00e1 a szolg\u00e1ltat\u00f3 szerint piaci \u00e1ron. Ez \u00faj elem a Yettel portf\u00f3li\u00f3j\u00e1ban, mely tavaly \u00e1prilisban fogott bele haszn\u00e1lt okostelefonok \u00e9rt\u00e9kes\u00edt\u00e9s\u00e9be akkori partner\u00e9vel, a Recommerce-szel.<\/p>\n\n\n\n<p>Az \u00faj partnerrel k\u00f6t\u00f6tt egy\u00fcttm\u0171k\u00f6d\u00e9s hat\u00e1s\u00e1ra nem csak a haszn\u00e1lt k\u00e9sz\u00fcl\u00e9kek elad\u00e1sa v\u00e1lhat egyszer\u0171bb\u00e9 a Yettel \u00fcgyfelei sz\u00e1m\u00e1ra. A Rejoy r\u00e9v\u00e9n a szolg\u00e1ltat\u00f3n\u00e1l el\u00e9rhet\u0151 haszn\u00e1lt, fel\u00faj\u00edtott mobilokb\u00f3l \u00e1ll\u00f3 k\u00edn\u00e1lat is b\u0151v\u00fclhet majd, igaz, egyel\u0151re ebb\u0151l m\u00e9g nem sok l\u00e1tszik, hiszen a k\u00edn\u00e1latban tov\u00e1bbra is csak iPhone-ok tal\u00e1lhat\u00f3k, noha a Rejoy m\u00e1s m\u00e1rk\u00e1kat is k\u00edn\u00e1l saj\u00e1t weboldal\u00e1n. A Yettel k\u00e9pvisel\u0151i szerint a v\u00e1laszt\u00e9k a piaci ig\u00e9nyeket t\u00fckr\u00f6zi.<\/p>\n\n\n\n<p>\u00dajdons\u00e1g, hogy az online \u00e9rt\u00e9kes\u00edt\u00e9s &#8211; legal\u00e1bbis r\u00e9szben &#8211; kib\u0151v\u00fcl az offline \u00e9rt\u00e9kes\u00edt\u00e9ssel. Blaumann Bence, a Rejoy \u00fcgyvezet\u0151je a felek keddi sajt\u00f3t\u00e1j\u00e9koztat\u00f3j\u00e1n elmondta, hogy r\u00f6videsen a Yettel \u00fczleteiben is meg lehet majd tal\u00e1lni a haszn\u00e1lt mobilokat, ami a hazai piacon \u00fajdons\u00e1gnak sz\u00e1m\u00edt. A c\u00e9gvezet\u0151 szerint a Yettel disztrib\u00faci\u00f3s h\u00e1l\u00f3zata jelent\u0151s forgalom\u00e9l\u00e9nk\u00edt\u00e9st hozhat, \u00edgy a progn\u00f3zis szerint \u00e9v v\u00e9g\u00e9re m\u00e1r minden harmadik v\u00e1s\u00e1rl\u00f3 a Yettelen kereszt\u00fcl \u00e9rkezik majd a c\u00e9ghez.<\/p>\n\n\n\n<p><mark style=\"background-color:#9b51e0\" class=\"has-inline-color has-white-color\">Tov\u00e1bb a cikkre:<\/mark> <a href=\"https:\/\/www.hwsw.hu\/hirek\/69518\/yettel-magyarorszag-rejoy-hasznalt-mobil-okostelefon-egyuttmukodes.html\" target=\"_blank\" rel=\"noreferrer noopener\">hwsw.hu<\/a> \u00e9s <a href=\"https:\/\/rejoy.hu\/\" target=\"_blank\" rel=\"noreferrer noopener\">rejoy.hu<\/a><\/p>\n","protected":false},"excerpt":{"rendered":"<p>\u00dajabb egy\u00fcttm\u0171k\u00f6d\u00e9s er\u0151s\u00edti a hazai okostelefon-haszn\u00e1ltpiac er\u0151s\u00f6d\u00e9s\u00e9t &#8211; a Yettel Magyarorsz\u00e1g \u00e9s a rom\u00e1niai tulajdonosi h\u00e1tt\u00e9rrel rendelkez\u0151 Rejoy.hu egy\u00fcttm\u0171k\u00f6d\u00e9se r\u00e9v\u00e9n&hellip;<\/p>\n","protected":false},"author":1,"featured_media":4124,"comment_status":"closed","ping_status":"closed","sticky":false,"template":"","format":"standard","meta":{"footnotes":""},"categories":[14],"tags":[],"class_list":["post-4123","post","type-post","status-publish","format-standard","has-post-thumbnail","hentry","category-tavkozles"],"_links":{"self":[{"href":"https:\/\/digitalnews.hu\/index.php?rest_route=\/wp\/v2\/posts\/4123","targetHints":{"allow":["GET"]}}],"collection":[{"href":"https:\/\/digitalnews.hu\/index.php?rest_route=\/wp\/v2\/posts"}],"about":[{"href":"https:\/\/digitalnews.hu\/index.php?rest_route=\/wp\/v2\/types\/post"}],"author":[{"embeddable":true,"href":"https:\/\/digitalnews.hu\/index.php?rest_route=\/wp\/v2\/users\/1"}],"replies":[{"embeddable":true,"href":"https:\/\/digitalnews.hu\/index.php?rest_route=%2Fwp%2Fv2%2Fcomments&post=4123"}],"version-history":[{"count":2,"href":"https:\/\/digitalnews.hu\/index.php?rest_route=\/wp\/v2\/posts\/4123\/revisions"}],"predecessor-version":[{"id":5992,"href":"https:\/\/digitalnews.hu\/index.php?rest_route=\/wp\/v2\/posts\/4123\/revisions\/5992"}],"wp:featuredmedia":[{"embeddable":true,"href":"https:\/\/digitalnews.hu\/index.php?rest_route=\/wp\/v2\/media\/4124"}],"wp:attachment":[{"href":"https:\/\/digitalnews.hu\/index.php?rest_route=%2Fwp%2Fv2%2Fmedia&parent=4123"}],"wp:term":[{"taxonomy":"category","embeddable":true,"href":"https:\/\/digitalnews.hu\/index.php?rest_route=%2Fwp%2Fv2%2Fcategories&post=4123"},{"taxonomy":"post_tag","embeddable":true,"href":"https:\/\/digitalnews.hu\/index.php?rest_route=%2Fwp%2Fv2%2Ftags&post=4123"}],"curies":[{"name":"wp","href":"https:\/\/api.w.org\/{rel}","templated":true}]}}