{"id":4126,"date":"2025-08-28T15:16:04","date_gmt":"2025-08-28T13:16:04","guid":{"rendered":"https:\/\/digitalnews.hu\/?p=4126"},"modified":"2026-01-01T21:37:08","modified_gmt":"2026-01-01T19:37:08","slug":"ai-act-egy-uj-tipusu-tarsadalmi-valsag-indult-el-a-valasztasokhoz-kozeledve-erezhetjuk-igazan","status":"publish","type":"post","link":"https:\/\/digitalnews.hu\/?p=4126","title":{"rendered":"AI Act: Egy \u00faj t\u00edpus\u00fa t\u00e1rsadalmi v\u00e1ls\u00e1g indult el, a v\u00e1laszt\u00e1sokhoz k\u00f6zeledve \u00e9rezhetj\u00fck igaz\u00e1n"},"content":{"rendered":"\n<p>&#8222;A deepfake technol\u00f3gia fejl\u0151d\u00e9se oda vezetett, hogy az emberek egyre kev\u00e9sb\u00e9 b\u00edzhatnak abban, amit l\u00e1tnak vagy hallanak. A politikai manipul\u00e1ci\u00f3, a bossz\u00faporn\u00f3 \u00e9s a csal\u00e1sok mellett a legnagyobb vesz\u00e9ly tal\u00e1n az, hogy az \u00e1tlagember \u00e9s a k\u00f6zv\u00e9lem\u00e9ny m\u00e1r k\u00e9ptelen k\u00fcl\u00f6nbs\u00e9get tenni a val\u00f3s\u00e1g \u00e9s az ill\u00fazi\u00f3 k\u00f6z\u00f6tt. Hi\u00e1ba is jelenik meg p\u00e9ld\u00e1ul egy politikust \u00e1br\u00e1zol\u00f3 botr\u00e1nyvide\u00f3 a v\u00e1laszt\u00e1sokhoz k\u00f6zeledve, annak val\u00f3dis\u00e1g\u00e1t m\u00e1r kevesen hiszik el, az \u00e9rintett teljes nyugalommal r\u00e1mondhatja, hogy AI \u00e1ltal gener\u00e1lt&#8221; \u2013 vil\u00e1g\u00edtott r\u00e1 lapunknak Badinszky \u00c1ron jog\u00e1sz, az ELTE rektori biztosa.<br>A szak\u00e9rt\u0151 szerint a mesters\u00e9ges intelligenci\u00e1nak k\u00f6sz\u00f6nhet\u0151en megjelent deepfake \u00e1ltal okozott bizalomveszt\u00e9s \u201e\u00faj t\u00edpus\u00fa t\u00e1rsadalmi v\u00e1ls\u00e1got ind\u00edtott el\u201d: egyesek minden vide\u00f3t elhisznek, m\u00e1sok pedig m\u00e1r semminek nem adnak hitelt. Ez a kett\u0151ss\u00e9g rendk\u00edv\u00fcl vesz\u00e9lyes.<\/p>\n\n\n\n<p>&#8222;Olyan ez, mint amikor m\u00e1r sokadj\u00e1ra tartanak t\u0171zriad\u00f3-pr\u00f3b\u00e1t, \u00e9s amikor t\u00e9nyleg t\u0171z \u00fct ki, m\u00e1r senki sem hisz a szir\u00e9n\u00e1knak, nem hagyj\u00e1k el az \u00e9p\u00fcletet, mert megszokt\u00e1k, hogy \u00fagy sem igaz&#8221; \u2013 szeml\u00e9ltette Badinszky \u00c1ron jog\u00e1sz. Az ELTE kutat\u00f3ja r\u00e1mutatott, hogy a k\u00f6zelm\u00faltban egyre t\u00f6bb a p\u00e9lda a politikai c\u00e9l\u00fa vissza\u00e9l\u00e9sekre is: Donald Trumpr\u00f3l \u00e9s Joe Bidenr\u0151l is k\u00e9sz\u00fcltek m\u00e1r deepfake-vide\u00f3k, amelyek t\u00f6megeket t\u00e9vesztettek meg a v\u00e1laszt\u00e1si kamp\u00e1nyok sor\u00e1n, de a regn\u00e1l\u00f3 amerikai eln\u00f6k is \u00e9lt m\u00e1r vissza a technol\u00f3gia erej\u00e9vel, amikor megosztott egy mesters\u00e9ges intelligenci\u00e1val k\u00e9sz\u00fclt kamuvide\u00f3t Barack Obama soha meg nem t\u00f6rt\u00e9nt letart\u00f3ztat\u00e1s\u00e1r\u00f3l.<\/p>\n\n\n\n<p>A v\u00e1laszt\u00e1sokhoz k\u00f6zeledve \u00e9rkezhetnek a politikusi botr\u00e1nyvide\u00f3k, de van egy b\u00f6kken\u0151<br>Az MI seg\u00edts\u00e9g\u00e9vel el\u0151\u00e1ll\u00edtott deepfake-vide\u00f3knak t\u00f6bbf\u00e9le t\u00edpusa, fejletts\u00e9gi szintje l\u00e9tezik.<\/p>\n\n\n\n<p>A legprimit\u00edvebb, amikor egy l\u00e9tez\u0151 vide\u00f3 l\u00e9tez\u0151 szerepl\u0151j\u00e9nek arc\u00e1t cser\u00e9lik ki valaki m\u00e1s\u00e9ra, a k\u00f6vetkez\u0151 l\u00e9p\u00e9s, amikor m\u00e1r a hangot, a sz\u00e1jmozg\u00e1st vagy a mimik\u00e1t, gesztusokat is m\u00f3dos\u00edtj\u00e1k, \u00edgy m\u00e9g val\u00f3s\u00e1gosabb\u00e1 t\u00e9ve az eredm\u00e9nyt<\/p>\n\n\n\n<p>\u2013 magyar\u00e1zta Badinszky, majd folytatta: \u201ea felsoroltakban k\u00f6z\u00f6s, hogy kell hozz\u00e1juk egy eredeti, a val\u00f3s\u00e1gban megt\u00f6rt\u00e9nt \u00e9s r\u00f6gz\u00edtett alap. Ezzel szemben a \u00bbleg\u00fajabb gener\u00e1ci\u00f3s\u00ab, hiperrealisztikus deepfake-ek eset\u00e9ben a h\u00e1tt\u00e9rt\u0151l kezdve a szitu\u00e1ci\u00f3n \u00e1t az \u00fczenetig minden lehet szintetikus, azaz MI \u00e1ltal gener\u00e1lt, a szerepl\u0151k pedig t\u00f6k\u00e9letesen hasonl\u00edtanak az eredeti szem\u00e9lyekre. B\u00e1rkir\u0151l, b\u00e1rmilyen szitu\u00e1ci\u00f3ban b\u00e1rmilyen tartalm\u00fa vide\u00f3 l\u00e9trehozhat\u00f3.\u201d<\/p>\n\n\n\n<p><mark style=\"background-color:#9b51e0\" class=\"has-inline-color has-white-color\">Tov\u00e1bb a cikkre:<\/mark> <a href=\"https:\/\/index.hu\/gazdasag\/2025\/08\/26\/deepfake-video-badinszky-aron-elte-valasztasok-ai-summit\/\" target=\"_blank\" rel=\"noreferrer noopener\">index.hu<\/a><\/p>\n","protected":false},"excerpt":{"rendered":"<p>&#8222;A deepfake technol\u00f3gia fejl\u0151d\u00e9se oda vezetett, hogy az emberek egyre kev\u00e9sb\u00e9 b\u00edzhatnak abban, amit l\u00e1tnak vagy hallanak. A politikai manipul\u00e1ci\u00f3,&hellip;<\/p>\n","protected":false},"author":1,"featured_media":4127,"comment_status":"closed","ping_status":"closed","sticky":false,"template":"","format":"standard","meta":{"footnotes":""},"categories":[4],"tags":[],"class_list":["post-4126","post","type-post","status-publish","format-standard","has-post-thumbnail","hentry","category-ai-agi-chat-gpt-gemini"],"_links":{"self":[{"href":"https:\/\/digitalnews.hu\/index.php?rest_route=\/wp\/v2\/posts\/4126","targetHints":{"allow":["GET"]}}],"collection":[{"href":"https:\/\/digitalnews.hu\/index.php?rest_route=\/wp\/v2\/posts"}],"about":[{"href":"https:\/\/digitalnews.hu\/index.php?rest_route=\/wp\/v2\/types\/post"}],"author":[{"embeddable":true,"href":"https:\/\/digitalnews.hu\/index.php?rest_route=\/wp\/v2\/users\/1"}],"replies":[{"embeddable":true,"href":"https:\/\/digitalnews.hu\/index.php?rest_route=%2Fwp%2Fv2%2Fcomments&post=4126"}],"version-history":[{"count":2,"href":"https:\/\/digitalnews.hu\/index.php?rest_route=\/wp\/v2\/posts\/4126\/revisions"}],"predecessor-version":[{"id":5993,"href":"https:\/\/digitalnews.hu\/index.php?rest_route=\/wp\/v2\/posts\/4126\/revisions\/5993"}],"wp:featuredmedia":[{"embeddable":true,"href":"https:\/\/digitalnews.hu\/index.php?rest_route=\/wp\/v2\/media\/4127"}],"wp:attachment":[{"href":"https:\/\/digitalnews.hu\/index.php?rest_route=%2Fwp%2Fv2%2Fmedia&parent=4126"}],"wp:term":[{"taxonomy":"category","embeddable":true,"href":"https:\/\/digitalnews.hu\/index.php?rest_route=%2Fwp%2Fv2%2Fcategories&post=4126"},{"taxonomy":"post_tag","embeddable":true,"href":"https:\/\/digitalnews.hu\/index.php?rest_route=%2Fwp%2Fv2%2Ftags&post=4126"}],"curies":[{"name":"wp","href":"https:\/\/api.w.org\/{rel}","templated":true}]}}