{"id":4432,"date":"2025-10-24T17:50:29","date_gmt":"2025-10-24T15:50:29","guid":{"rendered":"https:\/\/digitalnews.hu\/?p=4432"},"modified":"2025-11-09T15:13:14","modified_gmt":"2025-11-09T13:13:14","slug":"tobb-kontinenst-osszekoto-adatkabelrol-egyeztetett-a-4ig-vezerigazgatoja","status":"publish","type":"post","link":"https:\/\/digitalnews.hu\/?p=4432","title":{"rendered":"T\u00f6bb kontinenst \u00f6sszek\u00f6t\u0151 adatk\u00e1belr\u0151l egyeztetett a 4iG vez\u00e9rigazgat\u00f3ja"},"content":{"rendered":"\n<p>Dubajban tal\u00e1lkozott a kor\u00e1bbi Etisalat Group vez\u00e9rigazgat\u00f3j\u00e1val J\u00e1szai Gell\u00e9rt, a 4iG Nyrt. eln\u00f6ke. A felek egy ny\u00e1ron megk\u00f6t\u00f6tt egy\u00fcttm\u0171k\u00f6d\u00e9si meg\u00e1llapod\u00e1sr\u00f3l egyeztettek, melynek k\u00f6z\u00e9ppontj\u00e1ban egy Afrik\u00e1t Eur\u00f3p\u00e1val \u00e9s a K\u00f6zel-Kelettel \u00f6sszek\u00f6t\u0151 tenger alatti adatk\u00e1bel \u00e1ll. Ennek \u00e9rtelm\u00e9be k\u00e9t adatk\u00f6zpont j\u00f6nne l\u00e9tre Eur\u00f3p\u00e1ban, a projektet az Eur\u00f3pai Bizotts\u00e1g t\u00e1mogatja.<br>J\u00e1szai Gell\u00e9rt, a 4iG Nyrt. eln\u00f6ke Dubajban, a vil\u00e1g legnagyobb technol\u00f3giai rendezv\u00e9ny\u00e9n, a GITEX GLOBAL-on tal\u00e1lkozott Hatem Dowidar-ral, az e&amp; (kor\u00e1bban Etisalat Group) vez\u00e9rigazgat\u00f3j\u00e1val \u2013 sz\u00e1molt be r\u00f3la a k\u00f6z\u00f6ss\u00e9gi oldal\u00e1n a c\u00e9gvezet\u0151.<\/p>\n\n\n\n<p>A megbesz\u00e9l\u00e9sen a felek a ny\u00e1ron al\u00e1\u00edrt strat\u00e9giai egy\u00fcttm\u0171k\u00f6d\u00e9si meg\u00e1llapod\u00e1s v\u00e9grehajt\u00e1s\u00e1r\u00f3l egyeztettek, amely az Afrikai kontinenst Eur\u00f3p\u00e1val \u00e9s a K\u00f6zel-Kelettel \u00f6sszek\u00f6t\u0151 tenger alatti adatk\u00e1bel projekthez kapcsol\u00f3d\u00f3an magyarorsz\u00e1gi \u00e9s alb\u00e1niai adatk\u00f6zpont-beruh\u00e1z\u00e1sok el\u0151k\u00e9sz\u00edt\u00e9s\u00e9re, valamint t\u00e1vk\u00f6zl\u00e9si \u00e9s digit\u00e1lis infrastrukt\u00fara fejleszt\u00e9sekre ir\u00e1nyul.<\/p>\n\n\n\n<p>A t\u00e1rgyal\u00e1s kiemelt jelent\u0151s\u00e9g\u00e9t adja, hogy a m\u00falt h\u00e9ten az Eur\u00f3pai Bizotts\u00e1g \u00e9s a G\u00c9ANT (Eur\u00f3pa kutat\u00e1si \u00e9s oktat\u00e1si h\u00e1l\u00f3zati infrastrukt\u00far\u00e1j\u00e1t \u00f6sszefog\u00f3 nonprofit szervezet) is t\u00e1mogat\u00e1s\u00e1r\u00f3l biztos\u00edtotta a 4iG Csoport \u00e9s a Telecom Egypt tenger alatti adatk\u00e1bel-beruh\u00e1z\u00e1s\u00e1t. Az EAGLE (Egypt\u2013Albania Gateway Link to Europe) projekt c\u00e9lja, hogy alacsony k\u00e9sleltet\u00e9s\u0171, biztons\u00e1gos adatfolyos\u00f3t hozzon l\u00e9tre a Nyugat-Balk\u00e1n \u00e9s a kontinens f\u0151 adatk\u00f6zpontjai k\u00f6z\u00f6tt, el\u0151seg\u00edtve a t\u00e9rs\u00e9g digit\u00e1lis integr\u00e1ci\u00f3j\u00e1t. A 2000 kilom\u00e9teres rendszer Egyiptomot \u00e9s Alb\u00e1ni\u00e1t, valamint Olaszorsz\u00e1got k\u00f6ti majd \u00f6ssze, a 4iG sz\u00e1razf\u00f6ldi h\u00e1l\u00f3zat\u00e1hoz csatlakozva.<\/p>\n\n\n\n<p>Az Eur\u00f3pai Bizotts\u00e1g t\u00e1mogat\u00e1sa strat\u00e9giai elismer\u00e9s az Eur\u00f3pai Uni\u00f3n bel\u00fcl, amely meger\u0151s\u00edti a projekt kiemelt szerep\u00e9t \u00e9s egyben pozit\u00edv piaci jelz\u00e9st ad az ipar\u00e1gi szerepl\u0151knek \u2013 z\u00e1rul a bejegyz\u00e9s.<\/p>\n\n\n\n<p><mark style=\"background-color:#9b51e0\" class=\"has-inline-color has-white-color\">Tov\u00e1bb a cikkre:<\/mark> <a href=\"https:\/\/index.hu\/gazdasag\/2025\/10\/20\/4ig-jaszai-gellert-dubaj-technologia-rendezveny-targyalas-adatkabel-beruhazas\/\" target=\"_blank\" rel=\"noreferrer noopener\">index.hu<\/a> \u00e9s <a href=\"https:\/\/ir.te.eg\/en\/CorporateNews\/PressRelease\/186\/Telecom-Egypt-and-4IG-Sign-an-MoU-to-Construct-a-High-Capacity-Subsea-Cable-between-Egypt-and-Albania\" target=\"_blank\" rel=\"noreferrer noopener\">Telecom Egypt<\/a> \u00e9s <a href=\"https:\/\/balkanengineer.com\/events\/european-commission-backing-eagle-project-new-submarine-cable\" target=\"_blank\" rel=\"noreferrer noopener\">balkanengineer.com<\/a> \u00e9s <a href=\"https:\/\/connect.geant.org\/2025\/10\/15\/european-commission-geant-and-4ig-group-sign-a-joint-declaration-supporting-digital-infrastructure-and-subsea-cable-initiatives-in-the-western-balkans\" target=\"_blank\" rel=\"noreferrer noopener\">geant.org<\/a><\/p>\n","protected":false},"excerpt":{"rendered":"<p>Dubajban tal\u00e1lkozott a kor\u00e1bbi Etisalat Group vez\u00e9rigazgat\u00f3j\u00e1val J\u00e1szai Gell\u00e9rt, a 4iG Nyrt. eln\u00f6ke. A felek egy ny\u00e1ron megk\u00f6t\u00f6tt egy\u00fcttm\u0171k\u00f6d\u00e9si meg\u00e1llapod\u00e1sr\u00f3l&hellip;<\/p>\n","protected":false},"author":1,"featured_media":4433,"comment_status":"closed","ping_status":"closed","sticky":false,"template":"","format":"standard","meta":{"footnotes":""},"categories":[14],"tags":[],"class_list":["post-4432","post","type-post","status-publish","format-standard","has-post-thumbnail","hentry","category-tavkozles"],"_links":{"self":[{"href":"https:\/\/digitalnews.hu\/index.php?rest_route=\/wp\/v2\/posts\/4432","targetHints":{"allow":["GET"]}}],"collection":[{"href":"https:\/\/digitalnews.hu\/index.php?rest_route=\/wp\/v2\/posts"}],"about":[{"href":"https:\/\/digitalnews.hu\/index.php?rest_route=\/wp\/v2\/types\/post"}],"author":[{"embeddable":true,"href":"https:\/\/digitalnews.hu\/index.php?rest_route=\/wp\/v2\/users\/1"}],"replies":[{"embeddable":true,"href":"https:\/\/digitalnews.hu\/index.php?rest_route=%2Fwp%2Fv2%2Fcomments&post=4432"}],"version-history":[{"count":7,"href":"https:\/\/digitalnews.hu\/index.php?rest_route=\/wp\/v2\/posts\/4432\/revisions"}],"predecessor-version":[{"id":4582,"href":"https:\/\/digitalnews.hu\/index.php?rest_route=\/wp\/v2\/posts\/4432\/revisions\/4582"}],"wp:featuredmedia":[{"embeddable":true,"href":"https:\/\/digitalnews.hu\/index.php?rest_route=\/wp\/v2\/media\/4433"}],"wp:attachment":[{"href":"https:\/\/digitalnews.hu\/index.php?rest_route=%2Fwp%2Fv2%2Fmedia&parent=4432"}],"wp:term":[{"taxonomy":"category","embeddable":true,"href":"https:\/\/digitalnews.hu\/index.php?rest_route=%2Fwp%2Fv2%2Fcategories&post=4432"},{"taxonomy":"post_tag","embeddable":true,"href":"https:\/\/digitalnews.hu\/index.php?rest_route=%2Fwp%2Fv2%2Ftags&post=4432"}],"curies":[{"name":"wp","href":"https:\/\/api.w.org\/{rel}","templated":true}]}}