{"id":4448,"date":"2025-10-25T21:44:06","date_gmt":"2025-10-25T19:44:06","guid":{"rendered":"https:\/\/digitalnews.hu\/?p=4448"},"modified":"2025-11-09T13:28:48","modified_gmt":"2025-11-09T11:28:48","slug":"okos-lampaoszlopok-a-kormany-fulei-es-szemei","status":"publish","type":"post","link":"https:\/\/digitalnews.hu\/?p=4448","title":{"rendered":"Okos l\u00e1mpaoszlopok: A korm\u00e1ny f\u00fclei \u00e9s szemei"},"content":{"rendered":"\n<p>Hollandia-szerte az \u00f6nkorm\u00e1nyzatok \u00fagynevezett intelligens villanyoszlopokra cser\u00e9lik a r\u00e9gim\u00f3di l\u00e1mpaoszlopokat. A helyi \u00f6nkorm\u00e1nyzatok azt \u00e1ll\u00edtj\u00e1k, hogy ez az energetikai \u00e1t\u00e1ll\u00e1s r\u00e9sze: A Holland V\u00e1llalkoz\u00e1sfejleszt\u00e9si Szolg\u00e1lat (Rijksdienst voor Ondernemend Nederland) szerint az \u00faj LED-l\u00e1mp\u00e1k 60-80 sz\u00e1zal\u00e9kkal cs\u00f6kkentik az \u00e1ramfogyaszt\u00e1st, \u00e9s jobb f\u00e9nyt biztos\u00edtanak. Amit az \u00f6nkorm\u00e1nyzatok nem \u00e1rulnak el, az az, hogy ezek az \u201eintelligens\u201d villanyoszlopok egy t\u00f6meges megfigyel\u0151 \u00e1llam f\u00fclek\u00e9nt \u00e9s szemek\u00e9nt m\u0171k\u00f6dhetnek.<\/p>\n\n\n\n<figure class=\"wp-block-image size-full\"><img loading=\"lazy\" decoding=\"async\" width=\"800\" height=\"582\" src=\"https:\/\/digitalnews.hu\/wp-content\/uploads\/2025\/10\/Slimme-lantaarnpalen-de-oren-en-ogen-van-de-overheid.png.webp\" alt=\"\" class=\"wp-image-4567\" srcset=\"https:\/\/digitalnews.hu\/wp-content\/uploads\/2025\/10\/Slimme-lantaarnpalen-de-oren-en-ogen-van-de-overheid.png.webp 800w, https:\/\/digitalnews.hu\/wp-content\/uploads\/2025\/10\/Slimme-lantaarnpalen-de-oren-en-ogen-van-de-overheid.png-768x559.webp 768w, https:\/\/digitalnews.hu\/wp-content\/uploads\/2025\/10\/Slimme-lantaarnpalen-de-oren-en-ogen-van-de-overheid.png-600x437.webp 600w\" sizes=\"auto, (max-width: 800px) 100vw, 800px\" \/><\/figure>\n\n\n\n<p>Woerden, Hoek van Holland, Nissewaard, Nuenen, Baarn, Oude Pekela, Deurne, Breda, Hellendoorn, Rotterdam \u00e9s Deventer. Ezek csak n\u00e9h\u00e1ny p\u00e9lda a holland v\u00e1rosokra, ahol az elm\u00falt k\u00e9t \u00e9vben okos l\u00e1mpaoszlopokat telep\u00edtettek. A Brabantban tal\u00e1lhat\u00f3 Roosendaal is 2025 eleje \u00f3ta l\u00e1tja az \u00faj vil\u00e1g\u00edt\u00e1st. \u201e12 500 l\u00e1mpa LED-re val\u00f3 \u00e1talak\u00edt\u00e1sa egy feladat, de egy olyan, amely nagy megt\u00e9r\u00fcl\u00e9ssel j\u00e1r. Az \u00faj vil\u00e1g\u00edt\u00e1s mindenki sz\u00e1m\u00e1ra el\u0151ny\u00f6s helyzetet teremt. A LED-vil\u00e1g\u00edt\u00e1s nemcsak kevesebb energi\u00e1t fogyaszt, hanem az intelligens alkalmaz\u00e1sok a l\u00e1mp\u00e1kat is tomp\u00edtj\u00e1k, amikor csak lehets\u00e9ges\u201d \u2013 lelkendezett Klaar Koenraad, a GroenLinks fenntarthat\u00f3s\u00e1gi tan\u00e1csosa az \u00f6nkorm\u00e1nyzat honlapj\u00e1n. \u201eEz viszont tov\u00e1bbi energi\u00e1t takar\u00edt meg. Ily m\u00f3don mi, mint \u00f6nkorm\u00e1nyzat, szint\u00e9n l\u00e9p\u00e9st tesz\u00fcnk fenntarthat\u00f3s\u00e1gi c\u00e9ljaink el\u00e9r\u00e9se fel\u00e9.\u201d<\/p>\n\n\n\n<p>Roosendaal nem sz\u00e1mol be ezeknek a l\u00e1mpaoszlopoknak a h\u00e1tr\u00e1nyair\u00f3l. Az intelligens l\u00e1mpaoszlopok olyan \u00e9rz\u00e9kel\u0151kkel is felszerelhet\u0151k, mint a GPS-k\u00f6vet\u0151k, h\u0151m\u00e9rs\u00e9klet-, sebess\u00e9g-, g\u00e1z- \u00e9s p\u00e1ratartalom-\u00e9rz\u00e9kel\u0151k, szag\u00e9rz\u00e9kel\u0151k \u00e9s diff\u00fazorok, s\u0151t biometrikus felismer\u00e9ssel rendelkez\u0151 mini kamer\u00e1k is. Az FME, a technol\u00f3giai ipar\u00e1g v\u00e1llalkoz\u00f3i szervezete, \u00e9s a Sustainder l\u00e1mpaoszlop-gy\u00e1rt\u00f3 a j\u00f6v\u0151 t\u00e1rsadalm\u00e1nak &#8222;szemeinek \u00e9s f\u00fcleinek&#8221; nevezi az intelligens l\u00e1mp\u00e1kat, \u00e9s nem alaptalanul. A modern j\u00e1r\u00e1sfelismer\u0151 szoftverek m\u00e1r k\u00e9pesek felismerni az embereket a j\u00e1r\u00e1si st\u00edlusuk vagy ak\u00e1r a csontszerkezet\u00fck alapj\u00e1n. A roosendaali l\u00e1mpaoszlopok sz\u00e1ll\u00edt\u00f3ja, az InfraMarks azt \u00e1ll\u00edtja, hogy egy k\u00f6nnyen haszn\u00e1lhat\u00f3 kezel\u0151platformon \u00e9s k\u00fcl\u00f6nf\u00e9le \u00e9rz\u00e9kel\u0151k\u00f6n kereszt\u00fcl &#8222;\u00e9rt\u00e9kes inform\u00e1ci\u00f3kkal l\u00e1tja el a hat\u00f3s\u00e1gokat a k\u00f6rnyezetr\u0151l&#8221;.<\/p>\n\n\n\n<p>Ezt a tud\u00e1st szem el\u0151tt tartva a kritikusok arra figyelmeztetnek, hogy ha hagyjuk, hogy mindez folytat\u00f3djon, a l\u00e1mpaoszlop a szem\u00fcnk l\u00e1tt\u00e1ra kibontakoz\u00f3 t\u00f6meges megfigyel\u00e9si \u00e1llam ellen\u0151rz\u0151 eszk\u00f6zek\u00e9nt fog szolg\u00e1lni. Orsz\u00e1gszerte az agg\u00f3d\u00f3 polg\u00e1rok ez\u00e9rt egyre ink\u00e1bb \u00e1tl\u00e1that\u00f3s\u00e1got k\u00f6vetelnek az intelligens oszlopokkal kapcsolatban. A legt\u00f6bb m\u00e9dia \u00e9s politikus nem veszi komolyan ezeket az aggodalmakat. Az Omroep Brabant m\u00e9g azt is \u00edrta, hogy a brabanti \u00f6nkorm\u00e1nyzatokat el\u00e1rasztj\u00e1k az \u201e\u00f6sszeesk\u00fcv\u00e9s-elm\u00e9let h\u00edv\u0151k\u201d k\u00e9r\u00e9sei. \u201eLegal\u00e1bb tizenkilenc brabanti \u00f6nkorm\u00e1nyzat kapott k\u00e9rd\u00e9seket az elm\u00falt id\u0151szakban \u00f6sszeesk\u00fcv\u00e9s-elm\u00e9let h\u00edv\u0151kt\u0151l, akik \u00fagy v\u00e9lik, hogy titkos 5G-ad\u00f3k tal\u00e1lhat\u00f3k a l\u00e1mpaoszlopokban.\u201d Az Omroep Brabant l\u00e1that\u00f3an nem \u00e9rti, hogy az Autoriteit Persoonsgegevens (AP), a hollandiai f\u00fcggetlen fel\u00fcgyeleti hat\u00f3s\u00e1g, amely a szem\u00e9lyes adatok v\u00e9delm\u00e9t szorgalmazza, egy 2021-es jelent\u00e9sben azt \u00edrta, hogy \u201efenn\u00e1ll a vesz\u00e9lye annak, hogy egy olyan megfigyel\u0151 t\u00e1rsadalom fel\u00e9 haladunk, amelyben az ember m\u00e1r nem s\u00e9t\u00e1lhat szabadon az utc\u00e1n\u201d.<\/p>\n\n\n\n<p>Ez a figyelmeztet\u00e9s teljesen hely\u00e9nval\u00f3 \u2013 jegyzi meg egy akad\u00e9mikus, aki kutat\u00e1sokat v\u00e9gzett az intelligens l\u00e1mpaoszlopokkal kapcsolatban, \u00e9s tavaly kritikai szakdolgozatot \u00edrt a t\u00e9m\u00e1r\u00f3l. A kutat\u00f3 n\u00e9vtelens\u00e9get k\u00edv\u00e1n fenntartani, mivel az \u201eintelligens v\u00e1rosok\u201d \u201eintelligens l\u00e1mpaoszlopokkal\u201d t\u00f6rt\u00e9n\u0151, demokr\u00e1ciaellenes fejl\u0151d\u00e9s\u00e9nek ny\u00edlt kritik\u00e1ja kor\u00e1ntsem mindig \u00e9lvez elismer\u00e9st az \u0151 szakter\u00fclet\u00e9n. A hat\u00f3s\u00e1gok minden bizonnyal t\u00f6bb mint t\u00edz \u00e9ve k\u00eds\u00e9rleteznek ezzel an\u00e9lk\u00fcl, hogy t\u00e1j\u00e9koztatn\u00e1k a nyilv\u00e1noss\u00e1got. A kutat\u00f3 az eindhoveni Stratumseind \u200b\u200b\u200b\u200bprojektet id\u00e9zi. 2013 \u00e9s 2018 k\u00f6z\u00f6tt Hollandia leghosszabb, 250 m\u00e9ter hossz\u00fa b\u00e1rutc\u00e1ja \u00e9l\u0151 laborat\u00f3riumk\u00e9nt szolg\u00e1lt \u2013 a buliz\u00f3k tudta n\u00e9lk\u00fcl. Olyan nagyv\u00e1llalatok, mint az Atos, az IBM, az Intel, a Cisco \u00e9s a Philips, az \u00f6nkorm\u00e1nyzattal egy\u00fcttm\u0171k\u00f6dve inform\u00e1ci\u00f3kat gy\u0171jt\u00f6ttek a buliz\u00f3kr\u00f3l. A t\u00f6meget t\u00e1volr\u00f3l figyelt\u00e9k az intelligens l\u00e1mpaoszlopokba telep\u00edtett kamer\u00e1k \u00e9s mikrofonok seg\u00edts\u00e9g\u00e9vel. Az \u00fczemeltet\u0151k k\u00eds\u00e9rleteztek a f\u00e9nyer\u0151 be\u00e1ll\u00edt\u00e1s\u00e1val, hogy l\u00e1ss\u00e1k, ez fokozza-e vagy enyh\u00edti-e a helyzetet. A tud\u00f3sok azt felt\u00e9telezt\u00e9k, hogy az er\u0151s f\u00e9ny magabiztosabb\u00e1 teszi az embereket, kev\u00e9sb\u00e9 \u00e9rzik magukat anonimnak, \u00e9s jobb \u00f6nszab\u00e1lyoz\u00e1sra \u00f6szt\u00f6n\u00f6z. A viselked\u00e9si k\u00eds\u00e9rletekhez k\u00fcl\u00f6nf\u00e9le \u00e9rz\u00e9kel\u0151ket haszn\u00e1ltak: videokamer\u00e1kat, hang\u00e9rz\u00e9kel\u0151ket \u00e9s kamer\u00e1kat, Wi-Fi-k\u00f6vet\u0151 rendszereket, a k\u00f6z\u00f6ss\u00e9gi m\u00e9di\u00e1ban megjelen\u0151 \u201ehangulatelemz\u00e9s\u201d technol\u00f3gi\u00e1j\u00e1t, s\u0151t, egy meteorol\u00f3giai \u00e1llom\u00e1st is a p\u00e1ratartalom \u00e9s a csapad\u00e9k m\u00e9r\u00e9s\u00e9re. A kutat\u00f3k titokban r\u00f6gz\u00edtett\u00e9k, hogy h\u00e1nyan l\u00e9ptek be \u00e9s ki a r\u00e9tegt\u00e9rbe, \u00e9s milyen s\u0171r\u0171s\u00e9ggel. Emellett r\u00f6gz\u00edtett\u00e9k az emberek j\u00e1r\u00e1si szok\u00e1sait, hangjukban a stressz-szintet, a l\u00e1togat\u00f3k nemzetis\u00e9g\u00e9t \u00e9s tart\u00f3zkod\u00e1si hely\u00e9t a Vodafone-on kereszt\u00fcl megszerzett okostelefon-el\u0151fizet\u00e9si adatok alapj\u00e1n, valamint az utcai \u00e1tlagos zajszintet. Az ilyen t\u00edpus\u00fa adatok felhaszn\u00e1l\u00e1s\u00e1val a rend\u0151rs\u00e9gi adatok alapj\u00e1n \u00f6sszef\u00fcgg\u00e9st tal\u00e1ltak a k\u00f6rny\u00e9kbeli b\u0171n\u00f6z\u00e9sre gyakorolt \u200b\u200bhat\u00e1ssal.<\/p>\n\n\n\n<p>Az adatokat n\u00e9vtelen\u00fcl haszn\u00e1lt\u00e1k fel, ami azt jelentette, hogy a kutat\u00f3k nem s\u00e9rtett\u00e9k meg a GDPR-t\u00f6rv\u00e9nyt. A De Andere Kranttal nyilatkoz\u00f3 kutat\u00f3 szerint azonban a funkci\u00f3beli elterjed\u00e9s \u2013 a szem\u00e9lyes adatok, szoftverek vagy er\u0151forr\u00e1sok eredetileg nem k\u00edv\u00e1nt c\u00e9l\u00fa felhaszn\u00e1l\u00e1sa \u2013 tov\u00e1bbra is jelen van. \u201eEz olyan, mint a forr\u00f3 v\u00edzben l\u00e9v\u0151 b\u00e9ka t\u00f6rt\u00e9nete. Valamikor az infrastrukt\u00fara kudarcot vall. Amikor kudarcot vall, a rend\u0151rs\u00e9g int\u00e9zkedni kezd. \u00c9s miel\u0151tt \u00e9szrevenn\u00e9nk, az igazs\u00e1gszolg\u00e1ltat\u00e1s \u00e9s a v\u00e9delem is.\u201d<\/p>\n\n\n\n<p>V\u00e9lem\u00e9nye szerint nagy feladat meggy\u0151zni a lakoss\u00e1got arr\u00f3l, hogy jobban oda kell figyelni\u00fck az ilyen t\u00edpus\u00fa \u00f6nkorm\u00e1nyzati tervekre. \u201eA legt\u00f6bb ember bed\u0151l annak a PR-sztorinak, hogy az okos l\u00e1mpaoszlopok energi\u00e1t takar\u00edtanak meg. Egyet\u00e9rtek az energiamegtakar\u00edt\u00e1ssal. Ez j\u00f3. De ez a val\u00f3di ok? Val\u00f3ban energiatakar\u00e9kos dolog most lecser\u00e9lni a l\u00e1mpaoszlopokat, amelyek m\u00e9g tizen\u00f6t \u00e9vig kitarthattak volna? A 60-80 sz\u00e1zal\u00e9kos energiamegtakar\u00edt\u00e1s hazugs\u00e1gnak t\u0171nik sz\u00e1momra: Igaz, hogy a LED-ek energi\u00e1t takar\u00edtanak meg, de ugyanilyen igaz, hogy egy okos l\u00e1mpaoszlop a mag\u00e1n\u00e9let rov\u00e1s\u00e1ra megy. Ha a l\u00e1mpaoszlopot a telep\u00edt\u00e9s ut\u00e1n egy id\u0151 ut\u00e1n \u00e9rz\u00e9kel\u0151kkel t\u00f6ltik meg, az okos l\u00e1mpaoszlop hihetetlen mennyis\u00e9g\u0171 energi\u00e1t fogyaszt. Az \u00f6sszes adat feldolgoz\u00e1sa hihetetlen mennyis\u00e9g\u0171 \u00e1ramot fogyaszt. Ebben az esetben az \u00edg\u00e9rt energiamegtakar\u00edt\u00e1s elveszik, \u00e9s m\u00e1r nem igaz, hogy a l\u00e1mpaoszlop energi\u00e1t takar\u00edt meg. Teh\u00e1t az embereknek fel kell tenni\u00fck maguknak a k\u00e9rd\u00e9st: Feladjuk a mag\u00e1n\u00e9let\u00fcnket egy \u00fcres \u00edg\u00e9ret\u00e9rt? S\u00fcrg\u0151sen sz\u00fcks\u00e9g van egy etikai vit\u00e1ra err\u0151l, de akkor az embereknek azt is meg kell \u00e9rteni\u00fck, hogy mi t\u00f6rt\u00e9nik.\u201d<\/p>\n\n\n\n<p><mark style=\"background-color:#9b51e0\" class=\"has-inline-color has-white-color\">Tov\u00e1bb a cikkre:<\/mark> <a href=\"https:\/\/uncutnews.ch\/smarte-laternenmasten-die-ohren-und-augen-der-regierung\/\" target=\"_blank\" rel=\"noreferrer noopener\">uncutnews.ch<\/a> (Ido Dijkstra)<\/p>\n","protected":false},"excerpt":{"rendered":"<p>Hollandia-szerte az \u00f6nkorm\u00e1nyzatok \u00fagynevezett intelligens villanyoszlopokra cser\u00e9lik a r\u00e9gim\u00f3di l\u00e1mpaoszlopokat. A helyi \u00f6nkorm\u00e1nyzatok azt \u00e1ll\u00edtj\u00e1k, hogy ez az energetikai \u00e1t\u00e1ll\u00e1s&hellip;<\/p>\n","protected":false},"author":1,"featured_media":4449,"comment_status":"closed","ping_status":"closed","sticky":false,"template":"","format":"standard","meta":{"footnotes":""},"categories":[10],"tags":[],"class_list":["post-4448","post","type-post","status-publish","format-standard","has-post-thumbnail","hentry","category-megfigyelo-allam"],"_links":{"self":[{"href":"https:\/\/digitalnews.hu\/index.php?rest_route=\/wp\/v2\/posts\/4448","targetHints":{"allow":["GET"]}}],"collection":[{"href":"https:\/\/digitalnews.hu\/index.php?rest_route=\/wp\/v2\/posts"}],"about":[{"href":"https:\/\/digitalnews.hu\/index.php?rest_route=\/wp\/v2\/types\/post"}],"author":[{"embeddable":true,"href":"https:\/\/digitalnews.hu\/index.php?rest_route=\/wp\/v2\/users\/1"}],"replies":[{"embeddable":true,"href":"https:\/\/digitalnews.hu\/index.php?rest_route=%2Fwp%2Fv2%2Fcomments&post=4448"}],"version-history":[{"count":5,"href":"https:\/\/digitalnews.hu\/index.php?rest_route=\/wp\/v2\/posts\/4448\/revisions"}],"predecessor-version":[{"id":4569,"href":"https:\/\/digitalnews.hu\/index.php?rest_route=\/wp\/v2\/posts\/4448\/revisions\/4569"}],"wp:featuredmedia":[{"embeddable":true,"href":"https:\/\/digitalnews.hu\/index.php?rest_route=\/wp\/v2\/media\/4449"}],"wp:attachment":[{"href":"https:\/\/digitalnews.hu\/index.php?rest_route=%2Fwp%2Fv2%2Fmedia&parent=4448"}],"wp:term":[{"taxonomy":"category","embeddable":true,"href":"https:\/\/digitalnews.hu\/index.php?rest_route=%2Fwp%2Fv2%2Fcategories&post=4448"},{"taxonomy":"post_tag","embeddable":true,"href":"https:\/\/digitalnews.hu\/index.php?rest_route=%2Fwp%2Fv2%2Ftags&post=4448"}],"curies":[{"name":"wp","href":"https:\/\/api.w.org\/{rel}","templated":true}]}}