{"id":4454,"date":"2025-10-25T22:56:55","date_gmt":"2025-10-25T20:56:55","guid":{"rendered":"https:\/\/digitalnews.hu\/?p=4454"},"modified":"2025-11-09T13:24:21","modified_gmt":"2025-11-09T11:24:21","slug":"az-uzletekben-minden-keszen-all-a-megfigyelesi-allapotra","status":"publish","type":"post","link":"https:\/\/digitalnews.hu\/?p=4454","title":{"rendered":"Az \u00fczletekben minden k\u00e9szen \u00e1ll a teljes megfigyel\u00e9shez"},"content":{"rendered":"\n<p>Egy nijmegeni szupermarketben m\u00e1r 29 biztons\u00e1gi kamera m\u0171k\u00f6dik. \u201eSok \u00fczlet sz\u00e1m\u00e1ra az arcfelismer\u00e9s bevezet\u00e9se sz\u00f3 szerint csak egy kapcsol\u00f3 elford\u00edt\u00e1s\u00e1r\u00f3l sz\u00f3l\u201d \u2013 mondja Jaap Kasbergen, egy elektronikus \u00e1rucikk-megfigyel\u0151 rendszereket telep\u00edt\u0151 c\u00e9g igazgat\u00f3ja a De Andere Krantnak<br>adott interj\u00faban .<\/p>\n\n\n\n<p>Kasbergen figyelmeztet: Az \u00fczletek megfigyel\u00e9si k\u00e9pess\u00e9gei messze t\u00falmutatnak azon, amit a legt\u00f6bb ember gondol. A szupermarketek m\u00e1r rendelkeznek olyan rendszerekkel, amelyek nagy r\u00e9szletess\u00e9ggel k\u00e9pesek r\u00f6gz\u00edteni a v\u00e1s\u00e1rl\u00f3k viselked\u00e9s\u00e9t \u00e9s szem\u00e9lyazonoss\u00e1g\u00e1t.<\/p>\n\n\n\n<p>\u201eAmikor ezeket a rendszereket csatlakoztatj\u00e1k a digit\u00e1lis azonos\u00edt\u00f3hoz , a digit\u00e1lis eur\u00f3hoz \u00e9s a bev\u00e1s\u00e1rl\u00f3utc\u00e1k 5G antenn\u00e1ihoz , az ir\u00e1ny\u00edt\u00e1s teljes lesz.\u201d<\/p>\n\n\n\n<p>Z\u00f6kken\u0151mentes megfigyel\u00e9s a mindennapi \u00e9letben<br>Kasbergen szerint az emberek nincsenek tiszt\u00e1ban azzal, hogy mennyire figyelik \u0151ket v\u00e1s\u00e1rl\u00e1s k\u00f6zben. M\u00edg Hollandi\u00e1ban jelenleg tilos az arcfelismer\u00e9s, a kamer\u00e1k ak\u00e1r 28 napig is t\u00e1rolnak n\u00e9vtelen k\u00e9peket.<br>Kasbergen azonban egy olyan fejlem\u00e9nyre sz\u00e1m\u00edt, amelyben maga a nyilv\u00e1noss\u00e1g a szab\u00e1lyok enyh\u00edt\u00e9s\u00e9t k\u00f6veteli \u2013 p\u00e9ld\u00e1ul er\u0151szakos bolti lop\u00e1sok ut\u00e1n.<br>\u201eM\u00e1r most is feloldjuk a telefonjainkat az arcunkkal, \u00e9s fizet\u00fcnk is vel\u00fck. Akkor mi\u00e9rt ne lehetne ez a szupermarketekben is?\u201d \u2013 k\u00e9rdezi.<br>Az \u00faj k\u00ednai kamer\u00e1k m\u00e1r alapfelszerelts\u00e9gk\u00e9nt rendelkeznek Face ID- vel : \u201eSok \u00fczletben el\u00e9g egyetlen gombnyom\u00e1s az aktiv\u00e1l\u00e1shoz. Ezut\u00e1n \u00f6sszekapcsolhat\u00f3k egy olyan szoftverrel, amely automatikusan lek\u00e9ri a neveket \u00e9s az adatokat az internetr\u0151l \u2013 a v\u00e1s\u00e1rl\u00f3t a boltba val\u00f3 bel\u00e9p\u00e9skor azonos\u00edtj\u00e1k.\u201d<\/p>\n\n\n\n<p>A lop\u00e1smegel\u0151z\u00e9st\u0151l a viselked\u00e9selemz\u00e9sig<br>Kasbergen 1990 \u00f3ta dolgozik az ipar\u00e1gban, \u00e9s tan\u00faja volt annak, hogyan fejl\u0151dtek az egyszer\u0171 lop\u00e1sg\u00e1tl\u00f3 eszk\u00f6z\u00f6k komplex megfigyel\u0151rendszerr\u00e9.<br>Ma m\u00e1r t\u00f6bb sz\u00e1z kamera elemzi val\u00f3s id\u0151ben, hogy ki hogyan viselkedik \u2013 \u00e9szlelik a \u201egyan\u00fas mozg\u00e1sokat\u201d, p\u00e9ld\u00e1ul a t\u00e1rgyak t\u00e1sk\u00e1kba pakol\u00e1s\u00e1t, \u00e9s azonnal jelentik azokat a vezet\u0151s\u00e9gnek. Viselked\u00e9si adatokat<br>is gy\u0171jtenek: Milyen \u00fatvonalakat v\u00e1lasztanak a v\u00e1s\u00e1rl\u00f3k, mikor a legforgalmasabb az \u00fczlet, mely polcokat hagyj\u00e1k figyelmen k\u00edv\u00fcl? Ezeket az inform\u00e1ci\u00f3kat a hat\u00e9konys\u00e1g n\u00f6vel\u00e9s\u00e9re \u2013 \u00e9s a szem\u00e9lyzet l\u00e9tsz\u00e1m\u00e1nak cs\u00f6kkent\u00e9s\u00e9re \u2013 haszn\u00e1lj\u00e1k.<\/p>\n\n\n\n<p>Amikor az adat \u00e9s a p\u00e9nz \u00f6sszeolvad<br>Kasbergen arra figyelmeztet, hogy a megfigyel\u0151rendszerek, a digit\u00e1lis p\u00e9nz \u00e9s a digit\u00e1lis identit\u00e1s kombin\u00e1ci\u00f3ja t\u00f6k\u00e9letes infrastrukt\u00far\u00e1t teremt a viselked\u00e9skontrollhoz.<br>\u201eHa a korm\u00e1ny \u00fagy d\u00f6nt, hogy \u00e9ghajlati okokb\u00f3l csak hetente egyszer lehet h\u00fast enni, akkor a rendszer biztos\u00edtja, hogy csak hetente egyszer lehessen bel\u0151le v\u00e1s\u00e1rolni.\u201d<\/p>\n\n\n\n<p>A csendes \u00e1tmenet a teljes kontrollhoz<br>Az 1980-as \u00e9vek \u00f3ta \u2013 amikor a C&amp;A telep\u00edtette az els\u0151 biztons\u00e1gi kapukat \u2013 a megfigyel\u00e9s kiterjeszt\u00e9se fokozatosan normaliz\u00e1l\u00f3dott.<\/p>\n\n\n\n<p>Manaps\u00e1g a szupermarketekben legal\u00e1bb 25 kamera tal\u00e1lhat\u00f3 , amelyek \u00e9rz\u00e9kelik a nemet, az \u00e9letkort \u00e9s a mozg\u00e1sprofilokat, m\u00e9g az \u00fczleteken k\u00edv\u00fcl is. A tulajdonosok az adatokat a l\u00e1togat\u00f3i forgalom elemz\u00e9s\u00e9re \u00e9s a b\u00e9rleti d\u00edjak meghat\u00e1roz\u00e1s\u00e1ra haszn\u00e1lj\u00e1k; a hat\u00f3s\u00e1gok pedig a forgalomir\u00e1ny\u00edt\u00e1sra.<\/p>\n\n\n\n<p>Kasbergen l\u00e1tja a v\u00e1s\u00e1rl\u00e1si, forgalmi \u00e9s telekommunik\u00e1ci\u00f3s adatok teljes h\u00e1l\u00f3zatba kapcsol\u00e1s\u00e1nak vesz\u00e9ly\u00e9t .<\/p>\n\n\n\n<p>A digit\u00e1lis azonos\u00edt\u00f3 \u00e9s a programozhat\u00f3 p\u00e9nz r\u00e9v\u00e9n egy olyan rendszer van kialakul\u00f3ban, amely er\u0151sen hasonl\u00edt a k\u00ednai szoci\u00e1lis kreditmodellre \u2013 pontokkal a j\u00f3 magaviselet\u00e9rt \u00e9s b\u00fcntet\u00e9sekkel a szab\u00e1lys\u00e9rt\u00e9sek\u00e9rt.<br>\u201eMindez a p\u00e9nzt\u00e1rn\u00e1l hallhat\u00f3 s\u00edpol\u00e1ssal kezd\u0151d\u00f6tt\u201d \u2013 mondja \u2013, \u201e\u00e9s azzal v\u00e9gz\u0151dhet, hogy digit\u00e1lis azonos\u00edt\u00f3 n\u00e9lk\u00fcl m\u00e1r nem lehet bel\u00e9pni egy \u00fczletbe.\u201d<\/p>\n\n\n\n<p><mark style=\"background-color:#9b51e0\" class=\"has-inline-color has-white-color\">Tov\u00e1bb a cikkre:<\/mark> <a href=\"https:\/\/uncutnews.ch\/in-geschaeften-ist-alles-bereit-fuer-den-ueberwachungsstaat\/\" target=\"_blank\" rel=\"noreferrer noopener\">uncutnews.ch<\/a> (Flip Franssen)<\/p>\n","protected":false},"excerpt":{"rendered":"<p>Egy nijmegeni szupermarketben m\u00e1r 29 biztons\u00e1gi kamera m\u0171k\u00f6dik. \u201eSok \u00fczlet sz\u00e1m\u00e1ra az arcfelismer\u00e9s bevezet\u00e9se sz\u00f3 szerint csak egy kapcsol\u00f3 elford\u00edt\u00e1s\u00e1r\u00f3l&hellip;<\/p>\n","protected":false},"author":1,"featured_media":4455,"comment_status":"closed","ping_status":"closed","sticky":false,"template":"","format":"standard","meta":{"footnotes":""},"categories":[10],"tags":[],"class_list":["post-4454","post","type-post","status-publish","format-standard","has-post-thumbnail","hentry","category-megfigyelo-allam"],"_links":{"self":[{"href":"https:\/\/digitalnews.hu\/index.php?rest_route=\/wp\/v2\/posts\/4454","targetHints":{"allow":["GET"]}}],"collection":[{"href":"https:\/\/digitalnews.hu\/index.php?rest_route=\/wp\/v2\/posts"}],"about":[{"href":"https:\/\/digitalnews.hu\/index.php?rest_route=\/wp\/v2\/types\/post"}],"author":[{"embeddable":true,"href":"https:\/\/digitalnews.hu\/index.php?rest_route=\/wp\/v2\/users\/1"}],"replies":[{"embeddable":true,"href":"https:\/\/digitalnews.hu\/index.php?rest_route=%2Fwp%2Fv2%2Fcomments&post=4454"}],"version-history":[{"count":4,"href":"https:\/\/digitalnews.hu\/index.php?rest_route=\/wp\/v2\/posts\/4454\/revisions"}],"predecessor-version":[{"id":4563,"href":"https:\/\/digitalnews.hu\/index.php?rest_route=\/wp\/v2\/posts\/4454\/revisions\/4563"}],"wp:featuredmedia":[{"embeddable":true,"href":"https:\/\/digitalnews.hu\/index.php?rest_route=\/wp\/v2\/media\/4455"}],"wp:attachment":[{"href":"https:\/\/digitalnews.hu\/index.php?rest_route=%2Fwp%2Fv2%2Fmedia&parent=4454"}],"wp:term":[{"taxonomy":"category","embeddable":true,"href":"https:\/\/digitalnews.hu\/index.php?rest_route=%2Fwp%2Fv2%2Fcategories&post=4454"},{"taxonomy":"post_tag","embeddable":true,"href":"https:\/\/digitalnews.hu\/index.php?rest_route=%2Fwp%2Fv2%2Ftags&post=4454"}],"curies":[{"name":"wp","href":"https:\/\/api.w.org\/{rel}","templated":true}]}}