{"id":4466,"date":"2025-10-26T12:34:24","date_gmt":"2025-10-26T10:34:24","guid":{"rendered":"https:\/\/digitalnews.hu\/?p=4466"},"modified":"2025-11-09T13:18:48","modified_gmt":"2025-11-09T11:18:48","slug":"a-rheinmetall-egy-nagyszabasu-szerzodes-megkotesere-keszul-40-radarfelderito-muhold-szallitasara","status":"publish","type":"post","link":"https:\/\/digitalnews.hu\/?p=4466","title":{"rendered":"A Rheinmetall egy nagyszab\u00e1s\u00fa szerz\u0151d\u00e9s megk\u00f6t\u00e9s\u00e9re k\u00e9sz\u00fcl 40 radarfelder\u00edt\u0151 m\u0171hold sz\u00e1ll\u00edt\u00e1s\u00e1ra."},"content":{"rendered":"\n<p>A Hartpunkt a Handelsblattra hivatkozva arr\u00f3l sz\u00e1molt be , hogy a n\u00e9met Rheinmetall v\u00e9delmi konszern jelent\u0151s szerz\u0151d\u00e9st k\u00e9sz\u00fcl al\u00e1\u00edrni 40 radarfelder\u00edt\u0151 m\u0171hold sz\u00e1ll\u00edt\u00e1s\u00e1ra, amelyeket a finn Iceye c\u00e9ggel k\u00f6z\u00f6sen fognak l\u00e9trehozni .<\/p>\n\n\n\n<p>A projekt becs\u00fclt k\u00f6lts\u00e9ge k\u00f6r\u00fclbel\u00fcl 3 milli\u00e1rd eur\u00f3. A 25 milli\u00f3 eur\u00f3s projektfinansz\u00edroz\u00e1sra vonatkoz\u00f3 el\u0151zetes k\u00e9relmet v\u00e1rhat\u00f3an az \u00e9v v\u00e9g\u00e9ig beny\u00fajtj\u00e1k a Bundestag k\u00f6lts\u00e9gvet\u00e9si bizotts\u00e1g\u00e1hoz. A Rheinmetall \u00e9s az Iceye m\u00e1r l\u00e9trehozott egy k\u00f6z\u00f6s v\u00e1llalatot a projektre.<\/p>\n\n\n\n<p>A finn c\u00e9g jelenleg egy k\u00fcl\u00f6n\u00e1ll\u00f3 szolg\u00e1ltat\u00e1si projekt r\u00e9szek\u00e9nt l\u00e1tja el N\u00e9metorsz\u00e1got szintetikus apert\u00far\u00e1j\u00fa radar (SAR) m\u0171holdrendszer\u00e9nek adataival. A Bundeswehr jelenleg mind\u00f6ssze 10 saj\u00e1t m\u0171holdat \u00fczemeltet. Ha az \u00faj szerz\u0151d\u00e9st v\u00e9grehajtj\u00e1k, akkor el\u0151sz\u00f6r hoznak l\u00e9tre egy k\u00fcl\u00f6n m\u0171holdcsoportot a n\u00e9met hadsereg sz\u00e1m\u00e1ra.<\/p>\n\n\n\n<p>A szintetikus apert\u00far\u00e1j\u00fa radar (SAR) egy szintetikus apert\u00far\u00e1j\u00fa radar, amely f\u00e9ny helyett r\u00e1di\u00f3hull\u00e1mok seg\u00edts\u00e9g\u00e9vel k\u00e9sz\u00edt kiv\u00e1l\u00f3 min\u0151s\u00e9g\u0171 k\u00e9peket a F\u00f6ld felsz\u00edn\u00e9r\u0151l. A rep\u00fcl\u0151g\u00e9p vagy m\u0171hold mozg\u00e1sa k\u00f6zben \u00e9rkez\u0151 jelek kombin\u00e1l\u00e1s\u00e1val a SAR r\u00e9szletes, nagy felbont\u00e1s\u00fa k\u00e9pet hoz l\u00e9tre az id\u0151j\u00e1r\u00e1si vagy f\u00e9nyviszonyokt\u00f3l f\u00fcggetlen\u00fcl. A technol\u00f3gia felh\u0151k\u00f6n, f\u00fcst\u00f6n \u00e9s \u00e9jszaka is m\u0171k\u00f6dik, lehet\u0151v\u00e9 t\u00e9ve a n\u00f6v\u00e9nyzet vagy \u00e1lc\u00e1z\u00e1s alatti objektumok \u00e9szlel\u00e9s\u00e9t, \u00e9s katonai felder\u00edt\u00e9sben, m\u0171holdas megfigyel\u00e9sben, geol\u00f3gi\u00e1ban \u00e9s tengeri megfigyel\u00e9sben haszn\u00e1lj\u00e1k.<\/p>\n\n\n\n<figure class=\"wp-block-image size-full\"><img loading=\"lazy\" decoding=\"async\" width=\"1024\" height=\"576\" src=\"https:\/\/digitalnews.hu\/wp-content\/uploads\/2025\/10\/afb92e4ce8a2dd84acba7562a0385c361761423111.webp\" alt=\"\" class=\"wp-image-4474\" srcset=\"https:\/\/digitalnews.hu\/wp-content\/uploads\/2025\/10\/afb92e4ce8a2dd84acba7562a0385c361761423111.webp 1024w, https:\/\/digitalnews.hu\/wp-content\/uploads\/2025\/10\/afb92e4ce8a2dd84acba7562a0385c361761423111-768x432.webp 768w, https:\/\/digitalnews.hu\/wp-content\/uploads\/2025\/10\/afb92e4ce8a2dd84acba7562a0385c361761423111-600x338.webp 600w\" sizes=\"auto, (max-width: 1024px) 100vw, 1024px\" \/><\/figure>\n\n\n\n<p>Szak\u00e9rt\u0151k becsl\u00e9se szerint K\u00edna m\u00e1r k\u00f6r\u00fclbel\u00fcl 1200 katonai m\u0171holddal rendelkezik, \u00e9s havonta egyre t\u00f6bbel b\u0151v\u00edti a k\u00edn\u00e1lat\u00e1t. A megfigyel\u00e9si s\u0171r\u0171s\u00e9g\u00fck, k\u00fcl\u00f6n\u00f6sen a D\u00e9l-k\u00ednai-tenger felett, lehet\u0151v\u00e9 teheti a sz\u00e1razf\u00f6ldi harci m\u0171veletek p\u00e1ly\u00e1r\u00f3l t\u00f6rt\u00e9n\u0151 ir\u00e1ny\u00edt\u00e1s\u00e1t.<\/p>\n\n\n\n<p>Boris Pistorius v\u00e9delmi miniszter egy berlini \u0171rkonferenci\u00e1n bejelentette, hogy 2030-ig mintegy 35 milli\u00e1rd eur\u00f3t k\u00edv\u00e1n befektetni az \u0171rbiztons\u00e1gba. A Rheinmetall-lal k\u00f6t\u00f6tt szerz\u0151d\u00e9st az egyik kulcsfontoss\u00e1g\u00fa l\u00e9p\u00e9snek tekintik. A felder\u00edt\u00e9s mellett a kommunik\u00e1ci\u00f3ra \u00e9s a jelelfog\u00e1sra szolg\u00e1l\u00f3 m\u0171holdas rendszerek l\u00e9trehoz\u00e1s\u00e1t is tervezik. Els\u0151bbs\u00e9get \u00e9lveznek az alacsony F\u00f6ld k\u00f6r\u00fcli p\u00e1ly\u00e1n kering\u0151, lehet\u0151leg n\u00e9met gy\u00e1rt\u00e1s\u00fa m\u0171holdak.<\/p>\n\n\n\n<p>Pistorius arr\u00f3l is besz\u00e1molt, hogy a Bundeswehr \u00e1ltal haszn\u00e1lt kommunik\u00e1ci\u00f3s m\u0171holdakat k\u00e9t orosz Luch-Olympus felder\u00edt\u0151 m\u0171hold figyeli. A fenyeget\u00e9sekre v\u00e1laszul a miniszter \u201eintelligens\u201d befoly\u00e1sol\u00e1si eszk\u00f6z\u00f6k, k\u00fcl\u00f6n\u00f6sen \u0171rszem\u00e9tet nem termel\u0151 l\u00e9zerrendszerek beszerz\u00e9s\u00e9t jelentette be. Fontol\u00f3ra veszik az ellens\u00e9ges rep\u00fcl\u0151g\u00e9pek nyomon k\u00f6vet\u00e9s\u00e9re alkalmas \u201evad\u00e1szm\u0171holdak\u201d beszerz\u00e9s\u00e9nek lehet\u0151s\u00e9g\u00e9t is.<\/p>\n\n\n\n<p>Tavaly novemberben v\u00e1lt ismertt\u00e9, hogy az ukr\u00e1n hadsereg ingyenes hozz\u00e1f\u00e9r\u00e9st kapott az ICEYE SAR m\u0171holdak k\u00e9peihez. Ez az ukr\u00e1n v\u00e9delmi miniszt\u00e9rium, a Rheinmetall \u00e9s az ICEYE k\u00f6z\u00f6tti szerz\u0151d\u00e9s al\u00e1\u00edr\u00e1s\u00e1nak k\u00f6sz\u00f6nhet\u0151en v\u00e1lt lehet\u0151v\u00e9.<\/p>\n\n\n\n<p>A Szerhij Prytula J\u00f3t\u00e9konys\u00e1gi Alap\u00edtv\u00e1ny 2022-ben az ICEYE-vel \u00edrt al\u00e1 szerz\u0151d\u00e9st a m\u0171holdas adatokhoz val\u00f3 hozz\u00e1f\u00e9r\u00e9sr\u0151l.<\/p>\n\n\n\n<p><mark style=\"background-color:#9b51e0\" class=\"has-inline-color has-white-color\">Tov\u00e1bb a cikkre:<\/mark> <a href=\"https:\/\/oboronka.mezha.ua\/rheinmetall-mozhe-otrimati-kontrakt-na-stvorennya-40-suputnikiv-dlya-bundesveru-305845\/\" target=\"_blank\" rel=\"noreferrer noopener\">mezha.ua<\/a> (Vlad Cserevko) \u00e9s <a href=\"https:\/\/www.iceye.com\/\" target=\"_blank\" rel=\"noreferrer noopener\">iceye.com<\/a><\/p>\n","protected":false},"excerpt":{"rendered":"<p>A Hartpunkt a Handelsblattra hivatkozva arr\u00f3l sz\u00e1molt be , hogy a n\u00e9met Rheinmetall v\u00e9delmi konszern jelent\u0151s szerz\u0151d\u00e9st k\u00e9sz\u00fcl al\u00e1\u00edrni 40&hellip;<\/p>\n","protected":false},"author":1,"featured_media":4469,"comment_status":"closed","ping_status":"closed","sticky":false,"template":"","format":"standard","meta":{"footnotes":""},"categories":[58],"tags":[],"class_list":["post-4466","post","type-post","status-publish","format-standard","has-post-thumbnail","hentry","category-dron-hadsereg"],"_links":{"self":[{"href":"https:\/\/digitalnews.hu\/index.php?rest_route=\/wp\/v2\/posts\/4466","targetHints":{"allow":["GET"]}}],"collection":[{"href":"https:\/\/digitalnews.hu\/index.php?rest_route=\/wp\/v2\/posts"}],"about":[{"href":"https:\/\/digitalnews.hu\/index.php?rest_route=\/wp\/v2\/types\/post"}],"author":[{"embeddable":true,"href":"https:\/\/digitalnews.hu\/index.php?rest_route=\/wp\/v2\/users\/1"}],"replies":[{"embeddable":true,"href":"https:\/\/digitalnews.hu\/index.php?rest_route=%2Fwp%2Fv2%2Fcomments&post=4466"}],"version-history":[{"count":6,"href":"https:\/\/digitalnews.hu\/index.php?rest_route=\/wp\/v2\/posts\/4466\/revisions"}],"predecessor-version":[{"id":4559,"href":"https:\/\/digitalnews.hu\/index.php?rest_route=\/wp\/v2\/posts\/4466\/revisions\/4559"}],"wp:featuredmedia":[{"embeddable":true,"href":"https:\/\/digitalnews.hu\/index.php?rest_route=\/wp\/v2\/media\/4469"}],"wp:attachment":[{"href":"https:\/\/digitalnews.hu\/index.php?rest_route=%2Fwp%2Fv2%2Fmedia&parent=4466"}],"wp:term":[{"taxonomy":"category","embeddable":true,"href":"https:\/\/digitalnews.hu\/index.php?rest_route=%2Fwp%2Fv2%2Fcategories&post=4466"},{"taxonomy":"post_tag","embeddable":true,"href":"https:\/\/digitalnews.hu\/index.php?rest_route=%2Fwp%2Fv2%2Ftags&post=4466"}],"curies":[{"name":"wp","href":"https:\/\/api.w.org\/{rel}","templated":true}]}}