{"id":5102,"date":"2025-12-09T11:12:07","date_gmt":"2025-12-09T09:12:07","guid":{"rendered":"https:\/\/digitalnews.hu\/?p=5102"},"modified":"2025-12-17T00:58:19","modified_gmt":"2025-12-16T22:58:19","slug":"vilagkaosz-a-rejtett-vezerfonal","status":"publish","type":"post","link":"https:\/\/digitalnews.hu\/?p=5102","title":{"rendered":"Vil\u00e1gk\u00e1osz &#8211; A rejtett vez\u00e9rfonal"},"content":{"rendered":"\n<p><mark style=\"background-color:#9b51e0\" class=\"has-inline-color has-white-color\">Ki ir\u00e1ny\u00edtja a vil\u00e1gk\u00e1oszt?<\/mark> <a href=\"https:\/\/www.kla.tv\/39432\" target=\"_blank\" rel=\"noreferrer noopener\">Interj\u00fa Ernst Wolff-fal<\/a><\/p>\n","protected":false},"excerpt":{"rendered":"<p>Ki ir\u00e1ny\u00edtja a vil\u00e1gk\u00e1oszt? Interj\u00fa Ernst Wolff-fal<\/p>\n","protected":false},"author":1,"featured_media":5103,"comment_status":"closed","ping_status":"closed","sticky":false,"template":"","format":"standard","meta":{"footnotes":""},"categories":[5,11],"tags":[],"class_list":["post-5102","post","type-post","status-publish","format-standard","has-post-thumbnail","hentry","category-cbdc","category-digitalis-allampolgarsag-egov-eid"],"_links":{"self":[{"href":"https:\/\/digitalnews.hu\/index.php?rest_route=\/wp\/v2\/posts\/5102","targetHints":{"allow":["GET"]}}],"collection":[{"href":"https:\/\/digitalnews.hu\/index.php?rest_route=\/wp\/v2\/posts"}],"about":[{"href":"https:\/\/digitalnews.hu\/index.php?rest_route=\/wp\/v2\/types\/post"}],"author":[{"embeddable":true,"href":"https:\/\/digitalnews.hu\/index.php?rest_route=\/wp\/v2\/users\/1"}],"replies":[{"embeddable":true,"href":"https:\/\/digitalnews.hu\/index.php?rest_route=%2Fwp%2Fv2%2Fcomments&post=5102"}],"version-history":[{"count":2,"href":"https:\/\/digitalnews.hu\/index.php?rest_route=\/wp\/v2\/posts\/5102\/revisions"}],"predecessor-version":[{"id":5105,"href":"https:\/\/digitalnews.hu\/index.php?rest_route=\/wp\/v2\/posts\/5102\/revisions\/5105"}],"wp:featuredmedia":[{"embeddable":true,"href":"https:\/\/digitalnews.hu\/index.php?rest_route=\/wp\/v2\/media\/5103"}],"wp:attachment":[{"href":"https:\/\/digitalnews.hu\/index.php?rest_route=%2Fwp%2Fv2%2Fmedia&parent=5102"}],"wp:term":[{"taxonomy":"category","embeddable":true,"href":"https:\/\/digitalnews.hu\/index.php?rest_route=%2Fwp%2Fv2%2Fcategories&post=5102"},{"taxonomy":"post_tag","embeddable":true,"href":"https:\/\/digitalnews.hu\/index.php?rest_route=%2Fwp%2Fv2%2Ftags&post=5102"}],"curies":[{"name":"wp","href":"https:\/\/api.w.org\/{rel}","templated":true}]}}