{"id":5128,"date":"2025-12-15T22:11:48","date_gmt":"2025-12-15T20:11:48","guid":{"rendered":"https:\/\/digitalnews.hu\/?p=5128"},"modified":"2025-12-15T22:11:48","modified_gmt":"2025-12-15T20:11:48","slug":"magyarorszag-szamara-kritikus-adotorony-halozatot-adott-el-a-4ig","status":"publish","type":"post","link":"https:\/\/digitalnews.hu\/?p=5128","title":{"rendered":"Magyarorsz\u00e1g sz\u00e1m\u00e1ra kritikus ad\u00f3torony-h\u00e1l\u00f3zatot adott el a 4iG"},"content":{"rendered":"\n<p>Fontos m\u00e9rf\u00f6ldk\u0151h\u00f6z \u00e9rkezett a magyar t\u00e1vk\u00f6zl\u00e9si piac. A 4iG megv\u00e1lik orsz\u00e1gos m\u0171sorsz\u00f3r\u00f3 v\u00e1llalat\u00e1t\u00f3l, amely teljes eg\u00e9sz\u00e9ben \u00e1llami tulajdonba ker\u00fcl. Ez a v\u00e1ltoz\u00e1s a m\u0171sorsz\u00f3r\u00f3-infrastrukt\u00fara konszolid\u00e1ci\u00f3j\u00e1t szolg\u00e1lja, amit a 2024 v\u00e9g\u00e9n megjelent korm\u00e1nyrendelet is el\u0151\u00edrt. A lakoss\u00e1g szempontj\u00e1b\u00f3l az alapvet\u0151 szolg\u00e1ltat\u00e1sok zavartalanul megmaradnak.<\/p>\n\n\n\n<p>A hazai t\u00e1vk\u00f6zl\u00e9si szektor egyik meghat\u00e1roz\u00f3 \u00e1trendez\u0151d\u00e9se zajlik a napokban: a 4iG T\u00e1vk\u00f6zl\u00e9si Holding Zrt. \u00e9rt\u00e9kes\u00edti a teljes orsz\u00e1gos m\u0171sorsz\u00f3r\u00f3 infrastrukt\u00far\u00e1t tulajdonl\u00f3 \u00e9s \u00fczemeltet\u0151 4iG M\u0171sorsz\u00f3r\u00f3 Infrastrukt\u00fara Kft. 100 sz\u00e1zal\u00e9kos \u00fczletr\u00e9sz\u00e9t a Pro-M Professzion\u00e1lis Mobil \u00e9s H\u00e1l\u00f3zati Szolg\u00e1ltat\u00f3 Zrt.-nek. A tranzakci\u00f3val a f\u00f6ldfelsz\u00edni r\u00e1di\u00f3s \u00e9s telev\u00edzi\u00f3s m\u0171sorsz\u00f3r\u00e1s biztos\u00edt\u00e1sa teljes eg\u00e9sz\u00e9ben \u00e1llami tulajdonba ker\u00fcl, ami \u00faj szakaszt nyit a kritikus h\u00edrk\u00f6zl\u00e9si rendszerek konszolid\u00e1ci\u00f3j\u00e1ban \u00e9s \u00fczemeltet\u00e9s\u00e9ben.<\/p>\n\n\n\n<p>A meg\u00e1llapod\u00e1s jelent\u0151s\u00e9ge t\u00falmutat az \u00fczleti tranzakci\u00f3n: az \u00e1llamhoz ker\u00fcl\u0151 infrastrukt\u00fara \u00f6sszesen 137 telephelyb\u0151l \u00e1ll, k\u00f6zt\u00fck 90 saj\u00e1t tulajdon\u00fa ad\u00f3toronnyal, melyek a mindennapi m\u0171sorsz\u00f3r\u00e1s mellett kulcsszerepet t\u00f6ltenek be a lakoss\u00e1gi riaszt\u00e1si \u00e9s vesz\u00e9lyhelyzeti kommunik\u00e1ci\u00f3s feladatokban. A h\u00e1l\u00f3zat \u00fczemeltet\u00e9s\u00e9vel egy\u00fctt az Orsz\u00e1gos L\u00e9giriaszt\u00e1si Rendszer m\u0171k\u00f6dtet\u00e9se is a Pro-M-hez ker\u00fcl, amely egy esetleges v\u00e9szhelyzetben minden telev\u00edzi\u00f3s \u00e9s r\u00e1di\u00f3s frekvenci\u00e1n kereszt\u00fcl k\u00e9pes el\u00e9rni a lakoss\u00e1got az M1 \u00e9s a Kossuth r\u00e1di\u00f3 ad\u00e1sain kereszt\u00fcl.<\/p>\n\n\n\n<p>A tranzakci\u00f3 \u00f6sszhangban \u00e1ll a 410\/2024. (XII. 20.) korm\u00e1nyrendelet c\u00e9lkit\u0171z\u00e9seivel, amely el\u0151\u00edrja, hogy az \u00e1llami feladatokhoz kapcsol\u00f3d\u00f3 t\u00e1vk\u00f6zl\u00e9si \u00e9s m\u0171sorsz\u00f3r\u00f3-infrastrukt\u00far\u00e1k egy k\u00e9zben, \u00f6sszehangolt m\u00f3don biztos\u00edts\u00e1k a k\u00f6zszolg\u00e1lati m\u0171sorok tov\u00e1bb\u00edt\u00e1s\u00e1t, valamint a vesz\u00e9lyhelyzeti kommunik\u00e1ci\u00f3 magas rendelkez\u00e9sre \u00e1ll\u00e1s\u00e1t. A d\u00f6nt\u00e9shoz\u00f3k sz\u00e1nd\u00e9ka, hogy a k\u00f6zszolg\u00e1lati tartalmak sug\u00e1rz\u00e1sa \u00e9s a lakoss\u00e1g gyors, hiteles t\u00e1j\u00e9koztat\u00e1sa egyetlen integr\u00e1lt rendszerben, a p\u00e1rhuzamos kapacit\u00e1sok cs\u00f6kkent\u00e9s\u00e9vel \u00e9s a rendszerbiztons\u00e1g n\u00f6vel\u00e9s\u00e9vel val\u00f3suljon meg.<\/p>\n\n\n\n<p>A 4iG csoport sz\u00e1m\u00e1ra az \u00e9rt\u00e9kes\u00edt\u00e9s egy \u00fajabb l\u00e9p\u00e9s annak \u00e9rdek\u00e9ben, hogy racionaliz\u00e1lja \u00e9s f\u00f3kusz\u00e1ltabb\u00e1 tegye portf\u00f3li\u00f3j\u00e1t, \u00e9s megv\u00e1ljon azokt\u00f3l a h\u00edrk\u00f6zl\u00e9si infrastrukt\u00far\u00e1kt\u00f3l, amelyek kev\u00e9sb\u00e9 illeszkednek a v\u00e1llalat f\u0151 \u00fczleti tev\u00e9kenys\u00e9g\u00e9hez. A most \u00e1tadott t\u00e1rsas\u00e1g m\u0171k\u00f6d\u00e9se ugyanakkor a j\u00f6v\u0151ben is v\u00e1ltozatlan marad: tov\u00e1bbra is biztos\u00edtja majd az orsz\u00e1gos anal\u00f3g r\u00e1di\u00f3s (AM \u00e9s FM), valamint a digit\u00e1lis f\u00f6ldfelsz\u00edni telev\u00edzi\u00f3s m\u0171sorsz\u00f3r\u00e1st (DVB-T, DVB-T2). Partnerei k\u00f6z\u00f6tt megtal\u00e1lhat\u00f3k a k\u00f6zszolg\u00e1lati \u00e9s kereskedelmi csatorn\u00e1k, illetve a region\u00e1lis \u00e9s helyi m\u00e9diaszolg\u00e1ltat\u00f3k is.<\/p>\n\n\n\n<p>A portf\u00f3li\u00f3hoz t\u00f6bb meghat\u00e1roz\u00f3 l\u00e9tes\u00edtm\u00e9ny tartozik:<\/p>\n\n\n\n<p>a Sz\u00e9chenyi-hegyi Orsz\u00e1gos Mikrohull\u00e1m\u00fa K\u00f6zpont (OMK) a r\u00e1di\u00f3s \u00e9s telev\u00edzi\u00f3s m\u0171sorok sz\u00f3r\u00e1s\u00e1nak \u00e9s sz\u00e9toszt\u00e1s\u00e1nak k\u00f6zpontja,<br>m\u00edg a solti k\u00f6z\u00e9phull\u00e1m\u00fa r\u00e1di\u00f3ad\u00f3 \u00e1llom\u00e1s tov\u00e1bbra is a magyar m\u0171sorsz\u00f3r\u00e1si rendszer egyik legfontosabb pill\u00e9re marad.<br>A t\u00e1rnoki m\u00e9r\u0151\u00e1llom\u00e1s is a v\u00e1llalat r\u00e9sze, amely az FM r\u00e1di\u00f3ad\u00f3k min\u0151s\u00e9gi param\u00e9tereit elemzi, m\u00e9ri \u00e9s r\u00f6gz\u00edti a DVB-T\/T2 csatorn\u00e1k jelszintjeit \u00e9s s\u00e1vsz\u00e9less\u00e9geit, valamint t\u00f6bb t\u00e1vvez\u00e9relt m\u00e9r\u00e9si pont adatainak fogad\u00e1s\u00e1\u00e9rt \u00e9s feldolgoz\u00e1s\u00e1\u00e9rt felel.<br>A telephely nemzetk\u00f6zi szerepet is bet\u00f6lt, hiszen az AMOS m\u0171hold magyarorsz\u00e1gi monitoring\u00e1llom\u00e1sak\u00e9nt m\u0171k\u00f6dik, t\u00f6bbek k\u00f6z\u00f6tt a SpaceCom \u00e9s az IAI sz\u00e1m\u00e1ra.<\/p>\n\n\n\n<p>A mostani tulajdonosv\u00e1lt\u00e1s teljess\u00e9 teszi a korm\u00e1nyzati h\u00e1l\u00f3zatok konszolid\u00e1ci\u00f3j\u00e1r\u00f3l sz\u00f3l\u00f3 tavalyi d\u00f6nt\u00e9st, \u00e9s lez\u00e1r egy t\u00f6bb\u00e9ves folyamatot, melynek c\u00e9lja a l\u00e9tfontoss\u00e1g\u00fa h\u00edrk\u00f6zl\u00e9si rendszerek egys\u00e9ges\u00edt\u00e9se. A d\u00f6nt\u00e9shoz\u00f3k szerint ezzel hossz\u00fa t\u00e1von n\u0151 a rendszerbiztons\u00e1g, m\u00e9rs\u00e9kl\u0151dnek a p\u00e1rhuzamos infrastrukt\u00far\u00e1k fenntart\u00e1si k\u00f6lts\u00e9gei, \u00e9s egy \u00e1tl\u00e1that\u00f3bb, egys\u00e9gesebb keretrendszer j\u00f6n l\u00e9tre a k\u00f6zszolg\u00e1lati \u00e9s vesz\u00e9lyhelyzeti kommunik\u00e1ci\u00f3 m\u0171k\u00f6dtet\u00e9s\u00e9hez.<\/p>\n\n\n\n<p><mark style=\"background-color:#9b51e0\" class=\"has-inline-color has-white-color\">Tov\u00e1bb a cikkre:<\/mark> <a href=\"https:\/\/www.vg.hu\/vilaggazdasag-magyar-gazdasag\/2025\/12\/4ig-hazai-tavkozles-adotoronyhalozat-eladas-hirkozles\">vg.hu<\/a><\/p>\n","protected":false},"excerpt":{"rendered":"<p>Fontos m\u00e9rf\u00f6ldk\u0151h\u00f6z \u00e9rkezett a magyar t\u00e1vk\u00f6zl\u00e9si piac. A 4iG megv\u00e1lik orsz\u00e1gos m\u0171sorsz\u00f3r\u00f3 v\u00e1llalat\u00e1t\u00f3l, amely teljes eg\u00e9sz\u00e9ben \u00e1llami tulajdonba ker\u00fcl. Ez&hellip;<\/p>\n","protected":false},"author":1,"featured_media":5129,"comment_status":"closed","ping_status":"closed","sticky":false,"template":"","format":"standard","meta":{"footnotes":""},"categories":[23],"tags":[],"class_list":["post-5128","post","type-post","status-publish","format-standard","has-post-thumbnail","hentry","category-media"],"_links":{"self":[{"href":"https:\/\/digitalnews.hu\/index.php?rest_route=\/wp\/v2\/posts\/5128","targetHints":{"allow":["GET"]}}],"collection":[{"href":"https:\/\/digitalnews.hu\/index.php?rest_route=\/wp\/v2\/posts"}],"about":[{"href":"https:\/\/digitalnews.hu\/index.php?rest_route=\/wp\/v2\/types\/post"}],"author":[{"embeddable":true,"href":"https:\/\/digitalnews.hu\/index.php?rest_route=\/wp\/v2\/users\/1"}],"replies":[{"embeddable":true,"href":"https:\/\/digitalnews.hu\/index.php?rest_route=%2Fwp%2Fv2%2Fcomments&post=5128"}],"version-history":[{"count":1,"href":"https:\/\/digitalnews.hu\/index.php?rest_route=\/wp\/v2\/posts\/5128\/revisions"}],"predecessor-version":[{"id":5130,"href":"https:\/\/digitalnews.hu\/index.php?rest_route=\/wp\/v2\/posts\/5128\/revisions\/5130"}],"wp:featuredmedia":[{"embeddable":true,"href":"https:\/\/digitalnews.hu\/index.php?rest_route=\/wp\/v2\/media\/5129"}],"wp:attachment":[{"href":"https:\/\/digitalnews.hu\/index.php?rest_route=%2Fwp%2Fv2%2Fmedia&parent=5128"}],"wp:term":[{"taxonomy":"category","embeddable":true,"href":"https:\/\/digitalnews.hu\/index.php?rest_route=%2Fwp%2Fv2%2Fcategories&post=5128"},{"taxonomy":"post_tag","embeddable":true,"href":"https:\/\/digitalnews.hu\/index.php?rest_route=%2Fwp%2Fv2%2Ftags&post=5128"}],"curies":[{"name":"wp","href":"https:\/\/api.w.org\/{rel}","templated":true}]}}