{"id":5131,"date":"2025-12-15T22:23:57","date_gmt":"2025-12-15T20:23:57","guid":{"rendered":"https:\/\/digitalnews.hu\/?p=5131"},"modified":"2025-12-15T22:27:40","modified_gmt":"2025-12-15T20:27:40","slug":"a-4ig-megszerezte-egy-ujabb-ceg-90-szazalekos-uzletreszet","status":"publish","type":"post","link":"https:\/\/digitalnews.hu\/?p=5131","title":{"rendered":"A 4iG megszerezte egy \u00fajabb c\u00e9g 90 sz\u00e1zal\u00e9kos \u00fczletr\u00e9sz\u00e9t"},"content":{"rendered":"\n<p>90 sz\u00e1zal\u00e9kos \u00fczletr\u00e9szt v\u00e1s\u00e1rol a 4iG Informatikai Zrt. a Mobil Adat Kft.-ben. A tranzakci\u00f3 c\u00e9lja a 4iG Csoport digit\u00e1lis \u00f6kosziszt\u00e9m\u00e1j\u00e1nak b\u0151v\u00edt\u00e9se, legink\u00e1bb az online p\u00e9nzt\u00e1rg\u00e9pek, automat\u00e1k, e-t\u00f6lt\u0151k \u00e9s okosm\u00e9r\u0151k adatkommunik\u00e1ci\u00f3ja \u00e9rdek\u00e9ben.<br>A 4iG Informatikai Zrt. (4iG IT) 90 sz\u00e1zal\u00e9kos \u00fczletr\u00e9szt v\u00e1s\u00e1rol az IoT adatkommunik\u00e1ci\u00f3s technol\u00f3gi\u00e1kra specializ\u00e1l\u00f3dott Mobil Adat T\u00e1vk\u00f6zl\u00e9si \u00e9s Informatikai Szolg\u00e1ltat\u00f3 Kft.-ben (Mobil Adat). A szerz\u0151d\u00e9s \u00e9rtelm\u00e9ben a 4iG IT a Mobil Adat Holding Zrt.-t\u0151l \u00e9s a SHOAL Vagyonkezel\u0151 Zrt.-t\u0151l egyar\u00e1nt 45\u201345 sz\u00e1zal\u00e9kos tulajdonr\u00e9szt szerez a hat\u00f3s\u00e1gi j\u00f3v\u00e1hagy\u00e1sokat k\u00f6vet\u0151en \u2013 \u00edrja k\u00f6zlem\u00e9ny\u00e9ben az informatikai v\u00e1llalat.<\/p>\n\n\n\n<p>A 2012-ben alap\u00edtott Mobil Adat Kft. f\u0151 tev\u00e9kenys\u00e9ge a biztons\u00e1gos adatkommunik\u00e1ci\u00f3: online p\u00e9nzt\u00e1rg\u00e9pek, POS-berendez\u00e9sek, t\u00f6lt\u0151\u00e1llom\u00e1sok, automat\u00e1k \u00e9s m\u00e1s, val\u00f3s idej\u0171 adatkapcsolatot ig\u00e9nyl\u0151 IoT-eszk\u00f6z\u00f6k adatkommunik\u00e1ci\u00f3j\u00e1nak biztos\u00edt\u00e1sa. A v\u00e1llalat a saj\u00e1t fejleszt\u00e9s\u0171, a telekommunik\u00e1ci\u00f3s piacon egyed\u00fcl\u00e1ll\u00f3 felh\u0151alap\u00fa integr\u00e1lt SIM \u00e9s IoT menedzsment platformra \u00e9p\u00fcl\u0151, rugalmas \u00e9s sk\u00e1l\u00e1zhat\u00f3 technol\u00f3giai megold\u00e1sokat k\u00edn\u00e1l, technol\u00f3giai tan\u00e1csad\u00e1st \u00e9s fejleszt\u00e9si t\u00e1mogat\u00e1st ny\u00fajt partnereinek \u2013 sz\u00e1molt be r\u00f3la a 4iG.<\/p>\n\n\n\n<p>\u201eA Mobil Adat Kft. felv\u00e1s\u00e1rl\u00e1sa \u00fajabb fontos m\u00e9rf\u00f6ldk\u0151 a 4iG Csoport digit\u00e1lis szolg\u00e1ltat\u00e1si strat\u00e9gi\u00e1j\u00e1ban. A menedzselt adat\u00e1tviteli \u00e9s IoT-szolg\u00e1ltat\u00e1sok integr\u00e1ci\u00f3j\u00e1val olyan portf\u00f3li\u00f3t \u00e9p\u00edt\u00fcnk, amely a szenzorokt\u00f3l az adatk\u00f6zpontig k\u00e9pes egys\u00e9ges, nagy rendelkez\u00e9sre \u00e1ll\u00e1s\u00fa megold\u00e1sokat ny\u00fajtani \u00fcgyfeleinknek. Az akviz\u00edci\u00f3 a v\u00e1llalatcsoporton bel\u00fcl is jelent\u0151s kereszt\u00e9rt\u00e9kes\u00edt\u00e9si lehet\u0151s\u00e9geket teremt: a Mobil Adat specializ\u00e1lt IoT-megold\u00e1sai j\u00f3l kieg\u00e9sz\u00edtik a One Magyarorsz\u00e1g t\u00e1vk\u00f6zl\u00e9si \u00e9s felh\u0151szolg\u00e1ltat\u00e1sait, amelyeket \u00edgy m\u00e9g sz\u00e9lesebb k\u00f6rben \u00e9s hat\u00e9konyabban tudunk \u00e9rv\u00e9nyes\u00edteni. Meggy\u0151z\u0151d\u00e9s\u00fcnk, hogy az akviz\u00edci\u00f3 tov\u00e1bb er\u0151s\u00edti poz\u00edci\u00f3nkat a magyar \u00e9s r\u00e9gi\u00f3s IoT-piacon, \u00e9s \u00faj n\u00f6veked\u00e9si lehet\u0151s\u00e9geket nyit meg a v\u00e1llalatcsoport sz\u00e1m\u00e1ra\u201d \u2013 mondta Rad\u00f3 G\u00e1bor, a 4iG Informatikai Zrt. vez\u00e9rigazgat\u00f3ja.<\/p>\n\n\n\n<p>A Mobil Adat SIM-k\u00e1rtya menedzsment \u00e9s dedik\u00e1lt M2M megold\u00e1sok ter\u00fclet\u00e9n szerzett t\u00f6bb mint egy \u00e9vtizedes szak\u00e9rtelme kieg\u00e9sz\u00edti a 4iG Csoport telekommunik\u00e1ci\u00f3s \u00e9s IT-rendszerintegr\u00e1ci\u00f3s szolg\u00e1ltat\u00e1sait, a c\u00e9g technol\u00f3giai megold\u00e1sai pedig szervesen illeszkednek a 4iG IT \u00fcgyf\u00e9lkapcsolati \u00e9s rendszerintegr\u00e1ci\u00f3s szolg\u00e1ltat\u00e1saihoz.<\/p>\n\n\n\n<p><mark style=\"background-color:#9b51e0\" class=\"has-inline-color has-white-color\">Tov\u00e1bb a cikkre:<\/mark> <a href=\"https:\/\/index.hu\/gazdasag\/2025\/12\/09\/4ig-ceg-vallalat-vasarlas-uzlet-mobil-adat-kft-digitalis-szolgaltatas-bovites\/\" target=\"_blank\" rel=\"noreferrer noopener\">index.hu<\/a> <\/p>\n","protected":false},"excerpt":{"rendered":"<p>90 sz\u00e1zal\u00e9kos \u00fczletr\u00e9szt v\u00e1s\u00e1rol a 4iG Informatikai Zrt. a Mobil Adat Kft.-ben. A tranzakci\u00f3 c\u00e9lja a 4iG Csoport digit\u00e1lis \u00f6kosziszt\u00e9m\u00e1j\u00e1nak&hellip;<\/p>\n","protected":false},"author":1,"featured_media":5135,"comment_status":"closed","ping_status":"closed","sticky":false,"template":"","format":"standard","meta":{"footnotes":""},"categories":[14],"tags":[],"class_list":["post-5131","post","type-post","status-publish","format-standard","has-post-thumbnail","hentry","category-tavkozles"],"_links":{"self":[{"href":"https:\/\/digitalnews.hu\/index.php?rest_route=\/wp\/v2\/posts\/5131","targetHints":{"allow":["GET"]}}],"collection":[{"href":"https:\/\/digitalnews.hu\/index.php?rest_route=\/wp\/v2\/posts"}],"about":[{"href":"https:\/\/digitalnews.hu\/index.php?rest_route=\/wp\/v2\/types\/post"}],"author":[{"embeddable":true,"href":"https:\/\/digitalnews.hu\/index.php?rest_route=\/wp\/v2\/users\/1"}],"replies":[{"embeddable":true,"href":"https:\/\/digitalnews.hu\/index.php?rest_route=%2Fwp%2Fv2%2Fcomments&post=5131"}],"version-history":[{"count":1,"href":"https:\/\/digitalnews.hu\/index.php?rest_route=\/wp\/v2\/posts\/5131\/revisions"}],"predecessor-version":[{"id":5133,"href":"https:\/\/digitalnews.hu\/index.php?rest_route=\/wp\/v2\/posts\/5131\/revisions\/5133"}],"wp:featuredmedia":[{"embeddable":true,"href":"https:\/\/digitalnews.hu\/index.php?rest_route=\/wp\/v2\/media\/5135"}],"wp:attachment":[{"href":"https:\/\/digitalnews.hu\/index.php?rest_route=%2Fwp%2Fv2%2Fmedia&parent=5131"}],"wp:term":[{"taxonomy":"category","embeddable":true,"href":"https:\/\/digitalnews.hu\/index.php?rest_route=%2Fwp%2Fv2%2Fcategories&post=5131"},{"taxonomy":"post_tag","embeddable":true,"href":"https:\/\/digitalnews.hu\/index.php?rest_route=%2Fwp%2Fv2%2Ftags&post=5131"}],"curies":[{"name":"wp","href":"https:\/\/api.w.org\/{rel}","templated":true}]}}