{"id":6247,"date":"2026-01-19T21:48:58","date_gmt":"2026-01-19T19:48:58","guid":{"rendered":"https:\/\/digitalnews.hu\/?p=6247"},"modified":"2026-01-19T21:48:58","modified_gmt":"2026-01-19T19:48:58","slug":"a-meta-tobb-ezer-vr-alkalmazottat-bocsat-el-miutan-zuckerberg-vizioja-kudarcot-vallott","status":"publish","type":"post","link":"https:\/\/digitalnews.hu\/?p=6247","title":{"rendered":"A Meta t\u00f6bb ezer VR-alkalmazottat bocs\u00e1t el, miut\u00e1n Zuckerberg v\u00edzi\u00f3ja kudarcot vallott"},"content":{"rendered":"\n<p>A r\u00e9szleg t\u00f6bb mint 77 milli\u00e1rd doll\u00e1ros vesztes\u00e9get k\u00f6nyvelt el 2020-as megalakul\u00e1sa \u00f3ta.<\/p>\n\n\n\n<p>Miut\u00e1n \u00e9vekig nem siker\u00fclt nyeres\u00e9ges kiterjesztett val\u00f3s\u00e1g platformot l\u00e9trehoznia, Mark Zuckerberg Meta c\u00e9ge az utols\u00f3 sz\u00f6geket verte metaverzum-er\u0151fesz\u00edt\u00e9seinek kopors\u00f3j\u00e1ba \u2013 azokat, amelyek egykor annyira k\u00f6zponti szerepet j\u00e1tszottak a v\u00edzi\u00f3jukban, hogy az eg\u00e9sz c\u00e9get \u00e1tnevezt\u00e9k r\u00f3luk.<\/p>\n\n\n\n<p>A <a href=\"https:\/\/www.wsj.com\/tech\/meta-layoffs-reality-labs-2026-347008b0\" target=\"_blank\" rel=\"noreferrer noopener\">Wall Street Journal<\/a> ezen a h\u00e9ten arr\u00f3l sz\u00e1molt be , hogy a Meta mintegy 1500 alkalmazottat bocs\u00e1t el a Reality Labs r\u00e9szleg\u00e9t\u0151l, amely a Meta virtu\u00e1lis val\u00f3s\u00e1g term\u00e9kein dolgozik. A le\u00e9p\u00edt\u00e9sek r\u00e9szek\u00e9nt h\u00e1rom VR j\u00e1t\u00e9kst\u00fadi\u00f3t z\u00e1rtak be, b\u00e1r a Horizon Worlds \u2013 a Meta online VR j\u00e1t\u00e9kplatformja \u2013 tov\u00e1bbra is m\u0171k\u00f6dik az IGN szerint , b\u00e1r cs\u00f6kkentett kapacit\u00e1ssal.<\/p>\n\n\n\n<p>\u00d6sszess\u00e9g\u00e9ben a le\u00e9p\u00edt\u00e9sek a r\u00e9szleg teljes l\u00e9tsz\u00e1m\u00e1nak k\u00f6zel 10 sz\u00e1zal\u00e9k\u00e1t \u00e9rintik, ami drasztikus le\u00e9p\u00edt\u00e9s, \u00e9s a v\u00e1llalat virtu\u00e1lis val\u00f3s\u00e1gr\u00f3l mesters\u00e9ges intelligencia alap\u00fa eszk\u00f6z\u00f6kre, p\u00e9ld\u00e1ul okosszem\u00fcvegekre val\u00f3 \u00e1tt\u00e9r\u00e9s\u00e9nek r\u00e9sze.<\/p>\n\n\n\n<p>\u201eA m\u00falt h\u00f3napban azt mondtuk, hogy befektet\u00e9seink egy r\u00e9sz\u00e9t a Metaverse-r\u0151l a viselhet\u0151 eszk\u00f6z\u00f6k fel\u00e9 helyezz\u00fck \u00e1t\u201d \u2013 mondta a Meta sz\u00f3viv\u0151je a WSJ-nek . \u201eEz ennek az er\u0151fesz\u00edt\u00e9snek a r\u00e9sze.\u201d<\/p>\n\n\n\n<p>A le\u00e9p\u00edt\u00e9sek sajn\u00e1latos h\u00edr a munkav\u00e1llal\u00f3k sz\u00e1m\u00e1ra, akiknek most a 2003 \u00f3ta egyik legrosszabb munkaer\u0151piacon kell majd eligazodniuk. M\u00e1sr\u00e9szt viszont kiss\u00e9 megd\u00f6bbent\u0151, hogy a Meta egy\u00e1ltal\u00e1n \u00fagy d\u00f6nt\u00f6tt, hogy ilyen hossz\u00fa ideig ilyen hatalmas virtu\u00e1lis val\u00f3s\u00e1g csapatot m\u0171k\u00f6dtet.<\/p>\n\n\n\n<p>A WSJ december elej\u00e9n arr\u00f3l sz\u00e1molt be , hogy a Meta Reality Labs v\u00e1llalata t\u00f6bb mint 77 milli\u00e1rd doll\u00e1rt vesz\u00edtett a 2020-as megalap\u00edt\u00e1sa \u00f3ta. A v\u00e1llalat d\u00f6nt\u00e9s\u00e9t, miszerint v\u00e9gre le\u00e1ll\u00edtj\u00e1k a gyeng\u00e9lked\u0151 metaverzumot \u2013 miut\u00e1n 2021-ben a Facebookr\u00f3l \u201eMeta\u201d n\u00e9vre keresztelt\u00e9k \u00e1t a nev\u00e9t \u2013, az ipar\u00e1gi elemz\u0151k \u201eokos l\u00e9p\u00e9snek, csak k\u00e9s\u0151n\u201d tartott\u00e1k. (M\u00e9g maga Zuckerberg is kezdett el \u00f3dzkodni a metaverzumt\u00f3l a 2023-as eredm\u00e9nybesz\u00e1mol\u00f3kban, mivel az eg\u00e9sz projekt \u00f6sszeomlott )<\/p>\n\n\n\n<p>Mindezek ellen\u00e9re m\u00e9g v\u00e1rat mag\u00e1ra, hogy a mesters\u00e9ges intelligencia \u00e1ltal vez\u00e9relt \u201eviselhet\u0151 eszk\u00f6z\u00f6k\u201d fel\u00e9 ir\u00e1nyul\u00f3 t\u00f6rekv\u00e9s vajon sikeresebb lesz-e, mint Zuckerberg h\u00edrhedt virtu\u00e1lis val\u00f3s\u00e1gba val\u00f3 bel\u00e9p\u00e9se.<\/p>\n\n\n\n<p>A Met\u00e1nak a m\u00falt h\u00e9ten k\u00e9szletprobl\u00e9m\u00e1k miatt sz\u00fcneteltetnie kellett mesters\u00e9ges intelligenci\u00e1val m\u0171k\u00f6d\u0151 okosszem\u00fcvegeinek nemzetk\u00f6zi sz\u00e1ll\u00edt\u00e1s\u00e1t , mivel az elemz\u0151k arra figyelmeztetnek , hogy a nemzetk\u00f6zi adatv\u00e9delmi szab\u00e1lyoz\u00e1sok \u00e9s a t\u00faltel\u00edtett piac \u00f6sszess\u00e9g\u00e9ben korl\u00e1tozhatja az elad\u00e1saikat.<\/p>\n\n\n\n<p>A <a href=\"https:\/\/www.bloomberg.com\/news\/articles\/2026-01-13\/meta-said-to-discuss-doubling-ray-ban-glasses-output-after-surge-in-demand?embedded-checkout=true\" target=\"_blank\" rel=\"noreferrer noopener\">Bloomberg<\/a> azonban nemr\u00e9giben bejelentette , hogy a Meta vezet\u0151i megvitatt\u00e1k a mesters\u00e9ges intelligencia specifik\u00e1ci\u00f3inak teljes gy\u00e1rt\u00e1si mennyis\u00e9g\u00e9nek megdupl\u00e1z\u00e1s\u00e1t 10 milli\u00f3 darabr\u00f3l 20 milli\u00f3ra. Egy, az \u00fcgyh\u00f6z k\u00f6zel \u00e1ll\u00f3 forr\u00e1s a kiadv\u00e1nynak elmondta, hogy a gy\u00e1rt\u00e1s 2026 v\u00e9g\u00e9re el\u00e9rheti a 30 milli\u00f3 darabot, felt\u00e9ve, hogy a kereslet indokolja a k\u00edn\u00e1lati fellend\u00fcl\u00e9st.<\/p>\n\n\n\n<p>Teh\u00e1t m\u00edg a mesters\u00e9ges intelligencia \u00e1ltal vez\u00e9relt okosszem\u00fcvegek j\u00f6v\u0151je tov\u00e1bbra is bizonytalan, egy dolog biztos: a metaverzum, minden neh\u00e9zkes dics\u0151s\u00e9g\u00e9ben, v\u00e9gleg le\u00e1ldoz\u00f3ban van.<\/p>\n\n\n\n<p><mark style=\"background-color:#9b51e0\" class=\"has-inline-color has-white-color\">Tov\u00e1bb a cikkre:<\/mark> <a href=\"https:\/\/futurism.com\/future-society\/meta-reality-vr-layoffs\">futurism.com<\/a> (Joe Wilkins)<\/p>\n","protected":false},"excerpt":{"rendered":"<p>A r\u00e9szleg t\u00f6bb mint 77 milli\u00e1rd doll\u00e1ros vesztes\u00e9get k\u00f6nyvelt el 2020-as megalakul\u00e1sa \u00f3ta. Miut\u00e1n \u00e9vekig nem siker\u00fclt nyeres\u00e9ges kiterjesztett val\u00f3s\u00e1g&hellip;<\/p>\n","protected":false},"author":1,"featured_media":6248,"comment_status":"closed","ping_status":"closed","sticky":false,"template":"","format":"standard","meta":{"footnotes":""},"categories":[39],"tags":[],"class_list":["post-6247","post","type-post","status-publish","format-standard","has-post-thumbnail","hentry","category-bigtech"],"_links":{"self":[{"href":"https:\/\/digitalnews.hu\/index.php?rest_route=\/wp\/v2\/posts\/6247","targetHints":{"allow":["GET"]}}],"collection":[{"href":"https:\/\/digitalnews.hu\/index.php?rest_route=\/wp\/v2\/posts"}],"about":[{"href":"https:\/\/digitalnews.hu\/index.php?rest_route=\/wp\/v2\/types\/post"}],"author":[{"embeddable":true,"href":"https:\/\/digitalnews.hu\/index.php?rest_route=\/wp\/v2\/users\/1"}],"replies":[{"embeddable":true,"href":"https:\/\/digitalnews.hu\/index.php?rest_route=%2Fwp%2Fv2%2Fcomments&post=6247"}],"version-history":[{"count":1,"href":"https:\/\/digitalnews.hu\/index.php?rest_route=\/wp\/v2\/posts\/6247\/revisions"}],"predecessor-version":[{"id":6249,"href":"https:\/\/digitalnews.hu\/index.php?rest_route=\/wp\/v2\/posts\/6247\/revisions\/6249"}],"wp:featuredmedia":[{"embeddable":true,"href":"https:\/\/digitalnews.hu\/index.php?rest_route=\/wp\/v2\/media\/6248"}],"wp:attachment":[{"href":"https:\/\/digitalnews.hu\/index.php?rest_route=%2Fwp%2Fv2%2Fmedia&parent=6247"}],"wp:term":[{"taxonomy":"category","embeddable":true,"href":"https:\/\/digitalnews.hu\/index.php?rest_route=%2Fwp%2Fv2%2Fcategories&post=6247"},{"taxonomy":"post_tag","embeddable":true,"href":"https:\/\/digitalnews.hu\/index.php?rest_route=%2Fwp%2Fv2%2Ftags&post=6247"}],"curies":[{"name":"wp","href":"https:\/\/api.w.org\/{rel}","templated":true}]}}