{"id":6293,"date":"2026-01-22T19:33:35","date_gmt":"2026-01-22T17:33:35","guid":{"rendered":"https:\/\/digitalnews.hu\/?p=6293"},"modified":"2026-01-22T19:33:35","modified_gmt":"2026-01-22T17:33:35","slug":"peren-kivuli-megallapodast-kotott-a-snapchat-azzal-vadoltak-hogy-fuggoseget-okoz-az-app","status":"publish","type":"post","link":"https:\/\/digitalnews.hu\/?p=6293","title":{"rendered":"Peren k\u00edv\u00fcli meg\u00e1llapod\u00e1st k\u00f6t\u00f6tt a Snapchat: azzal v\u00e1dolt\u00e1k, hogy f\u00fcgg\u0151s\u00e9get okoz az app"},"content":{"rendered":"\n<p>T\u00f6bb k\u00f6z\u00f6ss\u00e9gim\u00e9dia-oldalt is azzal v\u00e1dolt meg egy fiatal amerikai f\u00e9rfi, hogy tudatosan f\u00fcgg\u0151s\u00e9get okoznak a felhaszn\u00e1l\u00f3knak. A b\u00edr\u00f3s\u00e1gi t\u00e1rgyal\u00e1s el\u0151tt a Snapchat peren k\u00edv\u00fcli meg\u00e1llapod\u00e1st k\u00f6t\u00f6tt a felperessel, azonban tov\u00e1bbi c\u00e9gek is \u00e9rintettek az \u00fcgyben.<br>N\u00e9h\u00e1ny nappal a tervezett t\u00e1rgyal\u00e1s el\u0151tt k\u00f6t\u00f6tt meg\u00e1llapod\u00e1st a Snapchat az \u00fcgyben. Err\u0151l kedden sz\u00e1moltak be a Los Angeles megyei Legfels\u0151bb B\u00edr\u00f3s\u00e1gon, a r\u00e9szleteket ugyanakkor nem hozt\u00e1k nyilv\u00e1noss\u00e1gra.<\/p>\n\n\n\n<p>A Snapchat elleni pert egy 19 \u00e9ves, a b\u00edr\u00f3s\u00e1gi dokumentumokban K.G.M. n\u00e9ven eml\u00edtett f\u00e9rfi ind\u00edtotta, azzal v\u00e1dolva a platformot, hogy olyan algoritmusokat \u00e9s funkci\u00f3kat haszn\u00e1l, amelyek f\u00fcgg\u0151s\u00e9get \u00e9s ment\u00e1lis eg\u00e9szs\u00e9g\u00fcgyi probl\u00e9m\u00e1kat okoznak a felhaszn\u00e1l\u00f3knak.<\/p>\n\n\n\n<p>A beny\u00fajtott keresetben K.G.M. t\u00f6bb m\u00e1sik platformot \u00e9s c\u00e9get is megv\u00e1dolt a Snapchat mellett \u2013 n\u00e9v szerint a Meta, a YouTube \u00e9s a TikTok is szerepel benne. A t\u00f6bbi c\u00e9g nem egyezett meg a felperessel, \u00e9s a Snapchat sem lehet teljesen nyugodt, ugyanis t\u00f6bb m\u00e1sik elj\u00e1r\u00e1sban hasonl\u00f3 v\u00e1dakkal kell szemben\u00e9znie.<\/p>\n\n\n\n<p>Kihullott csontv\u00e1zak<br>Az eddigi elj\u00e1r\u00e1sok sor\u00e1n beadott dokumentumokb\u00f3l kider\u00fclt az is, hogy a Snapchat saj\u00e1t alkalmazottjai is addikt\u00edvnak nevezt\u00e9k a platformot, f\u0151leg a streak (sorozat) funkci\u00f3 miatt. Ennek l\u00e9nyege, hogy k\u00e9t felhaszn\u00e1l\u00f3 k\u00fcldj\u00f6n egym\u00e1snak tartalmakat t\u00f6bb napon kereszt\u00fcl. Amennyiben ezt megteszik, \u00fagy minden nappal n\u0151 a sorozatuk.<\/p>\n\n\n\n<p>Az el\u00e9rhet\u0151 bels\u0151 levelez\u00e9sekben a fejleszt\u0151k azt taglalt\u00e1k, hogy a funkci\u00f3 f\u00fcgg\u0151s\u00e9get okoz, \u00e9s vil\u00e1gszerte t\u00f6bb milli\u00f3 felhaszn\u00e1l\u00f3juk csak a streak sz\u00e1m\u00e1nak n\u00f6vel\u00e9se miatt haszn\u00e1lja az appot. A c\u00e9g szerint ezek csak kontextusukb\u00f3l kiragadott mondatok.<\/p>\n\n\n\n<p>A felperesek az eml\u00edtett perekben gyakran hivatkoznak a Big Tobbaco 1990-es \u00e9vekbeli eset\u00e9re, amikor a c\u00e9g eltitkolta term\u00e9ke negat\u00edv hat\u00e1sait az eg\u00e9szs\u00e9gre. Szerint\u00fck a k\u00f6z\u00f6ss\u00e9gi oldalak \u00fczemeltet\u0151i is hasonl\u00f3k\u00e9pp j\u00e1rnak el.<\/p>\n\n\n\n<p>A k\u00f6z\u00f6ss\u00e9gim\u00e9dia-platformok eset\u00e9ben a v\u00e9gtelen g\u00f6rget\u00e9s, a folyamatosan friss\u00fcl\u0151 feedek, a vide\u00f3k automatikus lej\u00e1tsz\u00e1sa \u00e9s az algoritmusok is azt a c\u00e9lt szolg\u00e1lj\u00e1k, hogy a felhaszn\u00e1l\u00f3kat min\u00e9l t\u00f6bb ideig a k\u00e9perny\u0151k el\u0151tt, az adott platformon tarts\u00e1k. Az eml\u00edtett funkci\u00f3k sokakn\u00e1l az addikci\u00f3 mellett tov\u00e1bbi probl\u00e9m\u00e1kat okoznak, \u00edgy p\u00e9ld\u00e1ul a hossz\u00fa t\u00e1v\u00fa haszn\u00e1lat depresszi\u00f3hoz, \u00e9tkez\u00e9si zavarokhoz \u00e9s \u00f6nk\u00e1ros\u00edt\u00e1shoz vezethet a New York Times szerint.<\/p>\n\n\n\n<p>Eddig m\u00e9g egyetlen k\u00f6z\u00f6ss\u00e9gim\u00e9dia-oldal sem vesz\u00edtett el olyan pert, amiben f\u00fcgg\u0151s\u00e9g okoz\u00e1s\u00e1val v\u00e1dolt\u00e1k meg, \u00e1m most t\u00f6bb platform vezet\u0151j\u00e9nek is tan\u00faskodnia kell. Amennyiben az eml\u00edtett applik\u00e1ci\u00f3k elvesztik a pert, \u00fagy t\u00f6bb milli\u00e1rd doll\u00e1ros k\u00e1rt\u00e9r\u00edt\u00e9st is fizethetnek, mindamellett, hogy \u00e1t kell dolgozniuk a platformjaik m\u0171k\u00f6d\u00e9s\u00e9t.<\/p>\n\n\n\n<p><mark style=\"background-color:#9b51e0\" class=\"has-inline-color has-white-color\">Tov\u00e1bb a cikkre:<\/mark> <a href=\"https:\/\/mediafuture.hu\/content\/2026\/01\/22\/snapchat-kozossegi-media-fuggoseg-per\/\" target=\"_blank\" rel=\"noreferrer noopener\">mediafuture.hu<\/a> (G\u00e1bor B\u00e1lint)<\/p>\n","protected":false},"excerpt":{"rendered":"<p>T\u00f6bb k\u00f6z\u00f6ss\u00e9gim\u00e9dia-oldalt is azzal v\u00e1dolt meg egy fiatal amerikai f\u00e9rfi, hogy tudatosan f\u00fcgg\u0151s\u00e9get okoznak a felhaszn\u00e1l\u00f3knak. A b\u00edr\u00f3s\u00e1gi t\u00e1rgyal\u00e1s el\u0151tt&hellip;<\/p>\n","protected":false},"author":1,"featured_media":6294,"comment_status":"closed","ping_status":"closed","sticky":false,"template":"","format":"standard","meta":{"footnotes":""},"categories":[55],"tags":[],"class_list":["post-6293","post","type-post","status-publish","format-standard","has-post-thumbnail","hentry","category-social-media"],"_links":{"self":[{"href":"https:\/\/digitalnews.hu\/index.php?rest_route=\/wp\/v2\/posts\/6293","targetHints":{"allow":["GET"]}}],"collection":[{"href":"https:\/\/digitalnews.hu\/index.php?rest_route=\/wp\/v2\/posts"}],"about":[{"href":"https:\/\/digitalnews.hu\/index.php?rest_route=\/wp\/v2\/types\/post"}],"author":[{"embeddable":true,"href":"https:\/\/digitalnews.hu\/index.php?rest_route=\/wp\/v2\/users\/1"}],"replies":[{"embeddable":true,"href":"https:\/\/digitalnews.hu\/index.php?rest_route=%2Fwp%2Fv2%2Fcomments&post=6293"}],"version-history":[{"count":1,"href":"https:\/\/digitalnews.hu\/index.php?rest_route=\/wp\/v2\/posts\/6293\/revisions"}],"predecessor-version":[{"id":6295,"href":"https:\/\/digitalnews.hu\/index.php?rest_route=\/wp\/v2\/posts\/6293\/revisions\/6295"}],"wp:featuredmedia":[{"embeddable":true,"href":"https:\/\/digitalnews.hu\/index.php?rest_route=\/wp\/v2\/media\/6294"}],"wp:attachment":[{"href":"https:\/\/digitalnews.hu\/index.php?rest_route=%2Fwp%2Fv2%2Fmedia&parent=6293"}],"wp:term":[{"taxonomy":"category","embeddable":true,"href":"https:\/\/digitalnews.hu\/index.php?rest_route=%2Fwp%2Fv2%2Fcategories&post=6293"},{"taxonomy":"post_tag","embeddable":true,"href":"https:\/\/digitalnews.hu\/index.php?rest_route=%2Fwp%2Fv2%2Ftags&post=6293"}],"curies":[{"name":"wp","href":"https:\/\/api.w.org\/{rel}","templated":true}]}}