{"id":6299,"date":"2026-01-22T22:04:59","date_gmt":"2026-01-22T20:04:59","guid":{"rendered":"https:\/\/digitalnews.hu\/?p=6299"},"modified":"2026-01-22T22:04:59","modified_gmt":"2026-01-22T20:04:59","slug":"az-openai-celja-hogy-novelje-a-mesterseges-intelligencia-hasznalatat-a-mindennapi-eletben","status":"publish","type":"post","link":"https:\/\/digitalnews.hu\/?p=6299","title":{"rendered":"Az OpenAI c\u00e9lja, hogy n\u00f6velje a mesters\u00e9ges intelligencia haszn\u00e1lat\u00e1t a mindennapi \u00e9letben\u00a0"},"content":{"rendered":"\n<p>Az OpenAI nagy erpfesz\u00edt\u00e9seket tesz, hogy meggy\u0151zze a glob\u00e1lis korm\u00e1nyokat, t\u00f6bb adatk\u00f6zpont \u00e9p\u00edt\u00e9s\u00e9r\u0151l, \u00e9s \u00f6szt\u00f6n\u00f6zze a mesters\u00e9ges intelligencia sz\u00e9lesebb k\u00f6r\u0171 haszn\u00e1lat\u00e1t olyan ter\u00fcleteken, mint az oktat\u00e1s, az eg\u00e9szs\u00e9g\u00fcgy \u00e9s a katasztr\u00f3fav\u00e9delem.<br>A v\u00e1llalat szerint az OpenAI for Countries elnevez\u00e9s\u0171 kezdem\u00e9nyez\u00e9s kiterjeszti term\u00e9keinek el\u00e9rhet\u0151s\u00e9g\u00e9t, \u00e9s seg\u00edt \u00e1thidalni a szakad\u00e9kot a mesters\u00e9ges intelligencia technol\u00f3gi\u00e1hoz sz\u00e9les k\u00f6r\u0171 hozz\u00e1f\u00e9r\u00e9ssel rendelkez\u0151 orsz\u00e1gok \u00e9s a megfelel\u0151 kapacit\u00e1ssal m\u00e9g nem rendelkez\u0151 orsz\u00e1gok k\u00f6z\u00f6tt.<\/p>\n\n\n\n<p>Az OpenAI azt is rem\u00e9li, hogy \u00f6szt\u00f6n\u00f6zni fogja eszk\u00f6zeinek m\u00e9lyebb haszn\u00e1lat\u00e1t, hozz\u00e1t\u00e9ve, hogy a mesters\u00e9ges intelligencia rendszerek \u00f6sszetettebb feladatokra k\u00e9pesek, mint azt sokan gondolj\u00e1k.<br>\u201eA legt\u00f6bb orsz\u00e1g m\u00e9g mindig messze elmarad att\u00f3l, amit a mai mesters\u00e9ges intelligenciarendszerek lehet\u0151v\u00e9 tesznek\u201d \u2013 \u00e1ll a v\u00e1llalat Reutersnek megosztott jelent\u00e9s\u00e9ben.<br>Az OpenAI tavaly ind\u00edtotta el a nemzetk\u00f6zi kezdem\u00e9nyez\u00e9st, \u00e9s decemberben kinevezte George Osborne volt brit p\u00e9nz\u00fcgyminisztert a projekt fel\u00fcgyelet\u00e9re. Osborne \u00e9s Chris Lehane, az OpenAI glob\u00e1lis \u00fcgyek\u00e9rt felel\u0151s vezet\u0151je ezen a h\u00e9ten Davosban ismerteti a projekttel kapcsolatos korm\u00e1nyzati tisztvisel\u0151ket.<br>A kezdem\u00e9nyez\u00e9s egy sz\u00e9lesebb k\u00f6r\u0171 strat\u00e9gia r\u00e9sze, amely seg\u00edtett a ChatGPT megalkot\u00f3j\u00e1nak, az OpenAI-nak a modern mesters\u00e9ges intelligencia-boom \u00e9lvonal\u00e1ba ker\u00fclni. A v\u00e1llalat \u00e9rt\u00e9ke legut\u00f3bb 500 milli\u00e1rd doll\u00e1r volt, \u00e9s jelenleg egy ak\u00e1r 1 billi\u00f3 doll\u00e1ros nyilv\u00e1nos aj\u00e1nlatt\u00e9telt vizsg\u00e1l.<\/p>\n\n\n\n<p>Tizenegy orsz\u00e1g csatlakozott az OpenAI for Countries programhoz. Minden meg\u00e1llapod\u00e1s m\u00e1sk\u00e9pp van fel\u00e9p\u00edtve.<br>\u00c9sztorsz\u00e1g p\u00e9ld\u00e1ul az OpenAI oktat\u00e1si eszk\u00f6z\u00e9t, a ChatGPT Edu-t \u00e9p\u00edti be az orsz\u00e1g k\u00f6z\u00e9piskol\u00e1iba. Norv\u00e9gi\u00e1ban \u00e9s az Egyes\u00fclt Arab Em\u00edrs\u00e9gekben az OpenAI m\u00e1s v\u00e1llalatokkal egy\u00fcttm\u0171k\u00f6dve adatk\u00f6zpontokat \u00e9p\u00edt, \u00e9s az els\u0151 \u00fcgyfel\u00fckk\u00e9 v\u00e1lik.<br>Szerd\u00e1n az OpenAI vezet\u0151i kijelentett\u00e9k, hogy m\u00e1s ter\u00fcleteken, p\u00e9ld\u00e1ul a katasztr\u00f3fa-el\u0151k\u00e9sz\u00edt\u00e9sben is szeretn\u00e9nek egy\u00fcttm\u0171k\u00f6dni a korm\u00e1nyokkal. D\u00e9l-Kore\u00e1ban az OpenAI egy meg\u00e1llapod\u00e1st vizsg\u00e1l a korm\u00e1ny v\u00edz\u00fcgyi hat\u00f3s\u00e1g\u00e1val egy val\u00f3s idej\u0171, v\u00edzkatasztr\u00f3fa-figyelmeztet\u0151 \u00e9s v\u00e9delmi rendszer ki\u00e9p\u00edt\u00e9s\u00e9re az \u00e9ghajlatv\u00e1ltoz\u00e1s okozta v\u00edzprobl\u00e9m\u00e1k ellen.<br>Jelent\u00e9s\u00e9ben az OpenAI azt \u00e1ll\u00edtotta, hogy a tipikus \u201enagy teljes\u00edtm\u00e9ny\u0171 felhaszn\u00e1l\u00f3k\u201d \u2013 vagyis a 95. percentilisbe tartoz\u00f3k \u2013 h\u00e9tszer gyakrabban ny\u00falnak az OpenAI fejlett \u00e9rvel\u00e9si k\u00e9pess\u00e9geihez, mint egy \u00e1tlagos felhaszn\u00e1l\u00f3. Az orsz\u00e1gokon bel\u00fcl is nagy elt\u00e9r\u00e9sek mutatkoznak.<\/p>\n\n\n\n<p>P\u00e9ld\u00e1ul Szingap\u00farban, ahol sz\u00e9les k\u00f6r\u0171 hozz\u00e1f\u00e9r\u00e9s van a mesters\u00e9ges intelligencia eszk\u00f6zeihez, az emberek t\u00f6bb mint h\u00e1romszor annyi \u00fczenetet k\u00fcldenek a k\u00f3dol\u00e1sr\u00f3l, mint az \u00e1tlag, \u00e1ll a jelent\u00e9sben.<\/p>\n\n\n\n<p><mark style=\"background-color:#9b51e0\" class=\"has-inline-color has-white-color\">Tov\u00e1bb a cikkre:<\/mark> <a href=\"https:\/\/www.reuters.com\/business\/davos\/openai-seeks-increase-global-ai-use-everyday-life-2026-01-21\/?utm_source=chatgpt.com\" target=\"_blank\" rel=\"noreferrer noopener\">reuters.com<\/a> (Deepa Seetharaman)<\/p>\n","protected":false},"excerpt":{"rendered":"<p>Az OpenAI nagy erpfesz\u00edt\u00e9seket tesz, hogy meggy\u0151zze a glob\u00e1lis korm\u00e1nyokat, t\u00f6bb adatk\u00f6zpont \u00e9p\u00edt\u00e9s\u00e9r\u0151l, \u00e9s \u00f6szt\u00f6n\u00f6zze a mesters\u00e9ges intelligencia sz\u00e9lesebb k\u00f6r\u0171&hellip;<\/p>\n","protected":false},"author":1,"featured_media":6300,"comment_status":"closed","ping_status":"closed","sticky":false,"template":"","format":"standard","meta":{"footnotes":""},"categories":[4],"tags":[],"class_list":["post-6299","post","type-post","status-publish","format-standard","has-post-thumbnail","hentry","category-ai-agi-chat-gpt-gemini"],"_links":{"self":[{"href":"https:\/\/digitalnews.hu\/index.php?rest_route=\/wp\/v2\/posts\/6299","targetHints":{"allow":["GET"]}}],"collection":[{"href":"https:\/\/digitalnews.hu\/index.php?rest_route=\/wp\/v2\/posts"}],"about":[{"href":"https:\/\/digitalnews.hu\/index.php?rest_route=\/wp\/v2\/types\/post"}],"author":[{"embeddable":true,"href":"https:\/\/digitalnews.hu\/index.php?rest_route=\/wp\/v2\/users\/1"}],"replies":[{"embeddable":true,"href":"https:\/\/digitalnews.hu\/index.php?rest_route=%2Fwp%2Fv2%2Fcomments&post=6299"}],"version-history":[{"count":1,"href":"https:\/\/digitalnews.hu\/index.php?rest_route=\/wp\/v2\/posts\/6299\/revisions"}],"predecessor-version":[{"id":6301,"href":"https:\/\/digitalnews.hu\/index.php?rest_route=\/wp\/v2\/posts\/6299\/revisions\/6301"}],"wp:featuredmedia":[{"embeddable":true,"href":"https:\/\/digitalnews.hu\/index.php?rest_route=\/wp\/v2\/media\/6300"}],"wp:attachment":[{"href":"https:\/\/digitalnews.hu\/index.php?rest_route=%2Fwp%2Fv2%2Fmedia&parent=6299"}],"wp:term":[{"taxonomy":"category","embeddable":true,"href":"https:\/\/digitalnews.hu\/index.php?rest_route=%2Fwp%2Fv2%2Fcategories&post=6299"},{"taxonomy":"post_tag","embeddable":true,"href":"https:\/\/digitalnews.hu\/index.php?rest_route=%2Fwp%2Fv2%2Ftags&post=6299"}],"curies":[{"name":"wp","href":"https:\/\/api.w.org\/{rel}","templated":true}]}}