{"id":6305,"date":"2026-01-22T22:19:17","date_gmt":"2026-01-22T20:19:17","guid":{"rendered":"https:\/\/digitalnews.hu\/?p=6305"},"modified":"2026-01-22T22:19:17","modified_gmt":"2026-01-22T20:19:17","slug":"davosban-erosit-a-4ig-strategiai-targyalasokat-folytatott-jaszai-gellert","status":"publish","type":"post","link":"https:\/\/digitalnews.hu\/?p=6305","title":{"rendered":"Davosban er\u0151s\u00edt a 4iG, strat\u00e9giai t\u00e1rgyal\u00e1sokat folytatott J\u00e1szai Gell\u00e9rt"},"content":{"rendered":"\n<p>A davosi Vil\u00e1ggazdas\u00e1gi F\u00f3rum m\u00e1sodik napj\u00e1n J\u00e1szai Gell\u00e9rt, a 4iG Nyrt. eln\u00f6ke t\u00f6bb magas szint\u0171 t\u00e1rgyal\u00e1son vett r\u00e9szt, amelyek a korm\u00e1nyzati egy\u00fcttm\u0171k\u00f6d\u00e9st\u0151l a t\u00e1vk\u00f6zl\u00e9sen \u00e9s a digit\u00e1lis infrastrukt\u00far\u00e1n \u00e1t a v\u00e9delmi iparig \u00e9s a nemzetk\u00f6zi p\u00e9nz\u00fcgyekig terjedtek.<br>J\u00e1szai Gell\u00e9rt megbesz\u00e9l\u00e9st folytatott Hristijan Mickoski \u00e9szak-maced\u00f3n minisztereln\u00f6kkel. A megbesz\u00e9l\u00e9sek k\u00f6z\u00e9ppontj\u00e1ban a tov\u00e1bbi region\u00e1lis egy\u00fcttm\u0171k\u00f6d\u00e9si lehet\u0151s\u00e9gek \u00e1lltak a t\u00e1vk\u00f6zl\u00e9s, a digit\u00e1lis infrastrukt\u00fara, a v\u00e9delmi ipar \u00e9s az energetika ter\u00fclet\u00e9n.<\/p>\n\n\n\n<p>A nap sor\u00e1n J\u00e1szai Gell\u00e9rt t\u00e1rgyal\u00e1sokat folytatott az Egyes\u00fclt \u00c1llamok k\u00e9t meghat\u00e1roz\u00f3 p\u00e9nz\u00fcgyi int\u00e9zm\u00e9nye, a J.P. Morgan \u00e9s a Morgan Stanley fels\u0151 vezet\u00e9s\u00e9vel. Az egyeztet\u00e9sek k\u00f6z\u00e9ppontj\u00e1ban a 4iG Csoport strat\u00e9giai fejl\u0151d\u00e9s\u00e9nek tov\u00e1bbi ir\u00e1nyai \u00e1lltak, k\u00fcl\u00f6n\u00f6s tekintettel azokra a nemzetk\u00f6zi finansz\u00edroz\u00e1si, tan\u00e1csad\u00e1si \u00e9s t\u0151kepiaci megold\u00e1sokra, amelyek az \u0171r- \u00e9s v\u00e9delmi ipar, valamint a nemzetk\u00f6zi digit\u00e1lis Infrastrukt\u00fara fejleszt\u00e9s\u00e9t t\u00e1mogatj\u00e1k.<\/p>\n\n\n\n<p>Stuart Holliday, a Lockheed Martin nemzetk\u00f6zi korm\u00e1nyzati kapcsolatok\u00e9rt felel\u0151s aleln\u00f6ke r\u00e9szv\u00e9tel\u00e9vel folytatott egyeztet\u00e9sen a felek a v\u00e9delmi ipari egy\u00fcttm\u0171k\u00f6d\u00e9s strat\u00e9giai keretrendszer\u00e9t tekintett\u00e9k \u00e1t, amelyben a 4iG \u0170r- \u00e9s V\u00e9delmi Technol\u00f3gi\u00e1k Zrt. strat\u00e9giai partnerk\u00e9nt vesz r\u00e9szt. A felek k\u00f6z\u00f6s c\u00e9lja olyan b\u0151v\u00edthet\u0151, a k\u00f6z\u00e9p-kelet eur\u00f3pai r\u00e9gi\u00f3 ig\u00e9nyeihez igazod\u00f3 gy\u00e1rt\u00e1si \u00e9s integr\u00e1ci\u00f3s kapacit\u00e1sok l\u00e9trehoz\u00e1sa, amelyek er\u0151s\u00edtik a v\u00e9delmi ipar alkalmazkod\u00f3k\u00e9pess\u00e9g\u00e9t \u00e9s hossz\u00fa t\u00e1v\u00fa versenyk\u00e9pess\u00e9g\u00e9t.<\/p>\n\n\n\n<p>A nap z\u00e1r\u00e1sak\u00e9nt J\u00e1szai Gell\u00e9rt egyeztet\u00e9st folytatott Andrea Orcel, a UniCredit Group vez\u00e9rigazgat\u00f3j\u00e1val. A UniCredit strat\u00e9giai partnere a 4iG Nyrt.-nek, \u00e9s a felek jelent\u0151s potenci\u00e1lt l\u00e1tnak a region\u00e1lis egy\u00fcttm\u0171k\u00f6d\u00e9s tov\u00e1bbi elm\u00e9ly\u00edt\u00e9s\u00e9ben, a finansz\u00edroz\u00e1si \u00e9s t\u0151kepiaci megold\u00e1sokt\u00f3l a hossz\u00fa t\u00e1v\u00fa n\u00f6veked\u00e9st t\u00e1mogat\u00f3 projektekig.<\/p>\n\n\n\n<p><mark style=\"background-color:#9b51e0\" class=\"has-inline-color has-white-color\">Tov\u00e1bb a cikkre:<\/mark> <a href=\"https:\/\/index.hu\/gazdasag\/2026\/01\/21\/4ig-jaszai-gellert-davos-vilaggazdasagi-forum-egyeztetesek\/?utm_source=chatgpt.com\" target=\"_blank\" rel=\"noreferrer noopener\">index.hu<\/a><\/p>\n","protected":false},"excerpt":{"rendered":"<p>A davosi Vil\u00e1ggazdas\u00e1gi F\u00f3rum m\u00e1sodik napj\u00e1n J\u00e1szai Gell\u00e9rt, a 4iG Nyrt. eln\u00f6ke t\u00f6bb magas szint\u0171 t\u00e1rgyal\u00e1son vett r\u00e9szt, amelyek a&hellip;<\/p>\n","protected":false},"author":1,"featured_media":6306,"comment_status":"closed","ping_status":"closed","sticky":false,"template":"","format":"standard","meta":{"footnotes":""},"categories":[14],"tags":[],"class_list":["post-6305","post","type-post","status-publish","format-standard","has-post-thumbnail","hentry","category-tavkozles"],"_links":{"self":[{"href":"https:\/\/digitalnews.hu\/index.php?rest_route=\/wp\/v2\/posts\/6305","targetHints":{"allow":["GET"]}}],"collection":[{"href":"https:\/\/digitalnews.hu\/index.php?rest_route=\/wp\/v2\/posts"}],"about":[{"href":"https:\/\/digitalnews.hu\/index.php?rest_route=\/wp\/v2\/types\/post"}],"author":[{"embeddable":true,"href":"https:\/\/digitalnews.hu\/index.php?rest_route=\/wp\/v2\/users\/1"}],"replies":[{"embeddable":true,"href":"https:\/\/digitalnews.hu\/index.php?rest_route=%2Fwp%2Fv2%2Fcomments&post=6305"}],"version-history":[{"count":1,"href":"https:\/\/digitalnews.hu\/index.php?rest_route=\/wp\/v2\/posts\/6305\/revisions"}],"predecessor-version":[{"id":6307,"href":"https:\/\/digitalnews.hu\/index.php?rest_route=\/wp\/v2\/posts\/6305\/revisions\/6307"}],"wp:featuredmedia":[{"embeddable":true,"href":"https:\/\/digitalnews.hu\/index.php?rest_route=\/wp\/v2\/media\/6306"}],"wp:attachment":[{"href":"https:\/\/digitalnews.hu\/index.php?rest_route=%2Fwp%2Fv2%2Fmedia&parent=6305"}],"wp:term":[{"taxonomy":"category","embeddable":true,"href":"https:\/\/digitalnews.hu\/index.php?rest_route=%2Fwp%2Fv2%2Fcategories&post=6305"},{"taxonomy":"post_tag","embeddable":true,"href":"https:\/\/digitalnews.hu\/index.php?rest_route=%2Fwp%2Fv2%2Ftags&post=6305"}],"curies":[{"name":"wp","href":"https:\/\/api.w.org\/{rel}","templated":true}]}}