{"id":6317,"date":"2026-01-23T09:03:39","date_gmt":"2026-01-23T07:03:39","guid":{"rendered":"https:\/\/digitalnews.hu\/?p=6317"},"modified":"2026-01-23T09:03:39","modified_gmt":"2026-01-23T07:03:39","slug":"magyarorszagra-is-megerkezett-a-technologiai-forradalom-hamarosan-onvezeto-taxiba-ulhetunk","status":"publish","type":"post","link":"https:\/\/digitalnews.hu\/?p=6317","title":{"rendered":"Magyarorsz\u00e1gra is meg\u00e9rkezett a technol\u00f3giai forradalom, hamarosan \u00f6nvezet\u0151 taxiba \u00fclhet\u00fcnk"},"content":{"rendered":"\n<p>A magyar aut\u00f3ipar a vil\u00e1g legmodernebb j\u00e1rm\u0171ipara, a debreceni BMW-gy\u00e1r pedig jelenleg a legmodernebb aut\u00f3gy\u00e1r a vil\u00e1gon \u2013 mondta Palkovics L\u00e1szl\u00f3 korm\u00e1nybiztos. Az \u00e9v m\u00e1sodik fel\u00e9ben Budapesten k\u00eds\u00e9rleti jelleggel elindulhat az els\u0151 auton\u00f3m taxiszolg\u00e1ltat\u00e1s, a humanoid robotok gy\u00e1rt\u00e1sa pedig a k\u00f6vetkez\u0151 nagy lehet\u0151s\u00e9g lehet Magyarorsz\u00e1g sz\u00e1m\u00e1ra. <\/p>\n\n\n\n<p>A korm\u00e1nybiztos szerint aki az aut\u00f3ipart temetn\u00e9, az ne tegye, mert a mostani visszaes\u00e9s csup\u00e1n egy technol\u00f3giav\u00e1lt\u00e1sb\u00f3l ad\u00f3d\u00f3 hull\u00e1mv\u00f6lgy.<br>Palkovics L\u00e1szl\u00f3, a mesters\u00e9ges intelligenci\u00e1\u00e9rt felel\u0151s korm\u00e1nybiztos az <a href=\"https:\/\/infostart.hu\/arena\/2026\/01\/22\/palkovics-laszlo-mesterseges-intelligenciaert-felelos-kormanybiztos\" target=\"_blank\" rel=\"noreferrer noopener\">Infor\u00e1di\u00f3 Ar\u00e9na<\/a> c\u00edm\u0171 m\u0171sor\u00e1ban besz\u00e9lt az aut\u00f3ipar helyzet\u00e9r\u0151l, az \u00f6nvezet\u0151 j\u00e1rm\u0171vek j\u00f6v\u0151j\u00e9r\u0151l \u00e9s a humanoid robotokban rejl\u0151 lehet\u0151s\u00e9gekr\u0151l. Al\u00e1bb \u00f6sszegy\u0171jt\u00f6tt\u00fck az interj\u00faban elhangzott f\u0151bb gondolatokat:<\/p>\n\n\n\n<ul class=\"wp-block-list\">\n<li>Az aut\u00f3ipar felemelked\u00e9se az \u00e9v m\u00e1sodik fel\u00e9ben v\u00e1rhat\u00f3. A vev\u0151i sz\u00e1nd\u00e9kokban m\u00e1r l\u00e1tszik a v\u00e1s\u00e1rl\u00e1si kedv visszat\u00e9r\u00e9se. A BMW debreceni gy\u00e1r\u00e1ban m\u00e1r a m\u00e1sodik m\u0171szakot tervezik, a szegedi BYD megkezdi a gy\u00e1rt\u00e1st, a kecskem\u00e9ti Mercedes pedig b\u0151v\u00edt.<\/li>\n\n\n\n<li>A mostani visszaes\u00e9s nem az aut\u00f3ipar hib\u00e1ja. A technol\u00f3giai v\u00e1lt\u00e1sb\u00f3l (p\u00e9ld\u00e1ul hajt\u00e1sl\u00e1ncok) fakad\u00f3 bizonytalans\u00e1g miatt a vev\u0151k eltolt\u00e1k v\u00e1s\u00e1rl\u00e1si d\u00f6nt\u00e9seiket, \u00e9s a d\u00edzelbotr\u00e1ny sem seg\u00edtett a bizalom \u00e9p\u00edt\u00e9s\u00e9ben. Mindez azonban \u00e1tmeneti. \u201eAkik esetleg az aut\u00f3ipart temetn\u00e9k, semmik\u00e9pp se tegy\u00e9k\u201d \u2013 fogalmazott a korm\u00e1nybiztos.<\/li>\n\n\n\n<li>A magyar aut\u00f3ipar a vil\u00e1g legmodernebb j\u00e1rm\u0171ipara. A debreceni BMW-gy\u00e1r jelenleg a legmodernebb aut\u00f3gy\u00e1r a vil\u00e1gon, \u00e9s ez a technol\u00f3giai sz\u00ednvonal h\u00fazza mag\u00e1val a besz\u00e1ll\u00edt\u00f3i \u00f6kosziszt\u00e9m\u00e1t is.<\/li>\n\n\n\n<li>Magyarorsz\u00e1g kulcsszerepet j\u00e1tszott abban, hogy a bels\u0151 \u00e9g\u00e9s\u0171 motor visszaker\u00fclj\u00f6n az eur\u00f3pai gy\u00e1rt\u00f3k palett\u00e1j\u00e1ra. Palkovics 2022 elej\u00e9n Robert Habeck n\u00e9met z\u00f6ldp\u00e1rti miniszter javaslat\u00e1t t\u00e1mogatta, aminek eredm\u00e9nyek\u00e9nt a bels\u0151 \u00e9g\u00e9s\u0171 motorok m\u00e1s konstrukci\u00f3val \u00e9s hajt\u00f3anyaggal \u00fajra beker\u00fclhetnek a 2035 ut\u00e1n gy\u00e1rtott aut\u00f3kba.<\/li>\n\n\n\n<li>A szintetikus \u00fczemanyagok jelenthetik a megold\u00e1st. Az eur\u00f3pai olajv\u00e1llalatok szerint 2050-re az \u00fczemanyagok nyolcvan sz\u00e1zal\u00e9ka szintetikus (mesters\u00e9gesen el\u0151\u00e1ll\u00edtott), karbonsemleges lehet.<\/li>\n\n\n\n<li>Budapesten az \u00e9v v\u00e9g\u00e9n elindulhat az \u00f6nvezet\u0151 taxiszolg\u00e1ltat\u00e1s k\u00eds\u00e9rleti jelleggel. A Zalazone megv\u00e1s\u00e1rolja az izraeli Mobileye felh\u0151alap\u00fa rendszer\u00e9t, \u00e9s k\u00e9t n\u00e9gyes szint\u0171 \u00f6nvezet\u0151 j\u00e1rm\u0171vet helyeznek \u00fczembe, amelyek a tervek szerint F\u0151taxi \u00e9s a a vele partners\u00e9gben l\u00e9v\u0151 Uber flott\u00e1j\u00e1ba integr\u00e1l\u00f3dhatnak.<\/li>\n\n\n\n<li>Az \u00f6nvezet\u00e9shez technol\u00f3giailag minden felt\u00e9tel adott \u2013 id\u00e9zte Sz\u00e1szi Istv\u00e1n magyarorsz\u00e1gi Bosch-vez\u00e9r Indexnek adott interj\u00faj\u00e1b\u00f3l. Sz\u00e1szit a legsikeresebb nemzetk\u00f6zi szint\u0171 magyar menedzsernek nevezte. Ami visszatartja az \u00f6nvezet\u00e9s bevezet\u00e9s\u00e9t, az a jogi felel\u0151ss\u00e9g k\u00e9rd\u00e9se \u00e9s az \u00fczleti modell hi\u00e1nya.<\/li>\n\n\n\n<li>A k\u00f6zleked\u00e9si balesetek kilencven sz\u00e1zal\u00e9k\u00e1t emberi hiba okozza, az \u00f6nvezet\u00e9s ezt jelent\u0151sen cs\u00f6kkenthetn\u00e9.<\/li>\n\n\n\n<li>A humanoid robotok gy\u00e1rt\u00e1sa lehet Magyarorsz\u00e1g k\u00f6vetkez\u0151 nagy lehet\u0151s\u00e9ge. A korm\u00e1nyhat\u00e1rozatban is szerepel, hogy Magyarorsz\u00e1got \u201ea humanoid robotok haz\u00e1j\u00e1v\u00e1&#8221; tenn\u00e9k. \u201eAki aut\u00f3t tud gy\u00e1rtani, az robotot is tud\u201d \u2013 \u00e9rvelt Palkovics amellett, hogy kis m\u00e9ret\u0171 orsz\u00e1gk\u00e9nt igenis siker\u00fclhet ez a t\u00f6rekv\u00e9s.<\/li>\n\n\n\n<li>A robotokban ugyanazok a komponensek megtal\u00e1lhat\u00f3k, mint az aut\u00f3kban. Szenzorok, elektronika, motorok, akkumul\u00e1torok, biztons\u00e1gkritikus szoftverek \u2013 a Magyarorsz\u00e1gon m\u0171k\u00f6d\u0151 nagy besz\u00e1ll\u00edt\u00f3k, mint a Bosch vagy a Continental, alkalmasak ilyen eszk\u00f6z\u00f6k fejleszt\u00e9s\u00e9re.<\/li>\n\n\n\n<li>A robotokt\u00f3l nem kell f\u00e9lni. Palkovics szerint nem harcol\u00f3 g\u00e9pekr\u0151l van sz\u00f3, hanem olyanokr\u00f3l, amelyek t\u0171zolt\u00e1st seg\u00edtenek, orvosokat assziszt\u00e1lnak, vagy id\u0151s embereket k\u00eds\u00e9rnek. \u201eEzeket a robotokat lehet szeretni&#8221; \u2013 fogalmazott.<\/li>\n<\/ul>\n\n\n\n<figure class=\"wp-block-embed is-type-video is-provider-youtube wp-block-embed-youtube wp-embed-aspect-16-9 wp-has-aspect-ratio\"><div class=\"wp-block-embed__wrapper\">\n<iframe loading=\"lazy\" title=\"Mi\u00e9rt most j\u00f6n a fellend\u00fcl\u00e9s az aut\u00f3iparban? Palkovics L\u00e1szl\u00f3, Infor\u00e1di\u00f3, Ar\u00e9na\" width=\"640\" height=\"360\" src=\"https:\/\/www.youtube.com\/embed\/eRXUfECG-sU?feature=oembed\" frameborder=\"0\" allow=\"accelerometer; autoplay; clipboard-write; encrypted-media; gyroscope; picture-in-picture; web-share\" referrerpolicy=\"strict-origin-when-cross-origin\" allowfullscreen><\/iframe>\n<\/div><\/figure>\n\n\n\n<p><mark style=\"background-color:#9b51e0\" class=\"has-inline-color has-white-color\">Tov\u00e1bb a cikkre:<\/mark> <a href=\"https:\/\/index.hu\/gazdasag\/2026\/01\/23\/palkovics-laszlo-humanoid-robot-onvezeto-taxi-zalazone-szaszi-istvan\/\" target=\"_blank\" rel=\"noreferrer noopener\">index.hu<\/a> (R\u00e1di Bal\u00e1zs)<\/p>\n","protected":false},"excerpt":{"rendered":"<p>A magyar aut\u00f3ipar a vil\u00e1g legmodernebb j\u00e1rm\u0171ipara, a debreceni BMW-gy\u00e1r pedig jelenleg a legmodernebb aut\u00f3gy\u00e1r a vil\u00e1gon \u2013 mondta Palkovics&hellip;<\/p>\n","protected":false},"author":1,"featured_media":6318,"comment_status":"closed","ping_status":"closed","sticky":false,"template":"","format":"standard","meta":{"footnotes":""},"categories":[18],"tags":[],"class_list":["post-6317","post","type-post","status-publish","format-standard","has-post-thumbnail","hentry","category-robotika"],"_links":{"self":[{"href":"https:\/\/digitalnews.hu\/index.php?rest_route=\/wp\/v2\/posts\/6317","targetHints":{"allow":["GET"]}}],"collection":[{"href":"https:\/\/digitalnews.hu\/index.php?rest_route=\/wp\/v2\/posts"}],"about":[{"href":"https:\/\/digitalnews.hu\/index.php?rest_route=\/wp\/v2\/types\/post"}],"author":[{"embeddable":true,"href":"https:\/\/digitalnews.hu\/index.php?rest_route=\/wp\/v2\/users\/1"}],"replies":[{"embeddable":true,"href":"https:\/\/digitalnews.hu\/index.php?rest_route=%2Fwp%2Fv2%2Fcomments&post=6317"}],"version-history":[{"count":1,"href":"https:\/\/digitalnews.hu\/index.php?rest_route=\/wp\/v2\/posts\/6317\/revisions"}],"predecessor-version":[{"id":6319,"href":"https:\/\/digitalnews.hu\/index.php?rest_route=\/wp\/v2\/posts\/6317\/revisions\/6319"}],"wp:featuredmedia":[{"embeddable":true,"href":"https:\/\/digitalnews.hu\/index.php?rest_route=\/wp\/v2\/media\/6318"}],"wp:attachment":[{"href":"https:\/\/digitalnews.hu\/index.php?rest_route=%2Fwp%2Fv2%2Fmedia&parent=6317"}],"wp:term":[{"taxonomy":"category","embeddable":true,"href":"https:\/\/digitalnews.hu\/index.php?rest_route=%2Fwp%2Fv2%2Fcategories&post=6317"},{"taxonomy":"post_tag","embeddable":true,"href":"https:\/\/digitalnews.hu\/index.php?rest_route=%2Fwp%2Fv2%2Ftags&post=6317"}],"curies":[{"name":"wp","href":"https:\/\/api.w.org\/{rel}","templated":true}]}}