{"id":6323,"date":"2026-01-24T13:52:29","date_gmt":"2026-01-24T11:52:29","guid":{"rendered":"https:\/\/digitalnews.hu\/?p=6323"},"modified":"2026-01-24T13:52:29","modified_gmt":"2026-01-24T11:52:29","slug":"a-sony-es-a-tcl-strategiai-partnersegre-vonatkozo-szandeknyilatkozatot-irt-alaaz-otthoni-szorakoztatoelektronika-teruleten","status":"publish","type":"post","link":"https:\/\/digitalnews.hu\/?p=6323","title":{"rendered":"A Sony \u00e9s a TCL strat\u00e9giai partners\u00e9gre vonatkoz\u00f3 sz\u00e1nd\u00e9knyilatkozatot \u00edrt al\u00e1az otthoni sz\u00f3rakoztat\u00f3elektronika ter\u00fclet\u00e9n"},"content":{"rendered":"\n<p>Tov\u00e1bbi glob\u00e1lis \u00fczleti n\u00f6veked\u00e9s el\u0151mozd\u00edt\u00e1sa az egyes\u00edtett er\u0151k r\u00e9v\u00e9n<\/p>\n\n\n\n<p>A Sony Corporation (\u201eSony\u201d) \u00e9s a TCL Electronics Holdings Limited (\u201eTCL\u201d) ma bejelentette, hogy a k\u00e9t v\u00e1llalat meg\u00e1llapodott abban, hogy folytatj\u00e1k a t\u00e1rgyal\u00e1sokat \u00e9s m\u00e9rlegelik egy strat\u00e9giai partners\u00e9g l\u00e9trehoz\u00e1s\u00e1t az otthoni sz\u00f3rakoztat\u00e1s ter\u00fclet\u00e9n.<\/p>\n\n\n\n<p>Konkr\u00e9tan a k\u00e9t v\u00e1llalat al\u00e1\u00edrt egy sz\u00e1nd\u00e9knyilatkozatot, amelyben meger\u0151s\u00edtik sz\u00e1nd\u00e9kukat egy k\u00f6z\u00f6s v\u00e1llalat l\u00e9trehoz\u00e1s\u00e1ra, amely \u00e1tveszi a Sony otthoni sz\u00f3rakoztat\u00f3elektronikai \u00fczlet\u00e1g\u00e1t, amelyben a TCL 51%-os, a Sony pedig 49%-os r\u00e9szesed\u00e9ssel rendelkezik. A k\u00f6z\u00f6s v\u00e1llalat glob\u00e1lisan fog m\u0171k\u00f6dni, \u00e9s a teljes folyamatot lefedi a term\u00e9kfejleszt\u00e9st\u0151l \u00e9s -tervez\u00e9st\u0151l a gy\u00e1rt\u00e1son, \u00e9rt\u00e9kes\u00edt\u00e9sen, logisztik\u00e1n \u00e9s \u00fcgyf\u00e9lszolg\u00e1laton \u00e1t, bele\u00e9rtve a telev\u00edzi\u00f3kat \u00e9s az otthoni audioeszk\u00f6z\u00f6ket is. A Sony \u00e9s a TCL t\u00e1rgyal\u00e1sokat folytat a v\u00e9gleges, k\u00f6telez\u0151 \u00e9rv\u00e9ny\u0171 meg\u00e1llapod\u00e1sok 2026. m\u00e1rcius v\u00e9g\u00e9ig t\u00f6rt\u00e9n\u0151 al\u00e1\u00edr\u00e1s\u00e1r\u00f3l. A v\u00e9gleges meg\u00e1llapod\u00e1sok al\u00e1\u00edr\u00e1s\u00e1t\u00f3l, a vonatkoz\u00f3 hat\u00f3s\u00e1gi j\u00f3v\u00e1hagy\u00e1sokt\u00f3l \u00e9s egy\u00e9b felt\u00e9telekt\u0151l f\u00fcgg\u0151en az \u00faj v\u00e1llalat v\u00e1rhat\u00f3an 2027 \u00e1prilis\u00e1ban kezdi meg m\u0171k\u00f6d\u00e9s\u00e9t.<\/p>\n\n\n\n<p>Az \u00faj v\u00e1llalat a Sony \u00e9vek sor\u00e1n fejlesztett, kiv\u00e1l\u00f3 min\u0151s\u00e9g\u0171 k\u00e9p- \u00e9s hangtechnol\u00f3gi\u00e1j\u00e1ra, m\u00e1rka\u00e9rt\u00e9k\u00e9re \u00e9s operat\u00edv szak\u00e9rtelm\u00e9re \u2013 bele\u00e9rtve az ell\u00e1t\u00e1si l\u00e1nc menedzsmentj\u00e9t is \u2013 \u00e9p\u00edtve tervezi \u00fczleti tev\u00e9kenys\u00e9g\u00e9nek fejleszt\u00e9s\u00e9t, mik\u00f6zben kihaszn\u00e1lja a TCL fejlett kijelz\u0151technol\u00f3gi\u00e1j\u00e1t, glob\u00e1lis el\u0151nyeit, ipari jelenl\u00e9t\u00e9t, teljes k\u00f6r\u0171 k\u00f6lts\u00e9ghat\u00e9konys\u00e1g\u00e1t \u00e9s vertik\u00e1lis ell\u00e1t\u00e1si l\u00e1nc\u00e1nak erej\u00e9t. Az \u00faj v\u00e1llalat term\u00e9kei v\u00e1rhat\u00f3an a vil\u00e1gszerte elismert &#8222;Sony&#8221; \u00e9s a &#8222;BRAVIA\u2122&#8221; nevet viselik majd, azzal a c\u00e9llal, hogy \u00faj v\u00e1s\u00e1rl\u00f3i \u00e9rt\u00e9ket teremtsen ezekkel a m\u00e1rk\u00e1s term\u00e9kekkel, p\u00e9ld\u00e1ul t\u00e9v\u00e9kkel \u00e9s otthoni audioeszk\u00f6z\u00f6kkel.<\/p>\n\n\n\n<p>A nagym\u00e9ret\u0171 t\u00e9v\u00e9k\u00e9sz\u00fcl\u00e9kek glob\u00e1lis piaca folyamatosan b\u0151v\u00fcl, olyan trendeknek k\u00f6sz\u00f6nhet\u0151en, mint a v\u00e1ltozatos n\u00e9z\u00e9si st\u00edlusok a n\u00f6vekv\u0151 OTT&nbsp;<sup>(*)<\/sup>&nbsp;\u00e9s vide\u00f3megoszt\u00f3 platformoknak k\u00f6sz\u00f6nhet\u0151en, az intelligens funkci\u00f3k fejl\u0151d\u00e9se \u00e1ltal lehet\u0151v\u00e9 tett jobb felhaszn\u00e1l\u00f3i \u00e9lm\u00e9ny, valamint a nagyobb felbont\u00e1s\u00fa \u00e9s nagyobb kijelz\u0151k elterjed\u00e9se. Ebben a piaci k\u00f6rnyezetben az \u00faj v\u00e1llalat c\u00e9lja, hogy innovat\u00edv term\u00e9keket hozzon l\u00e9tre, amelyek megfelelnek az \u00fcgyfelek elv\u00e1r\u00e1sainak vil\u00e1gszerte, \u00e9s kiemelked\u0151 m\u0171k\u00f6d\u00e9si kiv\u00e1l\u00f3s\u00e1g r\u00e9v\u00e9n tov\u00e1bbi \u00fczleti n\u00f6veked\u00e9st \u00e9rjen el. A Sony \u00e9s a TCL elk\u00f6telezett az \u00faj v\u00e1llalat fenntarthat\u00f3 n\u00f6veked\u00e9s\u00e9nek hat\u00e1rozott t\u00e1mogat\u00e1sa mellett.<\/p>\n\n\n\n<p><mark style=\"background-color:#9b51e0\" class=\"has-inline-color has-white-color\">Tov\u00e1bb a cikkre:<\/mark> <a href=\"https:\/\/www.sony.co.jp\/en\/news-release\/202601\/26-0120E\/\" target=\"_blank\" rel=\"noreferrer noopener\">sony.co.jp<\/a><\/p>\n","protected":false},"excerpt":{"rendered":"<p>Tov\u00e1bbi glob\u00e1lis \u00fczleti n\u00f6veked\u00e9s el\u0151mozd\u00edt\u00e1sa az egyes\u00edtett er\u0151k r\u00e9v\u00e9n A Sony Corporation (\u201eSony\u201d) \u00e9s a TCL Electronics Holdings Limited (\u201eTCL\u201d)&hellip;<\/p>\n","protected":false},"author":1,"featured_media":6324,"comment_status":"closed","ping_status":"closed","sticky":false,"template":"","format":"standard","meta":{"footnotes":""},"categories":[23],"tags":[],"class_list":["post-6323","post","type-post","status-publish","format-standard","has-post-thumbnail","hentry","category-media"],"_links":{"self":[{"href":"https:\/\/digitalnews.hu\/index.php?rest_route=\/wp\/v2\/posts\/6323","targetHints":{"allow":["GET"]}}],"collection":[{"href":"https:\/\/digitalnews.hu\/index.php?rest_route=\/wp\/v2\/posts"}],"about":[{"href":"https:\/\/digitalnews.hu\/index.php?rest_route=\/wp\/v2\/types\/post"}],"author":[{"embeddable":true,"href":"https:\/\/digitalnews.hu\/index.php?rest_route=\/wp\/v2\/users\/1"}],"replies":[{"embeddable":true,"href":"https:\/\/digitalnews.hu\/index.php?rest_route=%2Fwp%2Fv2%2Fcomments&post=6323"}],"version-history":[{"count":1,"href":"https:\/\/digitalnews.hu\/index.php?rest_route=\/wp\/v2\/posts\/6323\/revisions"}],"predecessor-version":[{"id":6325,"href":"https:\/\/digitalnews.hu\/index.php?rest_route=\/wp\/v2\/posts\/6323\/revisions\/6325"}],"wp:featuredmedia":[{"embeddable":true,"href":"https:\/\/digitalnews.hu\/index.php?rest_route=\/wp\/v2\/media\/6324"}],"wp:attachment":[{"href":"https:\/\/digitalnews.hu\/index.php?rest_route=%2Fwp%2Fv2%2Fmedia&parent=6323"}],"wp:term":[{"taxonomy":"category","embeddable":true,"href":"https:\/\/digitalnews.hu\/index.php?rest_route=%2Fwp%2Fv2%2Fcategories&post=6323"},{"taxonomy":"post_tag","embeddable":true,"href":"https:\/\/digitalnews.hu\/index.php?rest_route=%2Fwp%2Fv2%2Ftags&post=6323"}],"curies":[{"name":"wp","href":"https:\/\/api.w.org\/{rel}","templated":true}]}}