{"id":6326,"date":"2026-01-24T14:30:16","date_gmt":"2026-01-24T12:30:16","guid":{"rendered":"https:\/\/digitalnews.hu\/?p=6326"},"modified":"2026-01-24T14:30:16","modified_gmt":"2026-01-24T12:30:16","slug":"mi-tortenik-ha-egy-kinai-akkumulatorgyar-erkezik-a-varosba","status":"publish","type":"post","link":"https:\/\/digitalnews.hu\/?p=6326","title":{"rendered":"Mi t\u00f6rt\u00e9nik, ha egy k\u00ednai akkumul\u00e1torgy\u00e1r \u00e9rkezik a v\u00e1rosba?"},"content":{"rendered":"\n<p>A k\u00ednai akkumul\u00e1torgy\u00e1rak vil\u00e1gm\u00e9ret\u0171 terjeszked\u00e9se azt jelzi, hogy az orsz\u00e1g a gy\u00e1rt\u00e1s \u00faj szakasz\u00e1ba l\u00e9p. A k\u00ednai v\u00e1llalatok annyira hat\u00e9konny\u00e1 \u00e9s technol\u00f3giailag fejlettt\u00e9 v\u00e1ltak, hogy most m\u00e1r b\u00e1rhov\u00e1 \u00e1thelyezhetik gy\u00e1raikat, \u00e9s tov\u00e1bbra is tal\u00e1lnak m\u00f3dokat arra, hogy versenyk\u00e9pesebbek legyenek a helyi szerepl\u0151kkel szemben. A WIRED k\u00ednai sz\u00e1m\u00e1ban ezt a p\u00e9ld\u00e1tlan n\u00f6veked\u00e9st t\u00e9rk\u00e9pek \u00e9s grafikonok sorozat\u00e1val \u00e1br\u00e1zoltuk. Mindegyiket&nbsp;<a href=\"https:\/\/www.wired.com\/story\/chinese-ev-batteries\/\">itt<\/a>&nbsp;tekintheti meg .<\/p>\n\n\n\n<p>A vil\u00e1g m\u00e9g mindig azon gondolkodik, hogy mit jelent majd ez a paradigmav\u00e1lt\u00e1s az energia \u00e9s a geopolitika j\u00f6v\u0151je szempontj\u00e1b\u00f3l. De az ezekben a gy\u00e1rakban gy\u00e1rtott akkumul\u00e1torok m\u00e1r most is \u00e1talak\u00edtj\u00e1k a tiszta energi\u00e1ra val\u00f3 \u00e1t\u00e1ll\u00e1st. A szak\u00e9rt\u0151k, akikkel besz\u00e9ltem, azt mondt\u00e1k, hogy a k\u00ednai akkumul\u00e1torok \u2013 \u00e9s a tengerent\u00fali gy\u00e1rak, amelyek ezeket gy\u00e1rtj\u00e1k \u2013 n\u00f6vekv\u0151 jelenl\u00e9te mindent \u00e1talak\u00edthat a helyi munka\u00fcgyi kapcsolatokt\u00f3l kezdve eg\u00e9szen addig, hogy hogyan terjed a technol\u00f3gia a hat\u00e1rokon \u00e1t.<\/p>\n\n\n\n<p><strong>Amikor egy k\u00ednai gy\u00e1r \u00e9rkezik a v\u00e1rosba<\/strong><br>Magyarorsz\u00e1g az egyik legmegd\u00f6bbent\u0151bb p\u00e9lda arra, hogy mi t\u00f6rt\u00e9nik, amikor a k\u00ednai akkumul\u00e1torgy\u00e1rt\u00f3 c\u00e9gek k\u00fclf\u00f6ldre terjeszkednek. Az orsz\u00e1gban legal\u00e1bb n\u00e9gy, m\u00e1r \u00e9p\u00edt\u00e9s alatt \u00e1ll\u00f3 \u00fczem tal\u00e1lhat\u00f3, k\u00f6zt\u00fck val\u00f3sz\u00edn\u0171leg a valaha k\u00ednai akkumul\u00e1torgy\u00e1rt\u00f3 c\u00e9g \u00e1ltal tervezett legnagyobb k\u00fclf\u00f6ldi gy\u00e1r, amelynek \u00e9rt\u00e9ke k\u00f6r\u00fclbel\u00fcl 8,5 milli\u00e1rd doll\u00e1r. Magyarorsz\u00e1g kapuv\u00e1 v\u00e1lt a k\u00ednai c\u00e9gek sz\u00e1m\u00e1ra, hogy term\u00e9keiket az eur\u00f3pai piacra \u00e9rt\u00e9kes\u00edts\u00e9k. Ennek eredm\u00e9nyek\u00e9nt korai tervet is ad arra vonatkoz\u00f3an, hogyan fognak reag\u00e1lni a k\u00f6z\u00f6ss\u00e9gek, amikor egy k\u00ednai akkumul\u00e1torgy\u00e1r ny\u00edlik a h\u00e1ts\u00f3 udvarukban.<\/p>\n\n\n\n<p>Sokan Magyarorsz\u00e1gon szkeptikusak azzal kapcsolatban, hogy a k\u00ednai v\u00e1llalatok a helyi munkaer\u0151 felv\u00e9tel\u00e9t helyezik-e el\u0151t\u00e9rbe, vagy ehelyett olcs\u00f3bb munkaer\u0151t hoznak be m\u00e1shonnan. Olyan id\u0151szakban \u00e9rkeztek az orsz\u00e1gba, amikor a helyi munkaer\u0151-k\u00edn\u00e1lat alacsony volt, mivel az elm\u00falt \u00e9vekben sok magyar k\u00f6lt\u00f6z\u00f6tt Eur\u00f3pa m\u00e1s r\u00e9szeire munkakeres\u00e9s c\u00e9lj\u00e1b\u00f3l \u2013 mondja Bart\u00f3k Andr\u00e1s, a Ludovika K\u00f6zszolg\u00e1lati Egyetem adjunktusa, aki Magyarorsz\u00e1g Jap\u00e1nnal \u00e9s K\u00edn\u00e1val val\u00f3 kapcsolat\u00e1t tanulm\u00e1nyozta. A v\u00e1llalatok egy\u00fcttm\u0171k\u00f6dtek a magyar korm\u00e1nnyal k\u00f6z\u00e9p-\u00e1zsiai \u00e9s d\u00e9lkelet-\u00e1zsiai migr\u00e1ns munkaer\u0151 behozatal\u00e1ban, de ez negat\u00edv reakci\u00f3kat v\u00e1ltott ki a helyi lakosokb\u00f3l. Amikor a CATL, a vil\u00e1g legnagyobb l\u00edtium akkumul\u00e1torgy\u00e1rt\u00f3ja, tavaly ny\u00e1ron t\u00f6bb mint 100 alkalmazottat bocs\u00e1tott el tervezett magyar gy\u00e1r\u00e1ban, a helyi \u00f6nkorm\u00e1nyzat vizsg\u00e1latot ind\u00edtott annak meg\u00e1llap\u00edt\u00e1s\u00e1ra, hogy a c\u00e9g betartotta-e a helyi munkaer\u0151 felv\u00e9tel\u00e9re vonatkoz\u00f3 \u00edg\u00e9ret\u00e9t.<\/p>\n\n\n\n<p>A CATL helyi tiltakoz\u00e1sokkal is szembes\u00fcl Magyarorsz\u00e1gon a v\u00edzfelhaszn\u00e1l\u00e1sa \u00e9s k\u00f6rnyezeti l\u00e1bnyoma miatt, olyan kritik\u00e1kkal, amelyeket a jap\u00e1n \u00e9s koreai akkumul\u00e1torgy\u00e1rt\u00f3kt\u00f3l \u00f6r\u00f6k\u00f6lt, amelyek az elm\u00falt k\u00e9t \u00e9vtizedben gy\u00e1rakat \u00e9p\u00edtettek ott. \u201eJ\u00f3val azel\u0151tt, hogy ezeket a k\u00ednai [beruh\u00e1z\u00e1sokat] bejelentett\u00e9k volna, orsz\u00e1gos szint\u0171 tiltakoz\u00e1sok voltak amiatt, hogy az akkumul\u00e1torgy\u00e1rt\u00e1s sor\u00e1n szennyezik a talajvizet\u201d \u2013 mondja Bart\u00f3k. Egy magyar b\u00edr\u00f3s\u00e1g okt\u00f3berben elrendelte egy Samsung akkumul\u00e1torgy\u00e1r termel\u00e9s\u00e9nek felf\u00fcggeszt\u00e9s\u00e9t a szennyez\u00e9si aggodalmak miatt. Mivel a k\u00ednai v\u00e1llalatok bejelentett\u00e9k asz\u00e1ly s\u00fajtotta r\u00e9gi\u00f3kban t\u00f6rt\u00e9n\u0151 beruh\u00e1z\u00e1saikat, azonnal belekeveredtek a term\u00e9szeti er\u0151forr\u00e1sok korl\u00e1tozott el\u00e9rhet\u0151s\u00e9g\u00e9r\u0151l sz\u00f3l\u00f3, m\u00e1r am\u00fagy is heves m\u00e9diavit\u00e1kba.<\/p>\n\n\n\n<p>V\u00e9gs\u0151 soron a helyi lakosok \u00fagy \u00e9rezhetik, hogy elszakadtak ezekt\u0151l az akkumul\u00e1torokt\u00f3l \u00e9s az \u00e1ltaluk lehet\u0151v\u00e9 tett z\u00f6ld energi\u00e1ra val\u00f3 \u00e1t\u00e1ll\u00e1st\u00f3l, mivel a magyarok nem a c\u00e9lfogyaszt\u00f3k. A legt\u00f6bb, Magyarorsz\u00e1gon gy\u00e1rtott l\u00edtium akkumul\u00e1tort nyugat-eur\u00f3pai aut\u00f3piacokra sz\u00e1nj\u00e1k, ahol a fogyaszt\u00f3k tehet\u0151sebbek \u00e9s m\u00e1r elhitt\u00e9k maguknak, hogy \u00e1t kell \u00e1llniuk a tiszta energi\u00e1ra. \u201eAz \u00e1tlag magyarnak van p\u00e9nze arra, hogy vegyen egy 10 \u00e9ves haszn\u00e1lt aut\u00f3t N\u00e9metorsz\u00e1gb\u00f3l, \u00e1ltal\u00e1ban d\u00edzel- vagy benzin\u00fczem\u0171t. Nincs p\u00e9nze elektromos j\u00e1rm\u0171vekre\u201d \u2013 mondja Bart\u00f3k.<\/p>\n\n\n\n<p><strong>Lass\u00fa kereslet<\/strong><br>\u00c9rdemes szem el\u0151tt tartani, hogy a k\u00ednai akkumul\u00e1torgy\u00e1rt\u00f3k \u00e1ltal bejelentett nemzetk\u00f6zi meg\u00e1llapod\u00e1sok nem mindegyike val\u00f3sult meg. A 68 gy\u00e1ri beruh\u00e1z\u00e1s k\u00f6z\u00fcl legal\u00e1bb \u00f6t\u00f6t sz\u00fcneteltettek vagy hivatalosan lemondtak, egyes esetekben m\u00e9g azut\u00e1n is, hogy m\u00e1r megkezdt\u00e9k az \u00e9p\u00edtkez\u00e9st. Ennek r\u00e9szben az az oka, hogy az elektromos j\u00e1rm\u0171vek fogyaszt\u00f3i elfogad\u00e1sa ezeken a piacokon sokkal fokozatosabb folyamatnak bizonyult, mint K\u00edn\u00e1ban.<\/p>\n\n\n\n<p>A k\u00ednai akkumul\u00e1torgy\u00e1rt\u00f3k agressz\u00edv glob\u00e1lis terjeszked\u00e9st terveztek egy olyan id\u0151szakban, amikor a korm\u00e1nyok nagylelk\u0171 t\u00e1mogat\u00e1sokat ny\u00fajtottak a gy\u00e1rprojekteknek \u00e9s ad\u00f3kedvezm\u00e9nyeket az elektromos aut\u00f3kat v\u00e1s\u00e1rl\u00f3 fogyaszt\u00f3knak, \u00e9s most, ahogy ez a lelkesed\u00e9s al\u00e1bbhagy, \u00fajra kell kalibr\u00e1lniuk magukat. Az Egyes\u00fclt \u00c1llamokban a Joe Biden alatt elfogadott infl\u00e1ci\u00f3cs\u00f6kkent\u00e9si t\u00f6rv\u00e9ny \u00f6szt\u00f6n\u00f6zte mind a k\u00ednai, mind az amerikai v\u00e1llalatokat gy\u00e1rak \u00e9p\u00edt\u00e9s\u00e9re, de azt\u00e1n Donald Trump eln\u00f6ks\u00e9ge alatt a t\u00f6rv\u00e9nyben felv\u00e1zolt elektromosj\u00e1rm\u0171-t\u00e1mogat\u00e1sokat t\u00f6r\u00f6lt\u00e9k. M\u00e9g Eur\u00f3pa is, amely kor\u00e1bban c\u00e9lul t\u0171zte ki a benzin\u00fczem\u0171 aut\u00f3k gy\u00e1rt\u00e1s\u00e1nak teljes le\u00e1ll\u00edt\u00e1s\u00e1t 2035-re, most meggondolja mag\u00e1t.<\/p>\n\n\n\n<p>\u201eAz akkumul\u00e1torgy\u00e1rt\u00f3k term\u00e9szetesen kev\u00e9sb\u00e9 lenn\u00e9nek \u00f6szt\u00f6n\u00f6zve egy nagy beruh\u00e1z\u00e1sra, ha nem biztosak a politikai ir\u00e1nyvonalban\u201d \u2013 mondja Alexander Brown, a Mercator K\u00edna-tanulm\u00e1nyok Int\u00e9zet\u00e9nek iparpolitik\u00e1val foglalkoz\u00f3 vezet\u0151 elemz\u0151je.<\/p>\n\n\n\n<p>Mi van, ha a vil\u00e1gnak nem kell elektromos aut\u00f3? N\u00e9h\u00e1ny akkumul\u00e1torgy\u00e1rt\u00f3 c\u00e9g m\u00e1r alkalmaz egy tartal\u00e9k tervet: az energiat\u00e1rol\u00e1sra val\u00f3 \u00e1t\u00e1ll\u00e1st. A Ford, amely egy hatalmas akkumul\u00e1torgy\u00e1rat \u00e9p\u00edt Michiganben a CATL gy\u00e1rt\u00e1si technol\u00f3gi\u00e1j\u00e1t felhaszn\u00e1lva, decemberben bejelentette , hogy az elektromos aut\u00f3 akkumul\u00e1torok gy\u00e1rt\u00e1s\u00e1r\u00f3l az energiat\u00e1rol\u00e1sra sz\u00e1nt akkumul\u00e1torok gy\u00e1rt\u00e1s\u00e1ra \u00e1ll \u00e1t. Az Envision AESC, egy m\u00e1sik jelent\u0151s k\u00ednai akkumul\u00e1torgy\u00e1rt\u00f3 c\u00e9g, amelynek amerikai terjeszked\u00e9si tervei a tavalyi \u00e9v nagy r\u00e9sz\u00e9ben sz\u00fcneteltek, szint\u00e9n nemr\u00e9giben bejelentette, hogy megl\u00e9v\u0151 tennessee-i \u00fczeme az elektromos aut\u00f3 akkumul\u00e1torok gy\u00e1rt\u00e1s\u00e1r\u00f3l az energiat\u00e1rol\u00f3 akkumul\u00e1torokra fog \u00e1t\u00e1llni.<\/p>\n\n\n\n<p>M\u00edg a hagyom\u00e1nyos aut\u00f3ipar egyes r\u00e9szei lobbizhatnak az elektromos j\u00e1rm\u0171vek ellen, \u00fagy t\u0171nik, mindenki \u00f6r\u00fcl annak, hogy t\u00f6bb akkumul\u00e1tor legyen a h\u00e1l\u00f3zatokban \u00e9s az otthonokban, amelyek megakad\u00e1lyozhatj\u00e1k az \u00e1ramkimarad\u00e1sokat, s\u0151t lehet\u0151v\u00e9 teszik a fogyaszt\u00f3k sz\u00e1m\u00e1ra, hogy az \u00e1ramot visszaadj\u00e1k a h\u00e1l\u00f3zatba. (Nos, legal\u00e1bbis szinte mindenki. A pakiszt\u00e1ni nemzeti k\u00f6zm\u0171szolg\u00e1ltat\u00f3 \u00e9s a neki hitelt ny\u00fajt\u00f3 k\u00ednai bankok nem igaz\u00e1n \u00f6r\u00fclnek a k\u00ednai akkumul\u00e1torok t\u00e9rnyer\u00e9s\u00e9nek, amint azt csomagunk egy m\u00e1sik darabja szak\u00e9rt\u0151ileg t\u00e1rgyalta .)<\/p>\n\n\n\n<p>A j\u00f3 h\u00edr legal\u00e1bb az, hogy az energiat\u00e1rol\u00e1si technol\u00f3gi\u00e1t ritk\u00e1n politiz\u00e1lt\u00e1k. Az Egyes\u00fclt \u00c1llamokban mind a m\u00e9lyen demokrata Kalifornia, mind a republik\u00e1nus Texas a h\u00e1l\u00f3zati szint\u0171 akkumul\u00e1toros energiat\u00e1rol\u00e1s els\u00f6pr\u0151 alkalmaz\u00f3j\u00e1v\u00e1 v\u00e1lt, \u00edgy a k\u00ednaiak gy\u00e1r\u00e9p\u00edt\u00e9si amb\u00edci\u00f3i val\u00f3sz\u00edn\u0171leg nem fognak teljesen k\u00e1rba v\u00e9szni.<\/p>\n\n\n\n<p><strong>Ford\u00edtott technol\u00f3giatranszfer<\/strong><br>A k\u00ednai akkumul\u00e1torgy\u00e1rt\u00f3kkal egy\u00fcttm\u0171k\u00f6d\u0151 partnerv\u00e1llalatok \u00e9s korm\u00e1nyok sz\u00e1m\u00e1ra, akik gy\u00e1rakat szeretn\u00e9nek l\u00e9tes\u00edteni az orsz\u00e1gaikban, a c\u00e9l mindig is vil\u00e1gos volt: a piaci hozz\u00e1f\u00e9r\u00e9st \u00e9s a t\u00e1mogat\u00e1sokat cser\u00e9be arra az \u00edg\u00e9retre cser\u00e9lni, hogy ezek a c\u00e9gek v\u00e9g\u00fcl helyi munkav\u00e1llal\u00f3kat k\u00e9peznek ki arra, hogy saj\u00e1t maguk gy\u00e1rts\u00e1k a legmodernebb akkumul\u00e1torokat.<\/p>\n\n\n\n<p>Az ir\u00f3nia nem ker\u00fclheti el a figyelm\u00fcnket senki sz\u00e1m\u00e1ra, aki figyelemmel k\u00eds\u00e9ri a glob\u00e1lis aut\u00f3ipart. Az elm\u00falt h\u00e1rom \u00e9vtizedben az amerikai, eur\u00f3pai, jap\u00e1n \u00e9s koreai aut\u00f3gy\u00e1rt\u00f3k boldogan cser\u00e9lt\u00e9k el technol\u00f3giai know-how-jukat a k\u00ednai aut\u00f3piachoz val\u00f3 hozz\u00e1f\u00e9r\u00e9s\u00e9rt. Ma azonban ez a viszony megfordult.<\/p>\n\n\n\n<p>Jim Farley, a Ford vez\u00e9rigazgat\u00f3ja vil\u00e1gosan kifejtette ezt a dinamik\u00e1t egy tavalyi interj\u00faban, amelyet a New York Times rovatvezet\u0151j\u00e9nek, Thomas Friedmannek adott: \u201e\u00dagy versenyz\u00fcnk vel\u00fck, hogy hozz\u00e1f\u00e9r\u00fcnk a szellemi tulajdonukhoz, pontosan \u00fagy, ahogy nekik sz\u00fcks\u00e9g\u00fck volt a mi\u00e9nkre 20 \u00e9vvel ezel\u0151tt, majd felhaszn\u00e1lva innovat\u00edv \u00f6kosziszt\u00e9m\u00e1nkat, amerikai tal\u00e1l\u00e9konys\u00e1gunkat, hatalmas m\u00e9ret\u00fcnket \u00e9s az \u00fcgyfelekkel val\u00f3 bens\u0151s\u00e9ges kapcsolatunkat, glob\u00e1lisan legy\u0151zz\u00fck \u0151ket\u201d \u2013 magyar\u00e1zta.<\/p>\n\n\n\n<p>Emmanuel Macron francia eln\u00f6k a h\u00e9ten a Vil\u00e1ggazdas\u00e1gi F\u00f3rumon megdupl\u00e1zta ugyanezt a gondolatot, mondv\u00e1n, hogy K\u00edna sz\u00edvesen l\u00e1tott befektet\u00e9sk\u00e9nt Eur\u00f3p\u00e1ban, ha \u201ehozz\u00e1 tud j\u00e1rulni a n\u00f6veked\u00e9s\u00fcnkh\u00f6z, bizonyos technol\u00f3gi\u00e1k \u00e1tad\u00e1s\u00e1hoz, \u00e9s nem csak az Eur\u00f3p\u00e1ba ir\u00e1nyul\u00f3 exporthoz\u201d.<\/p>\n\n\n\n<p>Ez a helyes megk\u00f6zel\u00edt\u00e9s \u2013 mondja Brian Engle, a NAATBatt International, az akkumul\u00e1toripar amerikai kereskedelmi sz\u00f6vets\u00e9g\u00e9nek eln\u00f6ke. Engle kor\u00e1bban benzin\u00fczem\u0171 aut\u00f3k m\u00e9rn\u00f6ke volt, de most az akkumul\u00e1torok biztons\u00e1g\u00e1nak kutat\u00e1s\u00e1ra v\u00e1ltott. Az eur\u00f3pai orsz\u00e1gokhoz hasonl\u00f3an \u2013 j\u00f3solja \u2013 az Egyes\u00fclt \u00c1llamok is meg fogja tanulni, hogyan \u201ehozzuk haza ezt a bev\u00e9telt, hogyan tegy\u00fck lehet\u0151v\u00e9 ezeket az \u00faj technol\u00f3gi\u00e1kat, hogyan n\u00f6velj\u00fck a gazdas\u00e1gunkat\u201d. Jelenleg \u201eaz egyetlen hossz\u00fa t\u00e1v\u00fa j\u00e1t\u00e9k, amire fogadunk, a k\u0151olaj, amely \u0151szint\u00e9n sz\u00f3lva semmilyen j\u00f6v\u0151k\u00e9pet nem mutat. Ez egy olyan technol\u00f3giai evol\u00faci\u00f3, amely nem fordul vissza\u201d \u2013 mondja Engle.<\/p>\n\n\n\n<p><mark style=\"background-color:#9b51e0\" class=\"has-inline-color has-white-color\">Tov\u00e1bb a cikkre:<\/mark> <a href=\"https:\/\/www.wired.com\/story\/chinese-battery-makers-are-building-factories-across-the-world\/\" target=\"_blank\" rel=\"noreferrer noopener\">wired.com<\/a> (Zeyi Yang)<\/p>\n","protected":false},"excerpt":{"rendered":"<p>A k\u00ednai akkumul\u00e1torgy\u00e1rak vil\u00e1gm\u00e9ret\u0171 terjeszked\u00e9se azt jelzi, hogy az orsz\u00e1g a gy\u00e1rt\u00e1s \u00faj szakasz\u00e1ba l\u00e9p. A k\u00ednai v\u00e1llalatok annyira hat\u00e9konny\u00e1&hellip;<\/p>\n","protected":false},"author":1,"featured_media":6327,"comment_status":"closed","ping_status":"closed","sticky":false,"template":"","format":"standard","meta":{"footnotes":""},"categories":[39],"tags":[],"class_list":["post-6326","post","type-post","status-publish","format-standard","has-post-thumbnail","hentry","category-bigtech"],"_links":{"self":[{"href":"https:\/\/digitalnews.hu\/index.php?rest_route=\/wp\/v2\/posts\/6326","targetHints":{"allow":["GET"]}}],"collection":[{"href":"https:\/\/digitalnews.hu\/index.php?rest_route=\/wp\/v2\/posts"}],"about":[{"href":"https:\/\/digitalnews.hu\/index.php?rest_route=\/wp\/v2\/types\/post"}],"author":[{"embeddable":true,"href":"https:\/\/digitalnews.hu\/index.php?rest_route=\/wp\/v2\/users\/1"}],"replies":[{"embeddable":true,"href":"https:\/\/digitalnews.hu\/index.php?rest_route=%2Fwp%2Fv2%2Fcomments&post=6326"}],"version-history":[{"count":1,"href":"https:\/\/digitalnews.hu\/index.php?rest_route=\/wp\/v2\/posts\/6326\/revisions"}],"predecessor-version":[{"id":6328,"href":"https:\/\/digitalnews.hu\/index.php?rest_route=\/wp\/v2\/posts\/6326\/revisions\/6328"}],"wp:featuredmedia":[{"embeddable":true,"href":"https:\/\/digitalnews.hu\/index.php?rest_route=\/wp\/v2\/media\/6327"}],"wp:attachment":[{"href":"https:\/\/digitalnews.hu\/index.php?rest_route=%2Fwp%2Fv2%2Fmedia&parent=6326"}],"wp:term":[{"taxonomy":"category","embeddable":true,"href":"https:\/\/digitalnews.hu\/index.php?rest_route=%2Fwp%2Fv2%2Fcategories&post=6326"},{"taxonomy":"post_tag","embeddable":true,"href":"https:\/\/digitalnews.hu\/index.php?rest_route=%2Fwp%2Fv2%2Ftags&post=6326"}],"curies":[{"name":"wp","href":"https:\/\/api.w.org\/{rel}","templated":true}]}}