{"id":6329,"date":"2026-01-24T22:12:41","date_gmt":"2026-01-24T20:12:41","guid":{"rendered":"https:\/\/digitalnews.hu\/?p=6329"},"modified":"2026-01-24T22:16:31","modified_gmt":"2026-01-24T20:16:31","slug":"europa-legnagyobb-drongyara-epulhet-budapest-mellett-27-milliard-forintot-kapott-ra-a-magyar-csapat","status":"publish","type":"post","link":"https:\/\/digitalnews.hu\/?p=6329","title":{"rendered":"Eur\u00f3pa legnagyobb dr\u00f3ngy\u00e1ra \u00e9p\u00fclhet Budapest mellett, 2,7 milli\u00e1rd forintot kapott r\u00e1 a magyar csapat"},"content":{"rendered":"\n<p>A magyar ABZ Innovation komoly t\u0151k\u00e9t kapott j\u00f3nev\u0171 befektet\u0151kt\u0151l. Gy\u00e1rat is \u00e9p\u00edtenek, mert nemcsak a h\u00e1bor\u00faba kellenek dr\u00f3nok.<\/p>\n\n\n\n<p>A nem katonai c\u00e9lra sz\u00e1nt dr\u00f3nok piaca olyan dinamikusan n\u00f6vekszik, hogy egy magyar v\u00e1llalkoz\u00e1s n\u00e9h\u00e1ny \u00e9v alatt az egyik legnagyobb eur\u00f3pai szerepl\u0151v\u00e9 n\u0151tte ki mag\u00e1t. Az ABZ Innovation a keresletet kiel\u00e9g\u00edtend\u0151 sokszoros\u00e1ra n\u00f6veli a kapacit\u00e1sait, \u00e9s \u00faj \u00fczemet \u00e9p\u00edt a f\u0151v\u00e1ros k\u00f6zel\u00e9ben. Ezzel ez lesz Eur\u00f3pa legnagyobb \u201ecivil\u201d dr\u00f3ngy\u00e1ra. Hogy mindezt finansz\u00edrozni tudja, a szektorban rekordgyan\u00fasnak sz\u00e1m\u00edt\u00f3, 7 milli\u00f3 eur\u00f3s t\u0151kebevon\u00e1st hajtott v\u00e9gre.<\/p>\n\n\n\n<p><strong>Szentendre, a dr\u00f3nk\u00f6zpont<\/strong><br>B\u00e1r a dr\u00f3nok f\u0151k\u00e9nt az orosz-ukr\u00e1n h\u00e1bor\u00fa miatt ker\u00fclnek mostans\u00e1g a h\u00edrekbe, a b\u00e9k\u00e9s c\u00e9l\u00fa eszk\u00f6z\u00f6k piac\u00e1n is elk\u00e9peszt\u0151 \u00fctem\u0171 a fejl\u0151d\u00e9s. A viszonylag olcs\u00f3 \u00e1zsiai term\u00e9kek az als\u00f3polcos term\u00e9kek \u00e9s a hobbidr\u00f3nok piac\u00e1t uralj\u00e1k ugyan, ahol p\u00e9ld\u00e1ul egy kis kamer\u00e1t kell a leveg\u0151be juttatni, de a nagyobb, nehezebb terheket is elb\u00edr\u00f3, komplex feladatokat ell\u00e1tni k\u00e9pes, val\u00f3ban megb\u00edzhat\u00f3 dr\u00f3nok piac\u00e1n m\u00e1r komolyabb szerep jut az innov\u00e1ci\u00f3nak, a tart\u00f3ss\u00e1gnak, teh\u00e1t a klasszikusan eur\u00f3pai \u00e9rt\u00e9keknek tartott faktoroknak.<\/p>\n\n\n\n<p>Ha Szentendr\u00e9n az utca ember\u00e9t megk\u00e9rdezn\u00e9nk, val\u00f3sz\u00edn\u0171leg m\u00e9g ott is kevesen tudn\u00e1k, hogy ezen a szuper dinamikusan fejl\u0151d\u0151 terepen egy magyar c\u00e9g kifejezetten sz\u00e9p eredm\u00e9nyeket \u00e9rt el az elm\u00falt alig n\u00e9h\u00e1ny \u00e9vben. M\u00e9ghozz\u00e1 helyben, hiszen a legmodernebb eur\u00f3pai dr\u00f3nokat a f\u0151v\u00e1rost\u00f3l n\u00e9h\u00e1ny kilom\u00e9terre, a macskak\u00f6ves utc\u00e1ir\u00f3l \u00e9s m\u0171v\u00e9szeir\u0151l ismert kisv\u00e1rosban gy\u00e1rtj\u00e1k.<\/p>\n\n\n\n<p>De pontosan mit is csin\u00e1lnak ezek az eszk\u00f6z\u00f6k? A nem passz\u00edv, adatgy\u0171jt\u00e9sre haszn\u00e1lt, \u00fagynevezett heavy duty action dr\u00f3nokat \u2013 amit magyarra tal\u00e1n munkadr\u00f3nk\u00e9nt lehetne leford\u00edtani \u2013 sz\u00e1mos ter\u00fcleten lehet bevetni az iparban, a mez\u0151gazdas\u00e1gban, vagy \u00e9pp a filmiparban. A nagyobb m\u00e9ret\u0171, legal\u00e1bb \u00f6tkil\u00f3s teherb\u00edr\u00e1ssal rendelkez\u0151 g\u00e9pek ha kell, granul\u00e1tumot sz\u00f3rnak, permeteznek, falakat tiszt\u00edtanak, csomagokat, vagy \u00e9pp kamer\u00e1kat sz\u00e1ll\u00edtanak.<\/p>\n\n\n\n<p><strong>Magyar \u201emamut\u201d a dr\u00f3npiacr\u00f3l<\/strong><br>Kevesen tudj\u00e1k, hogy ebben a szegmensben egy magyar csapat, az ABZ Innovation meghat\u00e1roz\u00f3 szerepl\u0151, s\u0151t, a francia <a href=\"https:\/\/www.dronevolt.com\/\" target=\"_blank\" rel=\"noreferrer noopener\">DroneVolt<\/a>tal v\u00e1llvetve a k\u00e9t legnagyobb c\u00e9g egyike. Van olyan szerepl\u0151 m\u00e9g, akinek a k\u00f6zpontja eur\u00f3pai, de a gy\u00e1rt\u00e1s k\u00ednai, de az \u0151 meg\u00edt\u00e9l\u00e9s\u00fck vegyes, ez\u00e9rt \u00e1ltal\u00e1ban \u0151ket nem sz\u00e1m\u00edtj\u00e1k ebbe a k\u00f6rbe. A magyar v\u00e1llalkoz\u00e1s viszonylag fiatal, m\u00e1ra m\u00e9gis huszonnyolc orsz\u00e1gban van m\u00e1r jelen disztrib\u00fatori h\u00e1l\u00f3j\u00e1val, legnagyobb piaca pedig az Egyes\u00fclt \u00c1llamok. Az ABZ 2021-es alap\u00edt\u00e1sa \u00f3ta \u00e9vente stabilan h\u00e1romszorozza \u00e1rbev\u00e9tel\u00e9t.<\/p>\n\n\n\n<p>\u201eA polg\u00e1ri c\u00e9l\u00fa dr\u00f3nok piac\u00e1n egy\u00e9bk\u00e9nt m\u00e1r most is els\u0151 vagy m\u00e1sodik helyen \u00e1llunk, ami sokkal t\u00f6bbet mond el az eur\u00f3pai dr\u00f3npiacr\u00f3l, mint r\u00f3lunk\u201d \u2013 mondja n\u00e9mi \u00f6nir\u00f3ni\u00e1val Ludvigh K\u00e1roly, az ABZ Innovation Kft. \u00fcgyvezet\u0151je, egyben r\u00e9sztulajdonosa. Ez a sz\u00e1mokra leford\u00edtva jelenleg nyolc dedik\u00e1lt technikust \u00e9s \u00e9vi 250\u2013300 legy\u00e1rtott eszk\u00f6zt jelent.<br>\u201eAmit m\u00e9g fontos kiemelni, az a civil r\u00e9sz. A nyugati vil\u00e1gban sok gy\u00e1rt\u00f3 dual use g\u00e9peket fejleszt, de mi nem ezt az utat v\u00e1lasztottuk\u201d \u2013 mondja az \u00fcgyvezet\u0151. Sok gy\u00e1rt\u00f3 erre megy r\u00e1, hiszen ez egy k\u00f6nnyebb piac, a katonai c\u00e9lok miatt \u00e1ltal\u00e1ban nem kell megfelelni a hosszabb t\u00e1v\u00fa \u00fczemeltet\u00e9s ig\u00e9nyeinek. Ebben a piaci k\u00f6rnyezetben dolgozik az ABZ, akik kiz\u00e1r\u00f3lag \u2013 a l\u00e9nyegesen szofisztik\u00e1ltabb \u2013 civil felhaszn\u00e1l\u00e1sra fejlesztik a g\u00e9peiket.<\/p>\n\n\n\n<p>Szentendrei telephely\u00fck jelenleg 1300 n\u00e9gyzetm\u00e9teren ter\u00fcl el, ebb\u0151l 250 n\u00e9gyzetm\u00e9tert foglal el az \u00f6sszeszerel\u0151r\u00e9sz. Mint mondj\u00e1k, a helysz\u00edn egy\u00e9bk\u00e9nt t\u00f6k\u00e9letes, a gy\u00e1rt\u00f3csarnok gyakorlatilag az irodah\u00e1z fal\u00e1hoz tapad, ahonnan szint\u00e9n csak egy l\u00e9p\u00e9s a tesztp\u00e1lya. A lok\u00e1ci\u00f3n \u00edgy nem v\u00e1ltoztatnak, de a telken bel\u00fcl egy nagyobb csarnokot fognak berendezni a saj\u00e1t c\u00e9ljaik szerint. \u201eAhhoz k\u00e9pest, hogy a kor\u00e1bbi \u00fczem\u00fcnk eredetileg nem erre a c\u00e9lra \u00e9p\u00fclt, el\u00e9g sz\u00e9p darabsz\u00e1munk van.\u201d<\/p>\n\n\n\n<p>A szentendrei c\u00e9g eddig organikusan, kifejezetten \u00f3vatos strat\u00e9gi\u00e1t k\u00f6vetve n\u00f6vekedett, de az \u00f3vatos salestev\u00e9kenys\u00e9g ellen\u00e9re is egyre t\u00f6bb a megrendel\u00e9s, a term\u00e9kpaletta is egyre sz\u00e9lesebb, ez\u00e9rt a gy\u00e1rt\u00e1s ugr\u00e1sszer\u0171 n\u00f6vel\u00e9s\u00e9re van sz\u00fcks\u00e9g. Ehhez viszont t\u0151k\u00e9t kellett bevonni, nem is keveset.<\/p>\n\n\n\n<p><strong>Ritka t\u0151ke az eur\u00f3pai piacon<\/strong><br>Ludvigh K\u00e1roly t\u00f6bb mint t\u00edz \u00e9ve, saj\u00e1tkez\u0171leg \u00e9p\u00edtette meg els\u0151 g\u00e9p\u00e9t, \u00e9s gyakorlatilag az\u00f3ta foglalkozik dr\u00f3nokkal. Az \u00e1ltala vezetett \u00e9s r\u00e9szben tulajdonolt ABZ Innovation t\u00f6rt\u00e9nete a 2020-as \u00e9vekben indult, \u00e9s az organikus fejl\u0151d\u00e9s jegy\u00e9ben a tulajdonosi k\u00f6r finansz\u00edrozta a m\u0171k\u00f6d\u00e9st az alap\u00edt\u00e1s \u00f3ta.<\/p>\n\n\n\n<p>\u201eEnnek a n\u00f6veked\u00e9si \u00fctemnek \u00e9szlelt\u00fck 2024-ben a hat\u00e1rait. Felrajzoltuk a n\u00f6veked\u00e9si g\u00f6rb\u00e9t, sz\u00e9p, egyenletes n\u00f6veked\u00e9s, nagyon b\u00fcszk\u00e9k voltunk r\u00e1, de k\u00f6zben l\u00e1ttuk, hogy az \u00e9rdekl\u0151d\u00e9s a term\u00e9keinkre exponenci\u00e1lisan n\u0151, \u00e9s csak egyre ny\u00edlik az oll\u00f3\u201d \u2013 mondja az \u00fcgyvezet\u0151.<\/p>\n\n\n\n<p>A c\u00e9ljuk nem kevesebb, mint az, hogy egy\u00e9rtelm\u0171en a nyugati vil\u00e1g legnagyobb dr\u00f3ngy\u00e1rt\u00f3ja legyenek, de ehhez gy\u00e1rt\u00f3kapacit\u00e1sra van sz\u00fcks\u00e9g. Ekkor kezdtek el azon gondolkozni, hogy hogy lehetne lek\u00f6vetni azt az ugr\u00e1st, ami a term\u00e9keik ir\u00e1nti keresletben l\u00e1tszik? Nem meglep\u0151 m\u00f3don arra jutottak, amire mindenki jutna: t\u0151kebevon\u00e1sra van sz\u00fcks\u00e9g. <\/p>\n\n\n\n<p>Ehhez nemzetk\u00f6zi technol\u00f3giai kock\u00e1zati t\u0151kealapokkal kezdtek t\u00e1rgyalni, folyamatosan tartott\u00e1k a pitch-eket, aminek az eredm\u00e9nye elmond\u00e1suk szerint az lett, hogy gyakorlatilag sorban \u00e1lltak a befektet\u0151k. V\u00e9g\u00fcl egy amerikai-n\u00e9met-magyar konzorcium j\u00f6tt l\u00e9tre.<\/p>\n\n\n\n<p>A lead a m\u00fcncheni sz\u00e9khely\u0171 deep-tech venture, a Vsquared Ventures volt, a m\u00e1sodik legnagyobb tickettel a magyar DayOne Capital, \u00e9s a follower a detroiti, berlini \u00e9s Szil\u00edcium-v\u00f6lgybeli sz\u00e9khellyel is rendelkez\u0151 Assembly Ventures. \u00d6sszess\u00e9g\u00e9ben elmondhat\u00f3, hogy tapasztalt szerepl\u0151kr\u0151l van sz\u00f3, akik m\u00e1r t\u00f6bb startupot seg\u00edtettek eljutni az unikornis st\u00e1tuszig. \u0150k \u00f6sszesen h\u00e9tmilli\u00f3 eur\u00f3t fektettek a c\u00e9gbe.<\/p>\n\n\n\n<p><mark style=\"background-color:#9b51e0\" class=\"has-inline-color has-white-color\">Tov\u00e1bb a cikkre:<\/mark> <a href=\"https:\/\/www.forbes.hu\/uzlet\/abz-europa-legnagyobb-civil-drongyara\/\" target=\"_blank\" rel=\"noreferrer noopener\">forbes.hu<\/a> \u00e9s <a href=\"https:\/\/abzdrone.com\/\" target=\"_blank\" rel=\"noreferrer noopener\">abzdrone.com<\/a><\/p>\n","protected":false},"excerpt":{"rendered":"<p>A magyar ABZ Innovation komoly t\u0151k\u00e9t kapott j\u00f3nev\u0171 befektet\u0151kt\u0151l. Gy\u00e1rat is \u00e9p\u00edtenek, mert nemcsak a h\u00e1bor\u00faba kellenek dr\u00f3nok. A nem&hellip;<\/p>\n","protected":false},"author":1,"featured_media":6330,"comment_status":"closed","ping_status":"closed","sticky":false,"template":"","format":"standard","meta":{"footnotes":""},"categories":[1],"tags":[],"class_list":["post-6329","post","type-post","status-publish","format-standard","has-post-thumbnail","hentry","category-egyeb"],"_links":{"self":[{"href":"https:\/\/digitalnews.hu\/index.php?rest_route=\/wp\/v2\/posts\/6329","targetHints":{"allow":["GET"]}}],"collection":[{"href":"https:\/\/digitalnews.hu\/index.php?rest_route=\/wp\/v2\/posts"}],"about":[{"href":"https:\/\/digitalnews.hu\/index.php?rest_route=\/wp\/v2\/types\/post"}],"author":[{"embeddable":true,"href":"https:\/\/digitalnews.hu\/index.php?rest_route=\/wp\/v2\/users\/1"}],"replies":[{"embeddable":true,"href":"https:\/\/digitalnews.hu\/index.php?rest_route=%2Fwp%2Fv2%2Fcomments&post=6329"}],"version-history":[{"count":3,"href":"https:\/\/digitalnews.hu\/index.php?rest_route=\/wp\/v2\/posts\/6329\/revisions"}],"predecessor-version":[{"id":6333,"href":"https:\/\/digitalnews.hu\/index.php?rest_route=\/wp\/v2\/posts\/6329\/revisions\/6333"}],"wp:featuredmedia":[{"embeddable":true,"href":"https:\/\/digitalnews.hu\/index.php?rest_route=\/wp\/v2\/media\/6330"}],"wp:attachment":[{"href":"https:\/\/digitalnews.hu\/index.php?rest_route=%2Fwp%2Fv2%2Fmedia&parent=6329"}],"wp:term":[{"taxonomy":"category","embeddable":true,"href":"https:\/\/digitalnews.hu\/index.php?rest_route=%2Fwp%2Fv2%2Fcategories&post=6329"},{"taxonomy":"post_tag","embeddable":true,"href":"https:\/\/digitalnews.hu\/index.php?rest_route=%2Fwp%2Fv2%2Ftags&post=6329"}],"curies":[{"name":"wp","href":"https:\/\/api.w.org\/{rel}","templated":true}]}}