{"id":6341,"date":"2026-01-25T00:08:21","date_gmt":"2026-01-24T22:08:21","guid":{"rendered":"https:\/\/digitalnews.hu\/?p=6341"},"modified":"2026-02-02T08:45:25","modified_gmt":"2026-02-02T06:45:25","slug":"ime-miben-remenykednek-es-mitol-tartanak-a-technologiai-vezetok-davosban","status":"publish","type":"post","link":"https:\/\/digitalnews.hu\/?p=6341","title":{"rendered":"\u00cdme, miben rem\u00e9nykednek \u00e9s mit\u0151l tartanak a technol\u00f3giai vezet\u0151k Davosban"},"content":{"rendered":"\n<p>Elon Muskt\u00f3l az Nvidia, a Microsoft, az Anthropic \u00e9s a Google DeepMind vez\u00e9rigazgat\u00f3in \u00e1t Yuval Harari filoz\u00f3fusig mindenki kifejtette a mesters\u00e9ges intelligenci\u00e1val kapcsolatos elk\u00e9pzel\u00e9seit \u00e9s f\u00e9lelmeit Davosban.<br>A mesters\u00e9ges intelligencia (MI) szinte minden besz\u00e9lget\u00e9sbe be\u00e9p\u00fclt a 2026-os Davosban, vetekedve a hagyom\u00e1nyosan aktu\u00e1lis t\u00e9m\u00e1k, mint p\u00e9ld\u00e1ul a kereskedelmi v\u00e1mok, a nemzetk\u00f6zi verseny \u00e9s a geopolitikai fesz\u00fclts\u00e9gek el\u0151t\u00e9rbe helyez\u00e9s\u00e9vel.<\/p>\n\n\n\n<p>Tavaly Davosban a k\u00ednai DeepSeek c\u00e9g hatalmas felh\u00e1borod\u00e1st v\u00e1ltott ki, amikor bemutatta mesters\u00e9ges intelligencia modellj\u00e9t \u00e9s chatbotj\u00e1t, amelyr\u0151l azt \u00e1ll\u00edtotta, hogy olcs\u00f3bb \u00e9s ugyanolyan j\u00f3l teljes\u00edt, mint az OpenAI riv\u00e1lisa, a ChatGPT modell.<\/p>\n\n\n\n<p>Id\u00e9n azonban a mesters\u00e9ges intelligenci\u00e1r\u00f3l sz\u00f3l\u00f3 megbesz\u00e9l\u00e9sek kib\u0151v\u00fcltek, \u00e9s magukban foglalj\u00e1k a megval\u00f3s\u00edt\u00e1s\u00e1nak m\u00f3dj\u00e1t, a technol\u00f3gia kock\u00e1zatait, valamint a munk\u00e1ra \u00e9s a t\u00e1rsadalomra gyakorolt \u200b\u200bhat\u00e1s\u00e1t.<\/p>\n\n\n\n<figure class=\"wp-block-image size-full\"><img loading=\"lazy\" decoding=\"async\" width=\"1024\" height=\"576\" src=\"https:\/\/digitalnews.hu\/wp-content\/uploads\/2026\/01\/1366x768_cmsv2_43bf886c-6e6f-5467-9c30-9946cebfa87f-9619719.webp\" alt=\"\" class=\"wp-image-6342\" srcset=\"https:\/\/digitalnews.hu\/wp-content\/uploads\/2026\/01\/1366x768_cmsv2_43bf886c-6e6f-5467-9c30-9946cebfa87f-9619719.webp 1024w, https:\/\/digitalnews.hu\/wp-content\/uploads\/2026\/01\/1366x768_cmsv2_43bf886c-6e6f-5467-9c30-9946cebfa87f-9619719-768x432.webp 768w, https:\/\/digitalnews.hu\/wp-content\/uploads\/2026\/01\/1366x768_cmsv2_43bf886c-6e6f-5467-9c30-9946cebfa87f-9619719-600x337.webp 600w\" sizes=\"auto, (max-width: 1024px) 100vw, 1024px\" \/><\/figure>\n\n\n\n<p>\u00cdme, mit mondtak a technol\u00f3giai vezet\u0151k Davosban.<\/p>\n\n\n\n<p>\u201eLehet, hogy az \u00e9v v\u00e9g\u00e9re a mesters\u00e9ges intelligencia okosabb lesz, mint b\u00e1rmelyik ember\u201d \u2013 Elon Musk, X<\/p>\n\n\n\n<p>A milli\u00e1rdos azt mondta: \u201eLehet, hogy az \u00e9v v\u00e9g\u00e9re a mesters\u00e9ges intelligencia okosabb lesz b\u00e1rmely embern\u00e9l, azt mondan\u00e1m, hogy legk\u00e9s\u0151bb j\u00f6v\u0151re.\u201d<\/p>\n\n\n\n<p>Azt mondta, hogy a j\u00f6v\u0151ben \u201emindenkinek lesz egy robotja\u201d, \u00e9s \u201eb\u0151s\u00e9g lesz mindenki sz\u00e1m\u00e1ra\u201d, megoldva a szeg\u00e9nys\u00e9get \u00e9s mindenkinek magas \u00e9letsz\u00ednvonalat biztos\u00edtva.<\/p>\n\n\n\n<p>\u201eA humanoid robotika gyorsan fog fejl\u0151dni\u201d \u2013 tette hozz\u00e1.<\/p>\n\n\n\n<p>Azt mondta, hogy az egyik probl\u00e9ma a mesters\u00e9ges intelligencia m\u0171k\u00f6dtet\u00e9s\u00e9hez sz\u00fcks\u00e9ges v\u00e1laszt\u00e1si er\u0151, \u00e9s azt mondta, hogy \u201eegy\u00e9rtelm\u0171, hogy hamarosan t\u00f6bb chipet fogunk gy\u00e1rtani, mint amennyit bekapcsolni tudunk\u201d. Hozz\u00e1tette azonban, hogy ez K\u00edn\u00e1ban nem fog megt\u00f6rt\u00e9nni, mivel \u00e9vente t\u00f6bb mint 100 GW-ot telep\u00edt napelemes rendszerre, amelyet \u201ea legnagyobb energiaform\u00e1nak\u201d nevezett.<\/p>\n\n\n\n<p><strong>\u201e\u00c9letre egyszer ad\u00f3dik lehet\u0151s\u00e9g Eur\u00f3pa sz\u00e1m\u00e1ra\u201d \u2013 Jensen Huang, Nvidia<\/strong><br>Az Nvidia chip\u00f3ri\u00e1s alap\u00edt\u00f3ja \u00e9s vez\u00e9rigazgat\u00f3ja a davosi f\u00f3rumon azt nyilatkozta, hogy a mesters\u00e9ges intelligencia \u201eizgalmas Eur\u00f3pa sz\u00e1m\u00e1ra\u201d, mert \u201ehihetetlen\u00fcl er\u0151s gy\u00e1rt\u00f3b\u00e1zissal\u201d rendelkezik a mesters\u00e9ges intelligencia infrastrukt\u00fara ki\u00e9p\u00edt\u00e9s\u00e9hez.<\/p>\n\n\n\n<p>Huang szerint most j\u00f6tt el az ideje, hogy Eur\u00f3pa \u201e\u00e1tugorja\u201d a szoftverkorszakot, \u00e9s azt tan\u00e1csolta a kontinensnek, hogy \u201ecsin\u00e1ljon kor\u00e1n\u201d, hogy gy\u00e1rt\u00e1si kapacit\u00e1s\u00e1t egyes\u00edthesse a mesters\u00e9ges intelligencia infrastrukt\u00fara ki\u00e9p\u00edt\u00e9se \u00e9rdek\u00e9ben.<\/p>\n\n\n\n<figure class=\"wp-block-image size-full\"><img loading=\"lazy\" decoding=\"async\" width=\"750\" height=\"500\" src=\"https:\/\/digitalnews.hu\/wp-content\/uploads\/2026\/01\/750x500_cmsv2_03bc0b76-b5b9-55ff-9268-70367a416230-9619719.avif\" alt=\"\" class=\"wp-image-6343\" srcset=\"https:\/\/digitalnews.hu\/wp-content\/uploads\/2026\/01\/750x500_cmsv2_03bc0b76-b5b9-55ff-9268-70367a416230-9619719.avif 750w, https:\/\/digitalnews.hu\/wp-content\/uploads\/2026\/01\/750x500_cmsv2_03bc0b76-b5b9-55ff-9268-70367a416230-9619719-600x400.jpg 600w\" sizes=\"auto, (max-width: 750px) 100vw, 750px\" \/><\/figure>\n\n\n\n<p>\u201eA robotika \u00e9let\u00fck egyszeri lehet\u0151s\u00e9ge az eur\u00f3pai orsz\u00e1gok sz\u00e1m\u00e1ra\u201d \u2013 tette hozz\u00e1.<\/p>\n\n\n\n<p>De azt mondta, hogy a mesters\u00e9ges intelligenci\u00e1nak t\u00f6bb energi\u00e1ra, t\u00f6bb f\u00f6ldter\u00fcletre \u00e9s t\u00f6bb szakk\u00e9pzett munkaer\u0151re van sz\u00fcks\u00e9ge, akik szerinte er\u0151s munkaer\u0151-popul\u00e1ci\u00f3t jelentenek Eur\u00f3p\u00e1ban.<\/p>\n\n\n\n<p>Der\u0171l\u00e1t\u00f3 volt azzal kapcsolatban is, hogy a mesters\u00e9ges intelligencia hogyan fogja befoly\u00e1solni a munka vil\u00e1g\u00e1t. Azt mondta, hogy ahelyett, hogy elvenn\u00e9 a munkahelyeket, a mesters\u00e9ges intelligencia sokkal t\u00f6bb fizikai munk\u00e1t teremtene.<\/p>\n\n\n\n<p>\u201eCsod\u00e1latos, hogy a munkahelyek a k\u00e9zm\u0171vess\u00e9ghez kapcsol\u00f3dnak \u2013 lesznek v\u00edzvezet\u00e9k-szerel\u0151ink \u00e9s villanyszerel\u0151ink\u2026 mindezen munkahelyek eset\u00e9ben jelent\u0151s fellend\u00fcl\u00e9st tapasztalunk, \u00e9s a fizet\u00e9sek is emelkedtek. Majdnem a dupl\u00e1j\u00e1ra\u201d \u2013 mondta.<\/p>\n\n\n\n<p>\u201eMindenkinek k\u00e9pesnek kell lennie arra, hogy j\u00f3l meg\u00e9ljen; ehhez nem kell PhD fokozat informatik\u00e1b\u00f3l\u201d \u2013 tette hozz\u00e1.<\/p>\n\n\n\n<h4 class=\"wp-block-heading\"><strong>\u201eTegy\u00e9l valami hasznosat\u201d \u2013 Satya Nadella, Microsoft<\/strong><\/h4>\n\n\n\n<p>A Microsoft vez\u00e9rigazgat\u00f3ja, Satya Nadella hangs\u00falyozta, hogy a mesters\u00e9ges intelligencia haszn\u00e1lata hasznos.<\/p>\n\n\n\n<p>\u201eGlob\u00e1lis k\u00f6z\u00f6ss\u00e9gk\u00e9nt el kell jutnunk egy olyan pontra, ahol a mesters\u00e9ges intelligenci\u00e1t (MI) arra haszn\u00e1ljuk, hogy valami hasznosat tegy\u00fcnk, ami megv\u00e1ltoztatja az emberek, k\u00f6z\u00f6ss\u00e9gek, orsz\u00e1gok \u00e9s ipar\u00e1gak \u00e9letmin\u0151s\u00e9g\u00e9t\u201d \u2013 mondta Nadella.<\/p>\n\n\n\n<p>Nadella figyelmeztetett, hogy a mesters\u00e9ges intelligencia bevezet\u00e9se egyenetlen\u00fcl fog eloszlani a vil\u00e1gon, els\u0151sorban a t\u0151k\u00e9hez \u00e9s az infrastrukt\u00far\u00e1hoz val\u00f3 hozz\u00e1f\u00e9r\u00e9s miatt.<\/p>\n\n\n\n<figure class=\"wp-block-image size-full\"><img loading=\"lazy\" decoding=\"async\" width=\"750\" height=\"500\" src=\"https:\/\/digitalnews.hu\/wp-content\/uploads\/2026\/01\/750x500_cmsv2_9eec84da-9fff-55ff-9e1b-fe1c1f155906-9619719-1.avif\" alt=\"\" class=\"wp-image-6344\" srcset=\"https:\/\/digitalnews.hu\/wp-content\/uploads\/2026\/01\/750x500_cmsv2_9eec84da-9fff-55ff-9e1b-fe1c1f155906-9619719-1.avif 750w, https:\/\/digitalnews.hu\/wp-content\/uploads\/2026\/01\/750x500_cmsv2_9eec84da-9fff-55ff-9e1b-fe1c1f155906-9619719-1-600x400.jpg 600w\" sizes=\"auto, (max-width: 750px) 100vw, 750px\" \/><\/figure>\n\n\n\n<p>A mesters\u00e9ges intelligencia lehet\u0151s\u00e9geinek kiakn\u00e1z\u00e1s\u00e1hoz \u201esz\u00fcks\u00e9ges felt\u00e9telek\u201d sz\u00fcks\u00e9gesek \u2013 els\u0151sorban befektet\u00e9sek vonz\u00e1sa \u00e9s t\u00e1mogat\u00f3 infrastrukt\u00fara ki\u00e9p\u00edt\u00e9se \u2013 mondta. M\u00edg a nagy technol\u00f3giai v\u00e1llalatok \u201emindenhol beruh\u00e1znak, bele\u00e9rtve a glob\u00e1lis d\u00e9lt is\u201d, a siker azokon a politik\u00e1kon m\u00falik, amelyek mind az \u00e1llami, mind a mag\u00e1nt\u0151k\u00e9t vonzz\u00e1k.<\/p>\n\n\n\n<p>A kritikus infrastrukt\u00far\u00e1t, mint p\u00e9ld\u00e1ul az elektromos h\u00e1l\u00f3zatokat, \u201ealapvet\u0151en a korm\u00e1nyok ir\u00e1ny\u00edtj\u00e1k\u201d \u2013 mondta \u2013, \u00e9s a mag\u00e1nv\u00e1llalatok csak akkor m\u0171k\u00f6dhetnek hat\u00e9konyan, ha olyan alapvet\u0151 rendszerek, mint az energia- \u00e9s t\u00e1vk\u00f6zl\u00e9si h\u00e1l\u00f3zatok ki\u00e9p\u00fclnek.<\/p>\n\n\n\n<p><strong>\u201eNem igaz\u00e1n emberi\u201d \u2013Yoshua Bengio<\/strong><br>A kanadai informatikus \u00e9s az \u00fagynevezett \u201emesters\u00e9ges intelligencia keresztapjainak\u201d egyike, Yoshua Bengio arra figyelmeztetett, hogy a mai rendszereket t\u00fal pontosan betan\u00edtott\u00e1k ahhoz, hogy olyanok legyenek, mint az emberek.<\/p>\n\n\n\n<figure class=\"wp-block-image size-full\"><img loading=\"lazy\" decoding=\"async\" width=\"750\" height=\"500\" src=\"https:\/\/digitalnews.hu\/wp-content\/uploads\/2026\/01\/750x500_cmsv2_22127afe-d49f-5f7f-aa83-e1769a262f02-9619719.avif\" alt=\"\" class=\"wp-image-6345\" srcset=\"https:\/\/digitalnews.hu\/wp-content\/uploads\/2026\/01\/750x500_cmsv2_22127afe-d49f-5f7f-aa83-e1769a262f02-9619719.avif 750w, https:\/\/digitalnews.hu\/wp-content\/uploads\/2026\/01\/750x500_cmsv2_22127afe-d49f-5f7f-aa83-e1769a262f02-9619719-600x400.jpg 600w\" sizes=\"auto, (max-width: 750px) 100vw, 750px\" \/><\/figure>\n\n\n\n<p>\u201eSokan abban a t\u00e9ves hitben l\u00e9pnek kapcsolatba vel\u00fck, hogy \u0151k [a mesters\u00e9ges intelligenci\u00e1k] olyanok, mint mi. \u00c9s min\u00e9l okosabb\u00e1 tessz\u00fck \u0151ket, ann\u00e1l ink\u00e1bb \u00edgy lesz, \u00e9s lesznek olyanok, akik miatt \u00fagy akarnak kin\u00e9zni, mint mi\u2026 De nem vil\u00e1gos, hogy ez j\u00f3 lesz-e\u201d \u2013 mondta.<\/p>\n\n\n\n<p>\u201eAz emberis\u00e9g kialak\u00edtott olyan norm\u00e1kat \u00e9s pszichol\u00f3gi\u00e1t, amelyekkel m\u00e1s emberekkel l\u00e9p kapcsolatba. De a mesters\u00e9ges intelligencia nem igaz\u00e1n ember\u201d \u2013 tette hozz\u00e1.<\/p>\n\n\n\n<p><strong>\u201eA bolyg\u00f3 legintelligensebb l\u00e9nyei is lehetnek a legink\u00e1bb f\u00e9lrevezetettek\u201d \u2013 Yuval Harari<\/strong><br>A n\u00e9pszer\u0171 tudom\u00e1nyos \u00edr\u00f3 \u00e9s filoz\u00f3fus \u00f3va intett a mesters\u00e9ges intelligencia \u2013 t\u00e1gabb \u00e9rtelemben az emberi kognit\u00edv k\u00e9pess\u00e9geket meghalad\u00f3 mesters\u00e9ges intelligencia \u2013 \u00e1ltali szuperintelligenci\u00e1t\u00f3l, mondv\u00e1n, hogy \u201enincs tapasztalatunk egy hibrid emberi MI-t\u00e1rsadalom fel\u00e9p\u00edt\u00e9s\u00e9ben\u201d, \u00e9s al\u00e1zatra, valamint egy \u201ekorrekci\u00f3s mechanizmusra\u201d sz\u00f3l\u00edtott fel, ha a dolgok rosszul mennek.<\/p>\n\n\n\n<figure class=\"wp-block-image size-full\"><img loading=\"lazy\" decoding=\"async\" width=\"750\" height=\"500\" src=\"https:\/\/digitalnews.hu\/wp-content\/uploads\/2026\/01\/750x500_cmsv2_7cbb3ab2-88e9-546d-a89a-fbeffb7853ec-9619719.avif\" alt=\"\" class=\"wp-image-6346\" srcset=\"https:\/\/digitalnews.hu\/wp-content\/uploads\/2026\/01\/750x500_cmsv2_7cbb3ab2-88e9-546d-a89a-fbeffb7853ec-9619719.avif 750w, https:\/\/digitalnews.hu\/wp-content\/uploads\/2026\/01\/750x500_cmsv2_7cbb3ab2-88e9-546d-a89a-fbeffb7853ec-9619719-600x400.jpg 600w\" sizes=\"auto, (max-width: 750px) 100vw, 750px\" \/><\/figure>\n\n\n\n<p>Azt is mondta, hogy az emberi intelligencia \u201enevets\u00e9ges anal\u00f3gia\u201d, \u00e9s hogy a mesters\u00e9ges intelligencia soha nem lesz olyan, mint az emberek, ahogy a rep\u00fcl\u0151g\u00e9pek sem madarak. \u201eA bolyg\u00f3 legintelligensebb l\u00e9nyei is lehetnek a legt\u00e9vesebbek\u201d \u2013 mondta.<\/p>\n\n\n\n<h4 class=\"wp-block-heading\"><strong>\u201eAz egyik legfontosabb dolog, amit tehet\u00fcnk, hogy nem adunk el chipeket K\u00edn\u00e1nak\u201d \u2013 Dario Amodei, Anthropic<\/strong><\/h4>\n\n\n\n<p>Az Anthropic vez\u00e9rigazgat\u00f3ja \u00e9s t\u00e1rsalap\u00edt\u00f3ja izgalmasnak nevezte a mesters\u00e9ges intelligencia fejl\u0151d\u00e9s\u00e9t, \u00e9s hozz\u00e1tette, hogy \u201ehihetetlen k\u00e9pess\u00e9gek ajtaj\u00e1n kopogtatunk\u201d, de a k\u00f6vetkez\u0151 n\u00e9h\u00e1ny \u00e9v kritikus lesz a technol\u00f3gia szab\u00e1lyoz\u00e1sa \u00e9s ir\u00e1ny\u00edt\u00e1sa szempontj\u00e1b\u00f3l.<\/p>\n\n\n\n<p>A vita arr\u00f3l sz\u00f3lt, hogy mi t\u00f6rt\u00e9nik a mesters\u00e9ges intelligencia (AGI) ut\u00e1n, amikor a MI el\u00e9ri vagy meghaladja az emberi kognit\u00edv k\u00e9pess\u00e9geket, ami felett az emberek elvesz\u00edthetik az ir\u00e1ny\u00edt\u00e1st.<\/p>\n\n\n\n<p>Almodei azzal \u00e9rvelt, hogy \u201eaz egyik legfontosabb dolog, amit tehet\u00fcnk annak \u00e9rdek\u00e9ben, hogy legyen id\u0151nk kezelni ezt a helyzetet, az, hogy nem adunk el chipeket K\u00edn\u00e1nak\u201d \u2013 mondta, utalva arra, hogy a mesters\u00e9ges intelligencia kics\u00faszott az ir\u00e1ny\u00edt\u00e1s al\u00f3l. A Bloombergnek azt is elmondta, hogy az Egyes\u00fclt \u00c1llamok mesters\u00e9ges intelligencia-vezet\u0151je sz\u00e1m\u00e1ra \u201es\u00falyos\u201d k\u00f6vetkezm\u00e9nyekkel j\u00e1r, hogy most az Nvidia H200 mesters\u00e9ges intelligencia chipjeit \u00e9rt\u00e9kes\u00edtik K\u00edn\u00e1nak.<\/p>\n\n\n\n<figure class=\"wp-block-image size-full\"><img loading=\"lazy\" decoding=\"async\" width=\"750\" height=\"500\" src=\"https:\/\/digitalnews.hu\/wp-content\/uploads\/2026\/01\/750x500_cmsv2_5102d9af-1dda-5ac7-81fb-0ac4ff1ec57c-9619719.avif\" alt=\"\" class=\"wp-image-6347\" srcset=\"https:\/\/digitalnews.hu\/wp-content\/uploads\/2026\/01\/750x500_cmsv2_5102d9af-1dda-5ac7-81fb-0ac4ff1ec57c-9619719.avif 750w, https:\/\/digitalnews.hu\/wp-content\/uploads\/2026\/01\/750x500_cmsv2_5102d9af-1dda-5ac7-81fb-0ac4ff1ec57c-9619719-600x400.jpg 600w\" sizes=\"auto, (max-width: 750px) 100vw, 750px\" \/><\/figure>\n\n\n\n<p>Almodei azt mondta, hogy ha \u201ea hasonl\u00f3 \u00fctemben \u00e9p\u00edtkez\u0151 geopolitikai ellenfelek lelassulnak\u201d, akkor az igazi mesters\u00e9ges intelligencia k\u00f6z\u00f6tti verseny k\u00f6zte \u00e9s m\u00e1s technol\u00f3giai v\u00e1llalatok k\u00f6z\u00f6tt zajlik majd, nem pedig az Egyes\u00fclt \u00c1llamok \u00e9s K\u00edna k\u00f6z\u00f6tt.<\/p>\n\n\n\n<p>Ami a munka j\u00f6v\u0151j\u00e9t illeti, Almodei h\u00edres kijelent\u00e9se szerint a mesters\u00e9ges intelligencia elt\u00f6r\u00f6lheti a bel\u00e9p\u0151 szint\u0171 feh\u00e9rgall\u00e9ros munkahelyek fel\u00e9t.<\/p>\n\n\n\n<p>Azt mondta azonban, hogy b\u00e1r jelenleg nincs hatalmas hat\u00e1sa a mesters\u00e9ges intelligenci\u00e1nak a munkaer\u0151piacra, bizonyos v\u00e1ltoz\u00e1sokat l\u00e1t a k\u00f3dol\u00f3iparban.<\/p>\n\n\n\n<p><strong>\u201eT\u00f6bb \u00e9rtelmes munkahely teremtve\u201d \u2013 Demis Hassibis, Google DeepMind<\/strong><br>A Google DeepMind Technologies vez\u00e9rigazgat\u00f3ja optimist\u00e1bb volt. M\u00edg Almodei-jal egy panelbesz\u00e9lget\u00e9sen vett r\u00e9szt, azt mondta, hogy \u201e\u00faj, \u00e9rtelmesebb munkahelyek l\u00e9trehoz\u00e1s\u00e1ra\u201d sz\u00e1m\u00edt.<\/p>\n\n\n\n<p>Hassibis azt mondta, hogy szerinte lassul\u00e1s lesz a gyakornoki poz\u00edci\u00f3k felv\u00e9tel\u00e9ben, de ezt \u201ekompenz\u00e1lj\u00e1k majd a mindenki sz\u00e1m\u00e1ra el\u00e9rhet\u0151 nagyszer\u0171 eszk\u00f6z\u00f6k\u201d.<\/p>\n\n\n\n<p>Az egyetemi hallgat\u00f3knak azt tan\u00e1csolta, hogy szakmai gyakorlatok helyett ink\u00e1bb \u201ej\u00e1rtass\u00e1got szerezzenek ezeknek az eszk\u00f6z\u00f6knek az elsaj\u00e1t\u00edt\u00e1s\u00e1ban\u201d, ami szerinte \u201ejobb lehet, mint a hagyom\u00e1nyos szakmai gyakorlatok, mivel a k\u00f6vetkez\u0151 \u00f6t \u00e9vben ugr\u00e1lnak el\u0151re\u201d.<\/p>\n\n\n\n<p>De figyelmeztetett, hogy az AGI \u00e9rkez\u00e9se ut\u00e1n a munkaer\u0151piac \u201efelt\u00e9rk\u00e9pezetlen ter\u00fcletekre\u201d ker\u00fcl.<\/p>\n\n\n\n<p>Hassibis szerint ez \u00f6t-t\u00edz \u00e9ven bel\u00fcl megt\u00f6rt\u00e9nhet, \u00e9s el\u0151fordulhat, hogy nem lesz el\u00e9g munka az embereknek, ami nagyobb k\u00e9rd\u00e9seket vet fel a jelent\u00e9ssel \u00e9s a c\u00e9llal kapcsolatban, nem csak a fizet\u00e9sekkel kapcsolatban.<\/p>\n\n\n\n<p>A vez\u00e9rigazgat\u00f3 r\u00e1mutatott arra is, hogy a geopolitikai \u00e9s a mesters\u00e9ges intelligencia ter\u00fclet\u00e9n m\u0171k\u00f6d\u0151 v\u00e1llalatok k\u00f6z\u00f6tti verseny miatt sietnek a biztons\u00e1gi el\u0151\u00edr\u00e1sok kidolgoz\u00e1s\u00e1val. Felsz\u00f3l\u00edtott egy nemzetk\u00f6zi meg\u00e1llapod\u00e1s, p\u00e9ld\u00e1ul egy minim\u00e1lis biztons\u00e1gi el\u0151\u00edr\u00e1s valamivel lassabb \u00fctemben t\u00f6rt\u00e9n\u0151 kidolgoz\u00e1s\u00e1ra, hogy \u201eezt a t\u00e1rsadalom sz\u00e1m\u00e1ra j\u00f3l megoldhassuk\u201d.<\/p>\n\n\n\n<figure class=\"wp-block-embed is-type-video is-provider-youtube wp-block-embed-youtube wp-embed-aspect-16-9 wp-has-aspect-ratio\"><div class=\"wp-block-embed__wrapper\">\n<iframe loading=\"lazy\" title=\"Conversation with Elon Musk | World Economic Forum Annual Meeting 2026\" width=\"640\" height=\"360\" src=\"https:\/\/www.youtube.com\/embed\/IgifEgm1-e0?feature=oembed\" frameborder=\"0\" allow=\"accelerometer; autoplay; clipboard-write; encrypted-media; gyroscope; picture-in-picture; web-share\" referrerpolicy=\"strict-origin-when-cross-origin\" allowfullscreen><\/iframe>\n<\/div><\/figure>\n\n\n\n<figure class=\"wp-block-embed is-type-video is-provider-youtube wp-block-embed-youtube wp-embed-aspect-16-9 wp-has-aspect-ratio\"><div class=\"wp-block-embed__wrapper\">\n<iframe loading=\"lazy\" title=\"FULL DISCUSSION: NVIDIA CEO Jensen Huang Discusses Micron\u2019s $200 Billion Investment &amp; AI Future|AQ1B\" width=\"640\" height=\"360\" src=\"https:\/\/www.youtube.com\/embed\/hnF7heF3k7s?feature=oembed\" frameborder=\"0\" allow=\"accelerometer; autoplay; clipboard-write; encrypted-media; gyroscope; picture-in-picture; web-share\" referrerpolicy=\"strict-origin-when-cross-origin\" allowfullscreen><\/iframe>\n<\/div><\/figure>\n\n\n\n<figure class=\"wp-block-embed is-type-video is-provider-youtube wp-block-embed-youtube wp-embed-aspect-16-9 wp-has-aspect-ratio\"><div class=\"wp-block-embed__wrapper\">\n<iframe loading=\"lazy\" title=\"An Honest Conversation on AI and Humanity | World Economic Forum Annual Meeting 2026\" width=\"640\" height=\"360\" src=\"https:\/\/www.youtube.com\/embed\/VoRbPxyo2uU?feature=oembed\" frameborder=\"0\" allow=\"accelerometer; autoplay; clipboard-write; encrypted-media; gyroscope; picture-in-picture; web-share\" referrerpolicy=\"strict-origin-when-cross-origin\" allowfullscreen><\/iframe>\n<\/div><\/figure>\n\n\n\n<p><mark style=\"background-color:#9b51e0\" class=\"has-inline-color has-white-color\">Tov\u00e1bb a cikkre:<\/mark> <a href=\"https:\/\/www.euronews.com\/next\/2026\/01\/20\/ai-at-davos-2026-from-work-to-useful-and-safe-ai-heres-what-the-tech-leaders-have-said\" target=\"_blank\" rel=\"noreferrer noopener\">euronews.com<\/a><\/p>\n","protected":false},"excerpt":{"rendered":"<p>Elon Muskt\u00f3l az Nvidia, a Microsoft, az Anthropic \u00e9s a Google DeepMind vez\u00e9rigazgat\u00f3in \u00e1t Yuval Harari filoz\u00f3fusig mindenki kifejtette a&hellip;<\/p>\n","protected":false},"author":1,"featured_media":6344,"comment_status":"closed","ping_status":"closed","sticky":false,"template":"","format":"standard","meta":{"footnotes":""},"categories":[4,5],"tags":[],"class_list":["post-6341","post","type-post","status-publish","format-standard","has-post-thumbnail","hentry","category-ai-agi-chat-gpt-gemini","category-cbdc"],"_links":{"self":[{"href":"https:\/\/digitalnews.hu\/index.php?rest_route=\/wp\/v2\/posts\/6341","targetHints":{"allow":["GET"]}}],"collection":[{"href":"https:\/\/digitalnews.hu\/index.php?rest_route=\/wp\/v2\/posts"}],"about":[{"href":"https:\/\/digitalnews.hu\/index.php?rest_route=\/wp\/v2\/types\/post"}],"author":[{"embeddable":true,"href":"https:\/\/digitalnews.hu\/index.php?rest_route=\/wp\/v2\/users\/1"}],"replies":[{"embeddable":true,"href":"https:\/\/digitalnews.hu\/index.php?rest_route=%2Fwp%2Fv2%2Fcomments&post=6341"}],"version-history":[{"count":2,"href":"https:\/\/digitalnews.hu\/index.php?rest_route=\/wp\/v2\/posts\/6341\/revisions"}],"predecessor-version":[{"id":6350,"href":"https:\/\/digitalnews.hu\/index.php?rest_route=\/wp\/v2\/posts\/6341\/revisions\/6350"}],"wp:featuredmedia":[{"embeddable":true,"href":"https:\/\/digitalnews.hu\/index.php?rest_route=\/wp\/v2\/media\/6344"}],"wp:attachment":[{"href":"https:\/\/digitalnews.hu\/index.php?rest_route=%2Fwp%2Fv2%2Fmedia&parent=6341"}],"wp:term":[{"taxonomy":"category","embeddable":true,"href":"https:\/\/digitalnews.hu\/index.php?rest_route=%2Fwp%2Fv2%2Fcategories&post=6341"},{"taxonomy":"post_tag","embeddable":true,"href":"https:\/\/digitalnews.hu\/index.php?rest_route=%2Fwp%2Fv2%2Ftags&post=6341"}],"curies":[{"name":"wp","href":"https:\/\/api.w.org\/{rel}","templated":true}]}}