{"id":6364,"date":"2026-01-30T00:10:15","date_gmt":"2026-01-29T22:10:15","guid":{"rendered":"https:\/\/digitalnews.hu\/?p=6364"},"modified":"2026-01-30T00:13:22","modified_gmt":"2026-01-29T22:13:22","slug":"mindenkinek-odaadja-az-internetalapu-tevejet-a-tarr","status":"publish","type":"post","link":"https:\/\/digitalnews.hu\/?p=6364","title":{"rendered":"Mindenkinek odaadja az internetalap\u00fa t\u00e9v\u00e9j\u00e9t a Tarr"},"content":{"rendered":"\n<p>A m\u0171holdas t\u00e9v\u00e9szolg\u00e1ltat\u00e1sok csillag\u00e1nak hazai le\u00e1ldoz\u00e1sa kellett ahhoz, hogy az els\u0151, jelent\u0151sebb m\u00e9ret\u0171 hazai t\u00e1vk\u00f6zl\u00e9si c\u00e9g elind\u00edtsa saj\u00e1t OTT-alap\u00fa (over-the-top) t\u00e9v\u00e9szolg\u00e1ltat\u00e1s\u00e1t &#8211; a h\u00e1rom \u00e9s f\u00e9l \u00e9vtizeddel ezel\u0151tt region\u00e1lis szolg\u00e1ltat\u00f3k\u00e9nt indult TARR Kft. \u00faj platformja szinte az \u00f6sszes, a szektor t\u00f6bbi szerepl\u0151j\u00e9re vonatkoz\u00f3 tabuval szak\u00edt.<\/p>\n\n\n\n<p>A nemes egyszer\u0171s\u00e9ggel csak OnlineTV-nek nevezett t\u00e9v\u00e9szolg\u00e1ltat\u00e1s ig\u00e9nybe v\u00e9tel\u00e9hez el\u0151sz\u00f6r is nem kell semmilyen megl\u00e9v\u0151 TARR el\u0151fizet\u00e9ssel rendelkeznie a potenci\u00e1lis \u00fcgyf\u00e9lnek, ennek megfelel\u0151en nincs semmilyen havi elk\u00f6telezetts\u00e9g \u00e9s ter\u00fcleti hat\u00e1ly sem (az EU-n bel\u00fcl), vagyis a szolg\u00e1ltat\u00e1s b\u00e1rhol ig\u00e9nybe vehet\u0151, ahol a m\u0171szaki felt\u00e9teleknek megfelel\u0151 internethozz\u00e1f\u00e9r\u00e9s biztos\u00edtott.<\/p>\n\n\n\n<p>A line\u00e1ris t\u00e9v\u00e9ad\u00e1sok megtekint\u00e9s\u00e9hez nem sz\u00fcks\u00e9ges belt\u00e9ri egys\u00e9g sem, olyannyira, hogy ilyen eszk\u00f6zt a szolg\u00e1ltat\u00f3 egy\u00e1ltal\u00e1n nem is k\u00edn\u00e1l az el\u0151fizet\u0151knek, akik androidos \u00e9s iOS (iPadOS) rendszer\u0171 okostelefonokon \u00e9s tableteken, valamint Samsung \u00e9s LG gy\u00e1rtm\u00e1ny\u00fa, valamint Android \u00e9s Google TV alap\u00fa okost\u00e9v\u00e9ken, illetve Apple TV eszk\u00f6z\u00f6n futtathatj\u00e1k a szolg\u00e1ltat\u00e1shoz sz\u00fcks\u00e9ges applik\u00e1ci\u00f3t.<\/p>\n\n\n\n<p>Az OnlineTV jelenleg h\u00e1rom d\u00edjcsomagban \u00e9rhet\u0151 el, a Start, Maxi \u00e9s Full konstrukci\u00f3k 34, 73 \u00e9s 128 line\u00e1ris csatorn\u00e1t k\u00edn\u00e1lnak havi 2990, 3490 \u00e9s 4990 forint\u00e9rt cser\u00e9be. \u00d6sszehasonl\u00edt\u00e1sk\u00e9ppen a piac egyik f\u00fcggetlen szerepl\u0151je, a Sweet.tv 134 csatorn\u00e1\u00e9rt k\u00e9r havonta 3900, 150 csatorn\u00e1\u00e9rt pedig 4900 forintot, m\u00edg a Canal+ -hoz tartoz\u00f3 Direct One 67, illetve 84 online csatorn\u00e1t biztos\u00edt 3090 \u00e9s 4090 forint\u00e9rt cser\u00e9be &#8211; igaz, ezek egy r\u00e9sz\u00e9n\u00e9l t\u00e1mogatott a m\u0171sorvisszan\u00e9z\u00e9s funkci\u00f3.<\/p>\n\n\n\n<p>A felt\u00f6rekv\u0151 t\u00e9v\u00e9piaci szerepl\u0151k k\u00f6z\u00fcl egyfajta kakukktoj\u00e1s a Yettel TV, mely szint\u00e9n n\u00e9zhet\u0151 set-top box k\u00f6zbeiktat\u00e1sa n\u00e9lk\u00fcl, \u00e1m az el\u0151fizet\u00e9s felt\u00e9tele, hogy az \u00fcgyf\u00e9l m\u00e1s lakoss\u00e1gi szolg\u00e1ltat\u00e1sra is el\u0151fizessen az oper\u00e1torn\u00e1l.<\/p>\n\n\n\n<p>A TARR Kft. ez els\u0151 olyan hazai t\u00e1vk\u00f6zl\u00e9si szolg\u00e1ltat\u00f3 a t\u00e9v\u00e9szegmensben, ahol ez ut\u00f3bbira nincs sz\u00fcks\u00e9g, a konstrukci\u00f3k alapj\u00e1n ezzel egy\u00fctt is felt\u00e9telezhet\u0151en r\u00e9tegterm\u00e9knek sz\u00e1nja a v\u00e1llalat az OnlineTV szolg\u00e1ltat\u00e1st, els\u0151sorban olyan nyaral\u00f3kba, ahol csak id\u00e9nyszinten, az \u00e9v egy szakasz\u00e1ban van sz\u00fcks\u00e9g t\u00e9v\u00e9szolg\u00e1ltat\u00e1sra.<\/p>\n\n\n\n<p><mark style=\"background-color:#9b51e0\" class=\"has-inline-color has-white-color\">Tov\u00e1bb a cikkre:<\/mark> <a href=\"https:\/\/www.hwsw.hu\/hirek\/70116\/tarr-online-tv-ott-televizio-dijcsomag-csatorna-linearis-musor.html\" target=\"_blank\" rel=\"noreferrer noopener\">hwsw.hu<\/a> (Koi Tam\u00e1s)<\/p>\n\n\n\n<p><\/p>\n","protected":false},"excerpt":{"rendered":"<p>A m\u0171holdas t\u00e9v\u00e9szolg\u00e1ltat\u00e1sok csillag\u00e1nak hazai le\u00e1ldoz\u00e1sa kellett ahhoz, hogy az els\u0151, jelent\u0151sebb m\u00e9ret\u0171 hazai t\u00e1vk\u00f6zl\u00e9si c\u00e9g elind\u00edtsa saj\u00e1t OTT-alap\u00fa (over-the-top)&hellip;<\/p>\n","protected":false},"author":1,"featured_media":6367,"comment_status":"closed","ping_status":"closed","sticky":false,"template":"","format":"standard","meta":{"footnotes":""},"categories":[23],"tags":[],"class_list":["post-6364","post","type-post","status-publish","format-standard","has-post-thumbnail","hentry","category-media"],"_links":{"self":[{"href":"https:\/\/digitalnews.hu\/index.php?rest_route=\/wp\/v2\/posts\/6364","targetHints":{"allow":["GET"]}}],"collection":[{"href":"https:\/\/digitalnews.hu\/index.php?rest_route=\/wp\/v2\/posts"}],"about":[{"href":"https:\/\/digitalnews.hu\/index.php?rest_route=\/wp\/v2\/types\/post"}],"author":[{"embeddable":true,"href":"https:\/\/digitalnews.hu\/index.php?rest_route=\/wp\/v2\/users\/1"}],"replies":[{"embeddable":true,"href":"https:\/\/digitalnews.hu\/index.php?rest_route=%2Fwp%2Fv2%2Fcomments&post=6364"}],"version-history":[{"count":1,"href":"https:\/\/digitalnews.hu\/index.php?rest_route=\/wp\/v2\/posts\/6364\/revisions"}],"predecessor-version":[{"id":6366,"href":"https:\/\/digitalnews.hu\/index.php?rest_route=\/wp\/v2\/posts\/6364\/revisions\/6366"}],"wp:featuredmedia":[{"embeddable":true,"href":"https:\/\/digitalnews.hu\/index.php?rest_route=\/wp\/v2\/media\/6367"}],"wp:attachment":[{"href":"https:\/\/digitalnews.hu\/index.php?rest_route=%2Fwp%2Fv2%2Fmedia&parent=6364"}],"wp:term":[{"taxonomy":"category","embeddable":true,"href":"https:\/\/digitalnews.hu\/index.php?rest_route=%2Fwp%2Fv2%2Fcategories&post=6364"},{"taxonomy":"post_tag","embeddable":true,"href":"https:\/\/digitalnews.hu\/index.php?rest_route=%2Fwp%2Fv2%2Ftags&post=6364"}],"curies":[{"name":"wp","href":"https:\/\/api.w.org\/{rel}","templated":true}]}}