{"id":7021,"date":"2026-03-08T18:34:15","date_gmt":"2026-03-08T16:34:15","guid":{"rendered":"https:\/\/digitalnews.hu\/?p=7021"},"modified":"2026-03-08T18:45:53","modified_gmt":"2026-03-08T16:45:53","slug":"a-spacex-a-d2d-t-az-5g-korszakba-viszi-a-kovetkezo-generacios-muholdjaival","status":"publish","type":"post","link":"https:\/\/digitalnews.hu\/?p=7021","title":{"rendered":"A SpaceX a D2D-t az 5G korszakba viszi a k\u00f6vetkez\u0151 gener\u00e1ci\u00f3s m\u0171holdjaival"},"content":{"rendered":"\n<p>A SpaceX \u00e1tnevezte k\u00f6zvetlen\u00fcl az eszk\u00f6z\u00f6kre ir\u00e1nyul\u00f3 m\u0171holdas szolg\u00e1ltat\u00e1s\u00e1t Starlink Mobile-ra, amely a m\u00e1sodik gener\u00e1ci\u00f3s, alacsony F\u00f6ld k\u00f6r\u00fcli p\u00e1ly\u00e1n kering\u0151 m\u0171holdait haszn\u00e1lja, \u00e9s amelyeket a f\u00f6ldi 5G h\u00e1l\u00f3zatok kieg\u00e9sz\u00edt\u0151jek\u00e9nt, nem pedig helyettes\u00edt\u0151jek\u00e9nt pozicion\u00e1l.<\/p>\n\n\n\n<p>Michael Nicolls aleln\u00f6k ( a k\u00e9pen ) azt mondta, hogy a m\u00e1sodik gener\u00e1ci\u00f3s madarak gy\u00f6keresen megv\u00e1ltoztatj\u00e1k majd a j\u00e1t\u00e9kszab\u00e1lyokat, \u00e9s t\u00falmutatnak a v\u00e1llalat eredeti m\u0171holdkonstell\u00e1ci\u00f3j\u00e1nak LTE-kompatibilis \u00fczenetk\u00fcld\u00e9si, hang- \u00e9s videoszolg\u00e1ltat\u00e1sain.<\/p>\n\n\n\n<figure class=\"wp-block-image size-full\"><img loading=\"lazy\" decoding=\"async\" width=\"647\" height=\"364\" src=\"https:\/\/digitalnews.hu\/wp-content\/uploads\/2026\/03\/spacex_nicholls.avif\" alt=\"\" class=\"wp-image-7022\" srcset=\"https:\/\/digitalnews.hu\/wp-content\/uploads\/2026\/03\/spacex_nicholls.avif 647w, https:\/\/digitalnews.hu\/wp-content\/uploads\/2026\/03\/spacex_nicholls-600x337.jpg 600w\" sizes=\"auto, (max-width: 647px) 100vw, 647px\" \/><\/figure>\n\n\n\n<p>\u201eA m\u00e1sodik gener\u00e1ci\u00f3s konstell\u00e1ci\u00f3 sz\u00e9less\u00e1v\u00fa k\u00e9pess\u00e9geket biztos\u00edt majd a m\u00f3dos\u00edtatlan mobiltelefonokhoz, t\u00f6bb sz\u00e1zmilli\u00f3 eszk\u00f6zt el\u00e9rve a konstell\u00e1ci\u00f3 b\u0151v\u00edt\u00e9s\u00e9vel\u201d \u2013 mondta. A m\u0171holdak kapcsolati teljes\u00edtm\u00e9nye h\u00fasszor nagyobb, mint az els\u0151 gener\u00e1ci\u00f3\u00e9.<\/p>\n\n\n\n<p>A Starlink Mobile f\u00f6ldi jelleg\u0171 kapcsolatot biztos\u00edt: Nicholls szerint a ny\u00fajtott \u00e9lm\u00e9ny tekintet\u00e9ben egy 5G h\u00e1l\u00f3zatot kellene ut\u00e1noznia, b\u00e1r hangs\u00falyozta, hogy nem a sz\u00e1razf\u00f6ldi infrastrukt\u00fara helyettes\u00edt\u00e9s\u00e9re szolg\u00e1l.<\/p>\n\n\n\n<p>A v\u00e1llalat a f\u00f6ldi h\u00e1l\u00f3zatok kieg\u00e9sz\u00edt\u0151jek\u00e9nt k\u00edn\u00e1lja a szolg\u00e1ltat\u00e1st olyan ter\u00fcleteken, ahol a lefedetts\u00e9g gyenge, vagy csatlakoz\u00e1si lehet\u0151s\u00e9gk\u00e9nt katasztr\u00f3f\u00e1k \u00e9s egy\u00e9b v\u00e9szhelyzetek eset\u00e9n.<\/p>\n\n\n\n<p>El\u0151rel\u00e9p\u00e9sek<br>Elmondta, hogy a m\u00e1sodik gener\u00e1ci\u00f3s szolg\u00e1ltat\u00e1s egyik kulcsfontoss\u00e1g\u00fa lehet\u0151v\u00e9 tev\u0151je a glob\u00e1lisan harmoniz\u00e1lt S-s\u00e1v\u00fa m\u0171holdas spektrum haszn\u00e1lata, amelyet a SpaceX 2025-ben az EchoStart\u00f3l v\u00e1s\u00e1rolt meg.<\/p>\n\n\n\n<p>\u201eEls\u0151bbs\u00e9gi informatikai jogokkal rendelkezik, amelyek lehet\u0151v\u00e9 teszik sz\u00e1munkra, hogy a konstell\u00e1ci\u00f3t glob\u00e1lisan sk\u00e1l\u00e1zzuk a hat\u00f3s\u00e1gi j\u00f3v\u00e1hagy\u00e1sok f\u00fcggv\u00e9ny\u00e9ben, \u00e9s mindenhol, ahol m\u0171k\u00f6d\u00fcnk, egys\u00e9ges szolg\u00e1ltat\u00e1si sz\u00ednvonalat k\u00edn\u00e1ljunk.\u201d<\/p>\n\n\n\n<p>Nicolls elmondta, hogy a SpaceX eszk\u00f6z- \u00e9s modemgy\u00e1rt\u00f3kkal m\u0171k\u00f6dik egy\u00fctt a Starlink Mobile sz\u00e9lesk\u00f6r\u0171 kompatibilit\u00e1s\u00e1nak biztos\u00edt\u00e1sa \u00e9rdek\u00e9ben, amelynek bevezet\u00e9s\u00e9t 2027 k\u00f6zep\u00e9n tervezik.<\/p>\n\n\n\n<p>Elmagyar\u00e1zta, hogy a m\u00e1sodik gener\u00e1ci\u00f3s m\u0171holdakn\u00e1l a kapcsolatnyeres\u00e9get egy \u201enagy f\u00e1zis\u00fa antennat\u00f6mbbel\u201d \u00e9rt\u00e9k el, amely \u00f6tsz\u00f6r akkora, mint az els\u0151 gener\u00e1ci\u00f3s m\u0171holdunk, \u00e9s n\u00e9gyszer akkora s\u00e1vsz\u00e9less\u00e9ggel nyal\u00e1bonk\u00e9nt\u201d.<\/p>\n\n\n\n<p>A SpaceX 20&#215;20 MHz-es nyal\u00e1bokat tervez haszn\u00e1lni, valamint olyan \u00faj \u201ek\u00e9pess\u00e9geket, mint a MIMO a m\u0171holdon\u201d \u2013 mondta Nicholls.<\/p>\n\n\n\n<p>A 3GPP Release-19 NR-NTN szabv\u00e1ny\u00e1t haszn\u00e1lja a felhaszn\u00e1l\u00f3i \u00e9lm\u00e9ny jav\u00edt\u00e1sa \u00e9rdek\u00e9ben: a Nicolls ak\u00e1r t\u00edzszeres javul\u00e1st is j\u00f3sol a m\u0171holdas lefedetts\u00e9g sz\u00e9l\u00e9n l\u00e9v\u0151 \u00fcgyfelek kapcsolatmin\u0151s\u00e9g\u00e9ben.<\/p>\n\n\n\n<p>Azt mondta, hogy a leg\u00fajabb madarak csaknem sz\u00e1zszor nagyobb adats\u0171r\u0171s\u00e9ggel rendelkeznek majd, mint az els\u0151 gener\u00e1ci\u00f3sak, a let\u00f6lt\u00e9si adatsebess\u00e9g pedig megfelel\u0151 k\u00f6r\u00fclm\u00e9nyek k\u00f6z\u00f6tt ak\u00e1r a 150 Mbit\/s is lehet.<\/p>\n\n\n\n<p>A m\u0171holdind\u00edt\u00e1sok \u00fcteme v\u00e1rhat\u00f3an gyorsabb lesz a SpaceX k\u00f6vetkez\u0151 gener\u00e1ci\u00f3s Starship rak\u00e9t\u00e1j\u00e1nak nagyobb hasznos teherb\u00edr\u00e1sa miatt.<\/p>\n\n\n\n<p>\u201eC\u00e9lunk, hogy hat h\u00f3napon bel\u00fcl telep\u00edts\u00fcnk egy olyan konstell\u00e1ci\u00f3t, amely k\u00e9pes glob\u00e1lis \u00e9s \u00f6sszef\u00fcgg\u0151 lefedetts\u00e9get biztos\u00edtani, \u00e9s ez nagyj\u00e1b\u00f3l 1200 m\u0171holdat jelent\u201d \u2013 mondta Nicholls.<\/p>\n\n\n\n<p><mark style=\"background-color:#9b51e0\" class=\"has-inline-color has-white-color\">Tov\u00e1bb a cikkre:<\/mark> <a href=\"https:\/\/www.mobileworldlive.com\/starlink\/spacex-takes-d2d-into-the-5g-era-on-next-gen-birds\/\" target=\"_blank\" rel=\"noreferrer noopener\">mobileworldlive.com<\/a> (Mike Robuck)<\/p>\n\n\n\n<h1 class=\"wp-block-heading\">Az EchoStar jogot kapott arra, hogy 2 GHz-es spektrumot adjon el a SpaceX-nek<\/h1>\n\n\n\n<p>Az EchoStar glob\u00e1lis hozz\u00e1f\u00e9r\u00e9st biztos\u00edtott a 2 GHz-es s\u00e1vhoz az\u00e1ltal, hogy teljes\u00edtette a SpaceX-nek eladott spektrumjogok fenntart\u00e1s\u00e1hoz sz\u00fcks\u00e9ges szab\u00e1lyoz\u00e1si felt\u00e9teleket egy szeptemberben megk\u00f6t\u00f6tt, t\u00f6bb mint 17 milli\u00e1rd doll\u00e1r \u00e9rt\u00e9k\u0171 meg\u00e1llapod\u00e1s keret\u00e9ben.<\/p>\n\n\n\n<p>Egy k\u00f6zlem\u00e9nyben az amerikai sz\u00e9khely\u0171 EchoStar le\u00e1nyv\u00e1llalata, az EchoStar Global Australia kifejtette, hogy a Lyra-4 m\u0171hold j\u00faniusi felbocs\u00e1t\u00e1s\u00e1val elind\u00edtotta a vissza\u00e1ll\u00edt\u00e1si (BBIU) id\u0151szakot, amely megfelel a Nemzetk\u00f6zi T\u00e1vk\u00f6zl\u00e9si Uni\u00f3 \u00e1ltal ir\u00e1ny\u00edtott folyamatnak, \u00e9s legal\u00e1bb 90 napig alacsony F\u00f6ld k\u00f6r\u00fcli p\u00e1ly\u00e1n m\u0171k\u00f6dik.<\/p>\n\n\n\n<figure class=\"wp-block-image size-full\"><img loading=\"lazy\" decoding=\"async\" width=\"1024\" height=\"576\" src=\"https:\/\/digitalnews.hu\/wp-content\/uploads\/2026\/03\/xDX9aHCGLqb85ay5FmQvbV.jpg\" alt=\"\" class=\"wp-image-7024\" srcset=\"https:\/\/digitalnews.hu\/wp-content\/uploads\/2026\/03\/xDX9aHCGLqb85ay5FmQvbV.jpg 1024w, https:\/\/digitalnews.hu\/wp-content\/uploads\/2026\/03\/xDX9aHCGLqb85ay5FmQvbV-768x432.jpg 768w, https:\/\/digitalnews.hu\/wp-content\/uploads\/2026\/03\/xDX9aHCGLqb85ay5FmQvbV-600x337.jpg 600w\" sizes=\"auto, (max-width: 1024px) 100vw, 1024px\" \/><\/figure>\n\n\n\n<p>A m\u0171hold \u00fczemeltet\u0151je kijelentette, hogy az eredm\u00e9ny \u201ekritikus l\u00e9p\u00e9s a k\u00f6vetkez\u0151 gener\u00e1ci\u00f3s, k\u00f6zvetlen\u00fcl az eszk\u00f6z\u00f6kre ir\u00e1nyul\u00f3 szolg\u00e1ltat\u00e1sok m\u0171k\u00f6dtet\u00e9s\u00e9ben\u201d.<\/p>\n\n\n\n<p>David Goldman, a SpaceX m\u0171holdpolitik\u00e1\u00e9rt felel\u0151s aleln\u00f6ke az X-nek azt \u00edrta, hogy a h\u00edr j\u00f3 jel a v\u00e1llalat amb\u00edci\u00f3i szempontj\u00e1b\u00f3l.<\/p>\n\n\n\n<p>\u201eBorzaszt\u00f3nak t\u0171nik, de ez a bejelent\u00e9s \u00f3ri\u00e1si az ausztr\u00e1lok sz\u00e1m\u00e1ra. A SpaceX v\u00e9g\u00fcl az EchoStar glob\u00e1lis S-s\u00e1v\u00fa jogaira \u00e9p\u00edtve fogja m\u0171k\u00f6dtetni a k\u00f6vetkez\u0151 gener\u00e1ci\u00f3s Starlink k\u00f6zvetlen cell\u00e1s szolg\u00e1ltat\u00e1s\u00e1t.\u201d<\/p>\n\n\n\n<p>Goldman megjegyezte, hogy a BBIU folyamat befejez\u00e9se azt jelenti, hogy az \u00e1tfed\u0151 frekvenci\u00e1kon m\u0171k\u00f6d\u0151 \u00f6sszes t\u00f6bbi \u00fczemeltet\u0151nek egy\u00fctt kell m\u0171k\u00f6dnie a Sirion-1 m\u0171holddal, amelyet egy, az EchoStar \u00e1ltal k\u00e9s\u0151bb felv\u00e1s\u00e1rolt v\u00e1llalat k\u00e9sz\u00edtett.<\/p>\n\n\n\n<p>Az ausztr\u00e1liai sz\u00e9khely\u0171 Telstra j\u00faniusban ind\u00edtotta el a m\u0171holdas-mobil \u00fczenetk\u00fcld\u00e9si szolg\u00e1ltat\u00e1st lakoss\u00e1gi \u00e9s kkv \u00fcgyfelek sz\u00e1m\u00e1ra a Starlink k\u00f6zvetlen\u00fcl az eszk\u00f6zre k\u00fcld\u00f6tt szolg\u00e1ltat\u00e1s\u00e1nak haszn\u00e1lat\u00e1val.<\/p>\n\n\n\n<p>Az ausztr\u00e1l Optus oper\u00e1tor vezette konzorcium egy LEO m\u0171hold telep\u00edt\u00e9s\u00e9t tervezi.<\/p>\n\n\n\n<p><mark style=\"background-color:#9b51e0\" class=\"has-inline-color has-white-color\">Tov\u00e1bb a cikkre:<\/mark> <a href=\"https:\/\/www.mobileworldlive.com\/network-tech\/echostar-wins-rights-to-sell-2ghz-spectrum-to-spacex\/\" target=\"_blank\" rel=\"noreferrer noopener\">mobileworldlive.com<\/a> (Joseph Waring)<\/p>\n\n\n\n<h1 class=\"wp-block-heading\">A MediaTek \u00e9s a Starlink Mobile bemutatja a mobil eszk\u00f6z\u00f6kh\u00f6z k\u00e9sz\u00fclt v\u00e9szhelyzeti m\u0171holdas szolg\u00e1ltat\u00e1st<\/h1>\n\n\n\n<p>A m\u0171holdas \u00f6sszek\u00f6ttet\u00e9sek ter\u00e9n vezet\u0151 szerepet bet\u00f6lt\u0151 MediaTek bejelentette, hogy partners\u00e9gre l\u00e9pett a Starlinkkel, amelynek keret\u00e9ben m\u0171holdas kommunik\u00e1ci\u00f3n kereszt\u00fcl t\u00e1mogatj\u00e1k a vezet\u00e9k n\u00e9lk\u00fcli v\u00e9szhelyzeti riaszt\u00e1si \u00fczenetek k\u00fcld\u00e9s\u00e9t.<\/p>\n\n\n\n<p>A MediaTek jelent\u0151s l\u00e9p\u00e9st tett el\u0151re a Starlink Mobile-lal k\u00f6t\u00f6tt partners\u00e9g\u00e9vel.<br>Ennek a k\u00f6z\u00f6s er\u0151fesz\u00edt\u00e9snek k\u00f6sz\u00f6nhet\u0151en vil\u00e1gszerte t\u00f6bb mobilfelhaszn\u00e1l\u00f3 lesz k\u00e9pes riaszt\u00e1sokat fogadni a Kereskedelmi Mobil Riaszt\u00f3rendszert\u0151l (CMAS), a Vezet\u00e9k N\u00e9lk\u00fcli V\u00e9szhelyzeti Riaszt\u00f3rendszert\u0151l (WEA) \u00e9s a F\u00f6ldreng\u00e9s- \u00e9s Cunami-figyelmeztet\u0151 Rendszert\u0151l (ETWS), seg\u00edtve a l\u00e9tfontoss\u00e1g\u00fa kommunik\u00e1ci\u00f3 fenntart\u00e1s\u00e1t term\u00e9szeti katasztr\u00f3f\u00e1k vagy \u00e9letvesz\u00e9lyes helyzetek eset\u00e9n.<\/p>\n\n\n\n<p>A 2026-os Mobil Vil\u00e1gki\u00e1ll\u00edt\u00e1son (MWC) a MediaTek bemutatta Starlink Mobile szolg\u00e1ltat\u00e1s\u00e1t egy olyan eszk\u00f6z\u00f6n, amely a MediaTek M90-et, a vil\u00e1g els\u0151 m\u0171holdas technol\u00f3gi\u00e1t integr\u00e1l\u00f3 5G modemj\u00e9t haszn\u00e1lta.<\/p>\n\n\n\n<figure class=\"wp-block-image size-full\"><img loading=\"lazy\" decoding=\"async\" width=\"714\" height=\"543\" src=\"https:\/\/digitalnews.hu\/wp-content\/uploads\/2026\/03\/1772790630303_mediatek-1-2-6894-7723-jpg.webp\" alt=\"\" class=\"wp-image-7027\" srcset=\"https:\/\/digitalnews.hu\/wp-content\/uploads\/2026\/03\/1772790630303_mediatek-1-2-6894-7723-jpg.webp 714w, https:\/\/digitalnews.hu\/wp-content\/uploads\/2026\/03\/1772790630303_mediatek-1-2-6894-7723-jpg-600x456.webp 600w\" sizes=\"auto, (max-width: 714px) 100vw, 714px\" \/><\/figure>\n\n\n\n<p>A Direct to Cell megold\u00e1s az S-s\u00e1vot haszn\u00e1lja annak biztos\u00edt\u00e1s\u00e1ra, hogy a felhaszn\u00e1l\u00f3k a vil\u00e1g b\u00e1rmely pontj\u00e1n id\u0151ben v\u00e9szhelyzeti inform\u00e1ci\u00f3kat kapjanak mobileszk\u00f6zeiken. Ez a megold\u00e1s sikeresen bevezette a WEA szolg\u00e1ltat\u00e1st az Egyes\u00fclt \u00c1llamokban, Kanad\u00e1ban \u00e9s Jap\u00e1nban, \u00e9s t\u00f6bb mint 4,4 milli\u00f3 embert kapcsolt a Starlink Mobile-hoz v\u00e9szhelyzetben.<\/p>\n\n\n\n<p>JC Hsu, a MediaTek aleln\u00f6ke \u00e9s vezet\u00e9k n\u00e9lk\u00fcli \u00e1tviteli \u00fczlet\u00e1g\u00e1nak vez\u00e9rigazgat\u00f3ja elmondta: \u201eMegold\u00e1sunk alaposan kezeli a term\u00e9szeti katasztr\u00f3f\u00e1k vagy v\u00e9szhelyzetek sor\u00e1n gyakran el\u0151fordul\u00f3 lokaliz\u00e1lt jelvesztes\u00e9gi probl\u00e9m\u00e1kat, \u00e9s jelent\u0151s l\u00e9p\u00e9s az NR-NTN m\u0171holdas technol\u00f3gia k\u00f6z\u00f6s szabv\u00e1nyok szerinti kereskedelmi forgalomba hozatal\u00e1ban.\u201d<\/p>\n\n\n\n<p>Ez az egy\u00fcttm\u0171k\u00f6d\u00e9s a MediaTek m\u0171holdas technol\u00f3gia ter\u00e9n megl\u00e9v\u0151 vezet\u0151 er\u0151ss\u00e9geire, valamint a Starlink kiterjedt m\u0171holdas h\u00e1l\u00f3zat\u00e1ra \u00e9p\u00edtve biztos\u00edtja, hogy kritikus helyzetekben t\u00f6bb ember f\u00e9rhessen hozz\u00e1 a v\u00e9szjelz\u00e9sekhez.<\/p>\n\n\n\n<p><mark style=\"background-color:#9b51e0\" class=\"has-inline-color has-white-color\">Tov\u00e1bb a cikkre:<\/mark> <a href=\"https:\/\/www.vietnam.vn\/hu\/mediatek-cung-starlink-mobile-trinh-dien-dich-vu-ve-tinh-khan-cap-cho-thiet-bi-di-dong\" target=\"_blank\" rel=\"noreferrer noopener\">vietnam.vn<\/a> (Kim Thanh)<\/p>\n","protected":false},"excerpt":{"rendered":"<p>A SpaceX \u00e1tnevezte k\u00f6zvetlen\u00fcl az eszk\u00f6z\u00f6kre ir\u00e1nyul\u00f3 m\u0171holdas szolg\u00e1ltat\u00e1s\u00e1t Starlink Mobile-ra, amely a m\u00e1sodik gener\u00e1ci\u00f3s, alacsony F\u00f6ld k\u00f6r\u00fcli p\u00e1ly\u00e1n kering\u0151&hellip;<\/p>\n","protected":false},"author":1,"featured_media":7023,"comment_status":"closed","ping_status":"closed","sticky":false,"template":"","format":"standard","meta":{"footnotes":""},"categories":[14],"tags":[],"class_list":["post-7021","post","type-post","status-publish","format-standard","has-post-thumbnail","hentry","category-tavkozles"],"_links":{"self":[{"href":"https:\/\/digitalnews.hu\/index.php?rest_route=\/wp\/v2\/posts\/7021","targetHints":{"allow":["GET"]}}],"collection":[{"href":"https:\/\/digitalnews.hu\/index.php?rest_route=\/wp\/v2\/posts"}],"about":[{"href":"https:\/\/digitalnews.hu\/index.php?rest_route=\/wp\/v2\/types\/post"}],"author":[{"embeddable":true,"href":"https:\/\/digitalnews.hu\/index.php?rest_route=\/wp\/v2\/users\/1"}],"replies":[{"embeddable":true,"href":"https:\/\/digitalnews.hu\/index.php?rest_route=%2Fwp%2Fv2%2Fcomments&post=7021"}],"version-history":[{"count":3,"href":"https:\/\/digitalnews.hu\/index.php?rest_route=\/wp\/v2\/posts\/7021\/revisions"}],"predecessor-version":[{"id":7028,"href":"https:\/\/digitalnews.hu\/index.php?rest_route=\/wp\/v2\/posts\/7021\/revisions\/7028"}],"wp:featuredmedia":[{"embeddable":true,"href":"https:\/\/digitalnews.hu\/index.php?rest_route=\/wp\/v2\/media\/7023"}],"wp:attachment":[{"href":"https:\/\/digitalnews.hu\/index.php?rest_route=%2Fwp%2Fv2%2Fmedia&parent=7021"}],"wp:term":[{"taxonomy":"category","embeddable":true,"href":"https:\/\/digitalnews.hu\/index.php?rest_route=%2Fwp%2Fv2%2Fcategories&post=7021"},{"taxonomy":"post_tag","embeddable":true,"href":"https:\/\/digitalnews.hu\/index.php?rest_route=%2Fwp%2Fv2%2Ftags&post=7021"}],"curies":[{"name":"wp","href":"https:\/\/api.w.org\/{rel}","templated":true}]}}