{"id":7066,"date":"2026-03-10T21:37:29","date_gmt":"2026-03-10T19:37:29","guid":{"rendered":"https:\/\/digitalnews.hu\/?p=7066"},"modified":"2026-03-12T14:29:00","modified_gmt":"2026-03-12T12:29:00","slug":"allitsak-le-a-mesterseges-intelligencia-haborus-hasznalatat-amig-torvenyeket-nem-sikerul-elfogadni","status":"publish","type":"post","link":"https:\/\/digitalnews.hu\/?p=7066","title":{"rendered":"\u00c1ll\u00edts\u00e1k le a mesters\u00e9ges intelligencia h\u00e1bor\u00fas haszn\u00e1lat\u00e1t, am\u00edg t\u00f6rv\u00e9nyeket nem siker\u00fcl elfogadni"},"content":{"rendered":"\n<p>A legfejlettebb mesters\u00e9ges intelligencia modelleken dolgoz\u00f3 kutat\u00f3k olyan szab\u00e1lyok kidolgoz\u00e1s\u00e1t szeretn\u00e9k, amelyek minimaliz\u00e1lj\u00e1k a technol\u00f3gi\u00e1k \u00e1ltal okozott k\u00e1rokat. Figyelmeztet\u00e9seiket meg kell hallgatni!<\/p>\n\n\n\n<p>Az Egyes\u00fclt \u00c1llamok \u00e9s Izrael Ir\u00e1n elleni t\u00e1mad\u00e1sai eml\u00e9keztettek minket arra, hogy az AI kutat\u00e1sa milyen k\u00f6zel \u00e1ll a frontvonalhoz. A c\u00e9lpontok prioriz\u00e1l\u00e1s\u00e1ra haszn\u00e1lt AI-r\u00f3l sz\u00f3l\u00f3 jelent\u00e9sek nem \u00fajak. A csata hev\u00e9ben minden m\u00e1sodperc sz\u00e1m\u00edt, \u00e9s a technol\u00f3gia alkalmaz\u00f3i \u00fagy v\u00e9lik, hogy gyorsabban tud t\u00fczelni, vagy gyorsabban reag\u00e1lni a be\u00e9rkez\u0151 t\u0171zre, mint az emberek, \u00e9s minim\u00e1lis ig\u00e9ny van a parancsnoki k\u00f6zpontokkal val\u00f3 k\u00f6zvetlen kommunik\u00e1ci\u00f3ra. A m\u00falt heti Raisina Dialogue-on \u2013 India \u00e9ves k\u00fclpolitikai konferenci\u00e1j\u00e1n \u2013 Anil Chauhan, az orsz\u00e1g v\u00e9delmi vez\u00e9rkari f\u0151n\u00f6ke \u00e9s f\u00fcl\u00f6p-szigeteki koll\u00e9g\u00e1ja, Romeo Brawner hangs\u00falyozt\u00e1k, hogy az AI \u00e9s az automatiz\u00e1lt rendszerek \u00e1talak\u00edtj\u00e1k a hadvisel\u00e9st.<\/p>\n\n\n\n<p>Sok AI-kutat\u00f3 szerint m\u00e9g a legfejlettebb technol\u00f3gi\u00e1k, az \u00fagynevezett perem AI-modellek sem k\u00e9pesek megb\u00edzhat\u00f3an m\u0171k\u00f6dni, illetve a h\u00e1bor\u00fa hat\u00e1lyos t\u00f6rv\u00e9nyein bel\u00fcl maradni. Az OpenAI \u00e9s a Google, k\u00e9t ilyen modelleket fejleszt\u0151 technol\u00f3giai c\u00e9g alkalmazottai nyilv\u00e1nosan is hangot adtak aggodalmuknak. Figyelmeztet\u00e9s\u00fcket meg kell hallgatni. Mint m\u00e1s, v\u00e1logat\u00e1s n\u00e9lk\u00fcli \u00f6l\u00e9sre alkalmas technol\u00f3gi\u00e1k eset\u00e9ben, az AI hadvisel\u00e9sben val\u00f3 haszn\u00e1lat\u00e1t sem szabad enged\u00e9lyezni, am\u00edg nincsenek konkr\u00e9t szab\u00e1lyok az ilyen haszn\u00e1latra vonatkoz\u00f3an.<\/p>\n\n\n\n<p>Jelenleg nincsenek olyan nemzetk\u00f6zi t\u00f6rv\u00e9nyek, amelyek kifejezetten megeml\u00edten\u00e9k az AI h\u00e1bor\u00fas alkalmaz\u00e1s\u00e1t. A nemzetk\u00f6zi humanit\u00e1rius jog azonban egy\u00e9rtelm\u0171en kimondja, hogy a fegyvereket nem szabad v\u00e1logat\u00e1s n\u00e9lk\u00fcl haszn\u00e1lni. Ezenk\u00edv\u00fcl a harcol\u00f3knak \u00f3vint\u00e9zked\u00e9seket kell tenni\u00fck c\u00e9lpontjaik ellen\u0151rz\u00e9se \u00e9s a civil \u00e1ldozatok kock\u00e1zat\u00e1nak minimaliz\u00e1l\u00e1sa \u00e9rdek\u00e9ben. Ezeknek a k\u00f6vetelm\u00e9nyeknek az AI-ra ugyan\u00fagy vonatkozniuk kell, mint b\u00e1rmely m\u00e1s katonai technol\u00f3gi\u00e1ra.<\/p>\n\n\n\n<p>A m\u00falt h\u00f3napban az Anthropic \u2013 a kaliforniai San Francisc\u00f3-i c\u00e9g, amely a Claude AI modell m\u00f6g\u00f6tt \u00e1ll \u2013 nyilv\u00e1nosan \u00f6sszet\u0171z\u00e9sbe ker\u00fclt az Egyes\u00fclt \u00c1llamok V\u00e9delmi Miniszt\u00e9rium\u00e1val (DoD). A DoD k\u00f6vetelte a jogot, hogy az Anthropic technol\u00f3gi\u00e1j\u00e1t b\u00e1rmilyen jogszer\u0171 c\u00e9lra felhaszn\u00e1lhass\u00e1k. Az Anthropic megtagadta az enged\u00e9lyt, hogy modelljeit t\u00f6meges megfigyel\u00e9sre vagy emberi fel\u00fcgyelet n\u00e9lk\u00fcli fegyverekben haszn\u00e1lj\u00e1k, \u00f6sszhangban azzal, amit \u00e1ll\u00edt\u00e1suk szerint a modelljei \u201emegb\u00edzhat\u00f3an \u00e9s felel\u0151ss\u00e9gteljesen\u201d k\u00e9pesek megtenni. A V\u00e9delmi Miniszt\u00e9rium felmondta az Anthropic szerz\u0151d\u00e9s\u00e9t, \u00e9s hivatalosan \u201eell\u00e1t\u00e1si l\u00e1nc kock\u00e1zat\u00e1nak\u201d min\u0151s\u00edtette a c\u00e9get. Ez kiz\u00e1rn\u00e1 az Anthropicot bizonyos amerikai korm\u00e1nyzati szerz\u0151d\u00e9sekre val\u00f3 p\u00e1ly\u00e1z\u00e1sb\u00f3l. V\u00e1laszul az Anthropic pert ind\u00edtott.<\/p>\n\n\n\n<p>Ezzel szemben a szint\u00e9n San Francisc\u00f3-i sz\u00e9khely\u0171 riv\u00e1lis AI c\u00e9g, az OpenAI beleegyezett a V\u00e9delmi Miniszt\u00e9rium felt\u00e9teleinek egy v\u00e1ltozat\u00e1ba. A c\u00e9g t\u00f6bb mint 100 alkalmazottja, valamint a Google k\u00f6zel 900 alkalmazottja ny\u00edlt levelet \u00edrt al\u00e1, amelyben felsz\u00f3l\u00edtj\u00e1k a k\u00e9t v\u00e1llalatot, hogy utas\u00edts\u00e1k el a korm\u00e1nyzati k\u00f6vetel\u00e9seket (l\u00e1sd: <a href=\"https:\/\/notdivided.org\/\" target=\"_blank\" rel=\"noreferrer noopener\">https:\/\/notdivided.org\/<\/a> ). Szombaton Caitlin Kalinowski, az OpenAI robotikai vezet\u0151je lemondott, mondv\u00e1n: \u201eAz AI fontos szerepet j\u00e1tszik a nemzetbiztons\u00e1gban. De az amerikaiak b\u00edr\u00f3i fel\u00fcgyelet n\u00e9lk\u00fcli megfigyel\u00e9se \u00e9s az emberi enged\u00e9ly n\u00e9lk\u00fcli hal\u00e1los auton\u00f3mia olyan k\u00e9rd\u00e9sek, amelyek t\u00f6bb m\u00e9rlegel\u00e9st \u00e9rdemeltek volna, mint amennyit kaptak.\u201d<\/p>\n\n\n\n<figure class=\"wp-block-image size-full\"><img loading=\"lazy\" decoding=\"async\" width=\"767\" height=\"491\" src=\"https:\/\/digitalnews.hu\/wp-content\/uploads\/2026\/03\/d41586-026-00762-y_52162306.webp\" alt=\"\" class=\"wp-image-7067\" srcset=\"https:\/\/digitalnews.hu\/wp-content\/uploads\/2026\/03\/d41586-026-00762-y_52162306.webp 767w, https:\/\/digitalnews.hu\/wp-content\/uploads\/2026\/03\/d41586-026-00762-y_52162306-600x384.webp 600w\" sizes=\"auto, (max-width: 767px) 100vw, 767px\" \/><\/figure>\n\n\n\n<p>Ahogy a Nature \u00e9s m\u00e1sok is besz\u00e1moltak r\u00f3la, sz\u00e1mos kutat\u00f3 etikai \u00e9s erk\u00f6lcsi kifog\u00e1sokat fogalmazott meg az AI t\u00f6meges megfigyel\u00e9sre \u00e9s auton\u00f3m fegyverekben val\u00f3 alkalmaz\u00e1s\u00e1val szemben. Egyeseknek gyakorlati agg\u00e1lyaik is vannak a technol\u00f3gia jelenlegi k\u00e9pess\u00e9geivel kapcsolatban. Az AI modelljei pontatlan eredm\u00e9nyeket adhatnak, \u00e9s a k\u00f6vetkeztet\u00e9seik levon\u00e1s\u00e1nak m\u00f3dja gyakran \u00e1tl\u00e1thatatlan. Az AI katonai technol\u00f3gi\u00e1ba val\u00f3 be\u00e9p\u00edt\u00e9se egy napon cs\u00f6kkentheti a polg\u00e1ri \u00e1ldozatok sz\u00e1m\u00e1t, de a legjobb AI modellek n\u00e9melyik\u00e9nek alkot\u00f3i szerint ez m\u00e9g nem igaz.<\/p>\n\n\n\n<p>Sok alkalmazott azzal a tudattal csatlakozott amerikai AI fejleszt\u0151 c\u00e9gekhez, hogy munk\u00e1jukat a hadsereg nem, vagy csak korl\u00e1tozottan fogja felhaszn\u00e1lni. 2024 janu\u00e1rj\u00e1ban azonban az OpenAI friss\u00edtette szab\u00e1lyzat\u00e1t, \u00e9s t\u00f6r\u00f6lte azt a sz\u00f6vegr\u00e9szt, amely szerint modelljei nem haszn\u00e1lhat\u00f3k fel \u201ekatonai \u00e9s hadvisel\u00e9si c\u00e9lokra\u201d. Tavaly febru\u00e1rban a Google visszavonta azt a k\u00f6telezetts\u00e9gv\u00e1llal\u00e1s\u00e1t, hogy megakad\u00e1lyozza az AI-nak megfigyel\u00e9sben vagy fegyverekben val\u00f3 felhaszn\u00e1l\u00e1s\u00e1t . Az Anthropic vez\u00e9rigazgat\u00f3ja, Dario Amodei pedig kor\u00e1bban azt javasolta, hogy az A-tI haszn\u00e1lj\u00e1k fel az autokr\u00e1ci\u00e1kkal szembeni katonai f\u00f6l\u00e9ny el\u00e9r\u00e9s\u00e9re.<\/p>\n\n\n\n<p>Ezek a fejlem\u00e9nyek egy\u00e9rtelm\u0171en mutatj\u00e1k az \u00f6nk\u00e9ntes k\u00f6telezetts\u00e9gv\u00e1llal\u00e1sok korl\u00e1tait, amelyeket mindig meg lehet semmis\u00edteni. Egy alternat\u00edv megk\u00f6zel\u00edt\u00e9s egy jogilag k\u00f6telez\u0151 \u00e9rv\u00e9ny\u0171 nemzetk\u00f6zi meg\u00e1llapod\u00e1s kidolgoz\u00e1sa arr\u00f3l, hogy mi az elfogadhat\u00f3. Vannak precedensek arra, hogy a tud\u00f3sok vezet\u0151 szerepet v\u00e1llaltak az ilyen er\u0151fesz\u00edt\u00e9sekben. A nukle\u00e1ris fegyvereket kev\u00e9s szab\u00e1lyoz\u00e1s vagy nemzetk\u00f6zi meg\u00e1llapod\u00e1s mellett fejlesztett\u00e9k ki. Az olyan meg\u00e1llapod\u00e1sok, mint a nukle\u00e1ris fegyverek elterjed\u00e9s\u00e9nek megakad\u00e1lyoz\u00e1s\u00e1r\u00f3l sz\u00f3l\u00f3 szerz\u0151d\u00e9s \u00e9s a nukle\u00e1ris fegyverek tilalm\u00e1r\u00f3l sz\u00f3l\u00f3 szerz\u0151d\u00e9s, r\u00e9szben tud\u00f3sok \u00e1ltal vezetett kezdem\u00e9nyez\u00e9sek eredm\u00e9nyek\u00e9nt j\u00f6ttek l\u00e9tre . A vegyifegyver-tilalmi egyezm\u00e9ny \u00e9rtelm\u00e9ben illeg\u00e1lis ilyen fegyvereket fejleszteni vagy telep\u00edteni, \u00e9s hasonl\u00f3 jogi meg\u00e1llapod\u00e1s l\u00e9tezik a biol\u00f3giai fegyverek haszn\u00e1lat\u00e1nak megakad\u00e1lyoz\u00e1s\u00e1ra.<\/p>\n\n\n\n<p>Az Egyes Hagyom\u00e1nyos Fegyverekr\u0151l Sz\u00f3l\u00f3 Egyezm\u00e9ny c\u00e9lja, hogy kezelje az \u00fajonnan megjelen\u0151 fegyverekkel kapcsolatos k\u00e9rd\u00e9seket. Tag\u00e1llamai, k\u00f6zt\u00fck az Egyes\u00fclt \u00c1llamok is, \u00fcl\u00e9seztek, hogy megvitass\u00e1k a hal\u00e1los auton\u00f3m fegyvereket. Ez v\u00e9g\u00fcl egy olyan nemzetk\u00f6zi meg\u00e1llapod\u00e1s l\u00e9trehoz\u00e1s\u00e1hoz vezethet, amely kifejezetten az AI-al foglalkozik. Jelenleg azonban egy ilyen meg\u00e1llapod\u00e1s kidolgoz\u00e1s\u00e1t akad\u00e1lyozza K\u00edna, Izrael \u00e9s az Egyes\u00fclt \u00c1llamok t\u00e1mogat\u00e1s\u00e1nak hi\u00e1nya , valamint az AI hadvisel\u00e9sben bet\u00f6lt\u00f6tt pontos szerep\u00e9nek \u00e9s az \u201eauton\u00f3m cselekv\u00e9snek\u201d a meg\u00e9rt\u00e9s\u00e9nek hi\u00e1nya. Az ilyen bizony\u00edt\u00e9kok \u00f6sszegy\u0171jt\u00e9se az Egyes\u00fclt Nemzetek Szervezet\u00e9nek F\u00fcggetlen Nemzetk\u00f6zi Tudom\u00e1nyos Test\u00fclet\u00e9nek feladata kellene, hogy legyen, amelyet a m\u00falt h\u00f3napban neveztek ki, \u00e9s amely az els\u0151 jelent\u00e9s\u00e9n dolgozik.<\/p>\n\n\n\n<p>Az OpenAI szerint a V\u00e9delmi Miniszt\u00e9rium egy munkacsoport \u00f6ssze\u00e1ll\u00edt\u00e1s\u00e1t tervezi a t\u00e9m\u00e1ban, amelyben katonai szem\u00e9lyzet, korm\u00e1nyzati alkalmazottak \u00e9s a perem AI-laborat\u00f3riumok vezet\u0151i vesznek r\u00e9szt. Ezen laborat\u00f3riumok kutat\u00f3inak tov\u00e1bbra is szorgalmazniuk kell az AI hadvisel\u00e9sben val\u00f3 felhaszn\u00e1l\u00e1s\u00e1nak korl\u00e1toz\u00e1s\u00e1t, \u00e9s a rendelkez\u00e9s\u00fckre \u00e1ll\u00f3 hatalmat arra kell haszn\u00e1lniuk, hogy glob\u00e1lis szab\u00e1lyokat szorgalmazzanak. A szerz\u0151d\u00e9sek t\u00e1rgyal\u00e1sa id\u0151t vesz ig\u00e9nybe. Egyesek azzal \u00e9rvelnek, hogy az AI fejl\u0151d\u00e9s\u00e9nek \u00fcteme azt jelenti, hogy a vil\u00e1g nem engedheti meg mag\u00e1nak, hogy lass\u00fa diplom\u00e1ciai megold\u00e1sokra v\u00e1rjon. Ez nem \u00e9rv a t\u00e9tlens\u00e9g mellett. Ha soha nem kezdj\u00fck el, mindig t\u00fal k\u00e9s\u0151 lesz.<\/p>\n\n\n\n<p><mark style=\"background-color:#9b51e0\" class=\"has-inline-color has-white-color\">Tov\u00e1bb a cikkre:<\/mark> <a href=\"https:\/\/www.nature.com\/articles\/d41586-026-00762-y\" target=\"_blank\" rel=\"noreferrer noopener\">nature.com<\/a><\/p>\n","protected":false},"excerpt":{"rendered":"<p>A legfejlettebb mesters\u00e9ges intelligencia modelleken dolgoz\u00f3 kutat\u00f3k olyan szab\u00e1lyok kidolgoz\u00e1s\u00e1t szeretn\u00e9k, amelyek minimaliz\u00e1lj\u00e1k a technol\u00f3gi\u00e1k \u00e1ltal okozott k\u00e1rokat. Figyelmeztet\u00e9seiket meg&hellip;<\/p>\n","protected":false},"author":1,"featured_media":7073,"comment_status":"closed","ping_status":"closed","sticky":false,"template":"","format":"standard","meta":{"footnotes":""},"categories":[4],"tags":[],"class_list":["post-7066","post","type-post","status-publish","format-standard","has-post-thumbnail","hentry","category-ai-agi-chat-gpt-gemini"],"_links":{"self":[{"href":"https:\/\/digitalnews.hu\/index.php?rest_route=\/wp\/v2\/posts\/7066","targetHints":{"allow":["GET"]}}],"collection":[{"href":"https:\/\/digitalnews.hu\/index.php?rest_route=\/wp\/v2\/posts"}],"about":[{"href":"https:\/\/digitalnews.hu\/index.php?rest_route=\/wp\/v2\/types\/post"}],"author":[{"embeddable":true,"href":"https:\/\/digitalnews.hu\/index.php?rest_route=\/wp\/v2\/users\/1"}],"replies":[{"embeddable":true,"href":"https:\/\/digitalnews.hu\/index.php?rest_route=%2Fwp%2Fv2%2Fcomments&post=7066"}],"version-history":[{"count":10,"href":"https:\/\/digitalnews.hu\/index.php?rest_route=\/wp\/v2\/posts\/7066\/revisions"}],"predecessor-version":[{"id":7083,"href":"https:\/\/digitalnews.hu\/index.php?rest_route=\/wp\/v2\/posts\/7066\/revisions\/7083"}],"wp:featuredmedia":[{"embeddable":true,"href":"https:\/\/digitalnews.hu\/index.php?rest_route=\/wp\/v2\/media\/7073"}],"wp:attachment":[{"href":"https:\/\/digitalnews.hu\/index.php?rest_route=%2Fwp%2Fv2%2Fmedia&parent=7066"}],"wp:term":[{"taxonomy":"category","embeddable":true,"href":"https:\/\/digitalnews.hu\/index.php?rest_route=%2Fwp%2Fv2%2Fcategories&post=7066"},{"taxonomy":"post_tag","embeddable":true,"href":"https:\/\/digitalnews.hu\/index.php?rest_route=%2Fwp%2Fv2%2Ftags&post=7066"}],"curies":[{"name":"wp","href":"https:\/\/api.w.org\/{rel}","templated":true}]}}