{"id":7084,"date":"2026-03-10T22:23:12","date_gmt":"2026-03-10T20:23:12","guid":{"rendered":"https:\/\/digitalnews.hu\/?p=7084"},"modified":"2026-03-10T22:23:12","modified_gmt":"2026-03-10T20:23:12","slug":"uj-dijakat-vezet-be-a-facebook-atharitjak-az-adot-igy-kell-mostantol-fizetni","status":"publish","type":"post","link":"https:\/\/digitalnews.hu\/?p=7084","title":{"rendered":"\u00daj d\u00edjakat vezet be a Facebook: \u00e1th\u00e1r\u00edtj\u00e1k az ad\u00f3t, \u00edgy kell mostant\u00f3l fizetni"},"content":{"rendered":"\n<p>A Meta \u00faj, \u00fagynevezett f\u00f6ldrajzi helyhez kapcsol\u00f3d\u00f3 helyi d\u00edjakat vezet be, amelyeket bizonyos orsz\u00e1gokban megjelen\u00edtett hirdet\u00e9sek ut\u00e1n sz\u00e1m\u00edt fel a hirdet\u0151knek. A v\u00e1llalat ezzel a digit\u00e1lis szolg\u00e1ltat\u00e1si ad\u00f3kat h\u00e1r\u00edtja tov\u00e1bb &#8211; sz\u00e1molt be a <a href=\"https:\/\/coinis.com\/blog\/meta-location-fees-how-they-affect-your-ad-spend-by-country\" target=\"_blank\" rel=\"noreferrer noopener\">Coinis<\/a>. A v\u00e1ltoz\u00e1s a Meta t\u00e1j\u00e9koztat\u00e1sa szerint 2026 j\u00falius 1-j\u00e9t\u0151l l\u00e9p \u00e9letbe.<\/p>\n\n\n\n<p>A f\u00f6ldrajzi helysz\u00edn alap\u00fa &#8222;helyi p\u00f3td\u00edj&#8221; l\u00e9nyege, hogy a Meta a hirdet\u00e9si k\u00f6lts\u00e9gekre sz\u00e1zal\u00e9kos fel\u00e1rat tesz r\u00e1 azokban az esetekben, amikor olyan orsz\u00e1gokban jelennek meg a hirdet\u00e9sek, ahol a korm\u00e1nyzat k\u00fcl\u00f6nad\u00f3t vet ki a hirdet\u00e9si bev\u00e9teleikre.<\/p>\n\n\n\n<p>A c\u00e9ges facebook-felhaszn\u00e1l\u00f3knak el is k\u00fcldt\u00e9k a v\u00e1ltoz\u00e1s t\u00e9ny\u00e9t \u00fczenetben:<\/p>\n\n\n\n<figure class=\"wp-block-image size-full\"><img loading=\"lazy\" decoding=\"async\" width=\"624\" height=\"713\" src=\"https:\/\/digitalnews.hu\/wp-content\/uploads\/2026\/03\/meta0310-813600.png\" alt=\"\" class=\"wp-image-7085\" srcset=\"https:\/\/digitalnews.hu\/wp-content\/uploads\/2026\/03\/meta0310-813600.png 624w, https:\/\/digitalnews.hu\/wp-content\/uploads\/2026\/03\/meta0310-813600-600x685.png 600w\" sizes=\"auto, (max-width: 624px) 100vw, 624px\" \/><\/figure>\n\n\n\n<p>A d\u00f6nt\u00e9s h\u00e1tter\u00e9ben az \u00e1ll, hogy sz\u00e1mos eur\u00f3pai orsz\u00e1g digit\u00e1lis szolg\u00e1ltat\u00e1si ad\u00f3t vezetett be a nagy hirdet\u00e9si platformok bev\u00e9teleire. A Meta \u2013 a Google-hoz hasonl\u00f3an, amely m\u00e1r \u00e9vekkel kor\u00e1bban bevezetett hasonl\u00f3 jelleg\u0171 fel\u00e1rakat \u2013 \u00fagy hat\u00e1rozott, hogy a t\u00f6bbletk\u00f6lts\u00e9gek egy r\u00e9sz\u00e9t \u00e1th\u00e1r\u00edtja a hirdet\u0151kre. A v\u00e1llalat \u00e9rtelmez\u00e9se szerint azoknak a hirdet\u0151knek kell viselni\u00fck az adott orsz\u00e1g ad\u00f3terheit, akik t\u00e9nylegesen profit\u00e1lnak az ottani k\u00f6z\u00f6ns\u00e9g el\u00e9r\u00e9s\u00e9b\u0151l.<\/p>\n\n\n\n<p>A fel\u00e1r m\u00e9rt\u00e9k\u00e9t kiz\u00e1r\u00f3lag az hat\u00e1rozza meg, hogy a hirdet\u00e9s melyik orsz\u00e1gban ker\u00fcl megjelen\u00edt\u00e9sre; a hirdet\u0151 sz\u00e9khelye vagy sz\u00e1ml\u00e1z\u00e1si c\u00edme ebb\u0151l a szempontb\u00f3l nem sz\u00e1m\u00edt. Ha teh\u00e1t egy magyar v\u00e1llalkoz\u00e1s Ausztri\u00e1ban \u00e9l\u0151 felhaszn\u00e1l\u00f3kat c\u00e9loz meg, az osztr\u00e1k megjelen\u00e9sek ut\u00e1n az ott \u00e9rv\u00e9nyes p\u00f3td\u00edjat kell megfizetnie.<\/p>\n\n\n\n<p>Az \u00e9rintett orsz\u00e1gok \u00e9s a hozz\u00e1juk tartoz\u00f3 fel\u00e1rkulcsok a k\u00f6vetkez\u0151k:<\/p>\n\n\n\n<p>Ausztria \u00e9s T\u00f6r\u00f6korsz\u00e1g eset\u00e9ben 5 sz\u00e1zal\u00e9k,<br>Franciaorsz\u00e1g, Olaszorsz\u00e1g \u00e9s Spanyolorsz\u00e1g eset\u00e9ben 3 sz\u00e1zal\u00e9k,<br>az Egyes\u00fclt Kir\u00e1lys\u00e1gban pedig 2 sz\u00e1zal\u00e9k.<br>Ezek a m\u00e9rt\u00e9kek az adott orsz\u00e1gok hat\u00e1lyos digit\u00e1lis szolg\u00e1ltat\u00e1si ad\u00f3j\u00e1hoz igazodnak, \u00e9s m\u00f3dosulhatnak, ha a korm\u00e1nyok megv\u00e1ltoztatj\u00e1k az ad\u00f3kulcsokat.<\/p>\n\n\n\n<p>A p\u00f3td\u00edjakat orsz\u00e1gonk\u00e9nt, az adott orsz\u00e1gra jut\u00f3 k\u00f6lt\u00e9s ar\u00e1ny\u00e1ban sz\u00e1m\u00edtj\u00e1k fel. Egy gyakorlati p\u00e9ld\u00e1val \u00e9lve: ha egy kamp\u00e1ny \u00f6sszesen 10 000 doll\u00e1r k\u00f6lt\u00e9sb\u0151l 2000 doll\u00e1rnyi megjelen\u00e9st \u00e9r el Ausztri\u00e1ban, \u00e9s 3000 doll\u00e1rnyit az Egyes\u00fclt Kir\u00e1lys\u00e1gban, akkor a Meta az osztr\u00e1k r\u00e9szre 100 doll\u00e1r (5 sz\u00e1zal\u00e9k), a brit r\u00e9szre pedig 60 doll\u00e1r (2 sz\u00e1zal\u00e9k) p\u00f3td\u00edjat terhel. A v\u00e9gs\u0151 sz\u00e1mla \u00edgy 10 160 doll\u00e1r lesz a hirdet\u00e9skezel\u0151ben l\u00e1that\u00f3 10 000 doll\u00e1r m\u00e9diak\u00f6lt\u00e9s helyett. Ez a gyakorlatban az \u00e9rintett piacokra vet\u00edtett CPM- \u00e9s CPC-\u00e9rt\u00e9kek emelked\u00e9s\u00e9t jelenti.<\/p>\n\n\n\n<p>A nemzetk\u00f6zi kamp\u00e1nyokat futtat\u00f3 hirdet\u0151knek \u00e9rdemes \u00fajrasz\u00e1molniuk a hirdet\u00e9si k\u00f6lts\u00e9gvet\u00e9s\u00fcket, mivel a p\u00f3td\u00edjak a t\u00e9nyleges m\u00e9diak\u00f6lt\u00e9sen fel\u00fcl jelennek meg, \u00e9s a tervezett b\u00fcdzs\u00e9hez k\u00e9pest magasabb v\u00e9gsz\u00e1ml\u00e1t eredm\u00e9nyeznek. A v\u00e1ltoz\u00e1s k\u00fcl\u00f6n\u00f6sen azokat \u00e9rinti \u00e9rz\u00e9kenyen, akik az eml\u00edtett hat orsz\u00e1g valamelyik\u00e9ben jelent\u0151s hirdet\u00e9si aktivit\u00e1st folytatnak.<\/p>\n\n\n\n<p><mark style=\"background-color:#9b51e0\" class=\"has-inline-color has-white-color\">Tov\u00e1bb a cikkre:<\/mark> <a href=\"https:\/\/www.portfolio.hu\/uzlet\/20260310\/uj-dijakat-vezet-be-a-facebook-atharitjak-az-adot-igy-kell-mostantol-fizetni-823340\" target=\"_blank\" rel=\"noreferrer noopener\">portfolio.hu<\/a><\/p>\n","protected":false},"excerpt":{"rendered":"<p>A Meta \u00faj, \u00fagynevezett f\u00f6ldrajzi helyhez kapcsol\u00f3d\u00f3 helyi d\u00edjakat vezet be, amelyeket bizonyos orsz\u00e1gokban megjelen\u00edtett hirdet\u00e9sek ut\u00e1n sz\u00e1m\u00edt fel a&hellip;<\/p>\n","protected":false},"author":1,"featured_media":7086,"comment_status":"closed","ping_status":"closed","sticky":false,"template":"","format":"standard","meta":{"footnotes":""},"categories":[55],"tags":[],"class_list":["post-7084","post","type-post","status-publish","format-standard","has-post-thumbnail","hentry","category-social-media"],"_links":{"self":[{"href":"https:\/\/digitalnews.hu\/index.php?rest_route=\/wp\/v2\/posts\/7084","targetHints":{"allow":["GET"]}}],"collection":[{"href":"https:\/\/digitalnews.hu\/index.php?rest_route=\/wp\/v2\/posts"}],"about":[{"href":"https:\/\/digitalnews.hu\/index.php?rest_route=\/wp\/v2\/types\/post"}],"author":[{"embeddable":true,"href":"https:\/\/digitalnews.hu\/index.php?rest_route=\/wp\/v2\/users\/1"}],"replies":[{"embeddable":true,"href":"https:\/\/digitalnews.hu\/index.php?rest_route=%2Fwp%2Fv2%2Fcomments&post=7084"}],"version-history":[{"count":1,"href":"https:\/\/digitalnews.hu\/index.php?rest_route=\/wp\/v2\/posts\/7084\/revisions"}],"predecessor-version":[{"id":7087,"href":"https:\/\/digitalnews.hu\/index.php?rest_route=\/wp\/v2\/posts\/7084\/revisions\/7087"}],"wp:featuredmedia":[{"embeddable":true,"href":"https:\/\/digitalnews.hu\/index.php?rest_route=\/wp\/v2\/media\/7086"}],"wp:attachment":[{"href":"https:\/\/digitalnews.hu\/index.php?rest_route=%2Fwp%2Fv2%2Fmedia&parent=7084"}],"wp:term":[{"taxonomy":"category","embeddable":true,"href":"https:\/\/digitalnews.hu\/index.php?rest_route=%2Fwp%2Fv2%2Fcategories&post=7084"},{"taxonomy":"post_tag","embeddable":true,"href":"https:\/\/digitalnews.hu\/index.php?rest_route=%2Fwp%2Fv2%2Ftags&post=7084"}],"curies":[{"name":"wp","href":"https:\/\/api.w.org\/{rel}","templated":true}]}}