{"id":7096,"date":"2026-03-12T14:28:32","date_gmt":"2026-03-12T12:28:32","guid":{"rendered":"https:\/\/digitalnews.hu\/?p=7096"},"modified":"2026-03-12T14:28:32","modified_gmt":"2026-03-12T12:28:32","slug":"nem-mindegy-hogy-milyen-uzenetet-ir-mert-europaban-mar-hivatalosan-is-megfigyelhetik","status":"publish","type":"post","link":"https:\/\/digitalnews.hu\/?p=7096","title":{"rendered":"Nem mindegy, hogy milyen \u00fczenetet \u00edr, mert Eur\u00f3p\u00e1ban m\u00e1r hivatalosan is megfigyelhetik"},"content":{"rendered":"\n<p>K\u00f6zel m\u00e1sf\u00e9l \u00e9vvel hosszabb\u00edtotta meg az Eur\u00f3pai Parlament azt a mentess\u00e9get, amely lehet\u0151v\u00e9 teszi az internetes c\u00e9gek sz\u00e1m\u00e1ra a gyermekek szexu\u00e1lis b\u00e1ntalmaz\u00e1s\u00e1t \u00e1br\u00e1zol\u00f3 anyagok \u00f6nk\u00e9ntes felder\u00edt\u00e9s\u00e9t. A k\u00e9pvisel\u0151k szerint siker\u00fclt elegend\u0151 jogi biztos\u00edt\u00e9kot be\u00e9p\u00edteni a rendszerbe, hogy az ne s\u00e9rtse a felhaszn\u00e1l\u00f3k mag\u00e1n\u00e9let\u00e9t, am\u00edg meg nem sz\u00fcletik a meg\u00e1llapod\u00e1s a tag\u00e1llamokkal a v\u00e9gleges jogszab\u00e1lyr\u00f3l.<br>Az Eur\u00f3pai Parlament szerd\u00e1n szavazott az adatv\u00e9delmi jogszab\u00e1lyok elt\u00e9r\u00e9s\u00e9nek a meghosszabb\u00edt\u00e1s\u00e1r\u00f3l, ami lehet\u0151s\u00e9get ad az internetes c\u00e9geknek, hogy felder\u00edthess\u00e9k a gyermekek szexu\u00e1lis b\u00e1ntalmaz\u00e1s\u00e1t \u00e1br\u00e1zol\u00f3 anyagokat.<\/p>\n\n\n\n<p>A k\u00e9pvisel\u0151k v\u00e9g\u00fcl nagy t\u00f6bbs\u00e9ggel, 458 igen szavazattal 103 ellen\u00e9ben, \u00e9s 63 tart\u00f3zkod\u00e1s mellett hagyt\u00e1k j\u00f3v\u00e1 az ind\u00edtv\u00e1nyt, amely \u00edgy eg\u00e9szen 2027. augusztus 3-ig meghosszabb\u00edtja az e-adatv\u00e9delmi ir\u00e1nyelv jelenlegi mentess\u00e9g\u00e9t.<\/p>\n\n\n\n<p>Ez a technikai jelleg\u0171, de kritikus fontoss\u00e1g\u00fa d\u00f6nt\u00e9s lehet\u0151v\u00e9 teszi az internetes szolg\u00e1ltat\u00f3k sz\u00e1m\u00e1ra, hogy a j\u00f6v\u0151ben is \u00f6nk\u00e9ntesen sz\u0171rj\u00e9k \u00e9s azonos\u00edts\u00e1k a fel\u00fcleteiken megjelen\u0151, gyermekek szexu\u00e1lis b\u00e1ntalmaz\u00e1s\u00e1t \u00e1br\u00e1zol\u00f3 tartalmakat.<\/p>\n\n\n\n<p>A hosszabb\u00edt\u00e1s h\u00e1tter\u00e9ben a v\u00e9gleges, hossz\u00fa t\u00e1v\u00fa jogi szab\u00e1lyoz\u00e1s k\u00f6r\u00fcli elh\u00faz\u00f3d\u00f3 egyeztet\u00e9sek \u00e1llnak. Mivel a jelenlegi int\u00e9zked\u00e9sek 2026 \u00e1prilis 3-\u00e1n lej\u00e1rtak volna, a parlament sz\u00fcks\u00e9gesnek l\u00e1tta a hat\u00e1rid\u0151 kitol\u00e1s\u00e1t, hogy elker\u00fclj\u00e9k a jogh\u00e9zag kialakul\u00e1s\u00e1t, am\u00edg a tag\u00e1llamok korm\u00e1nyaib\u00f3l \u00e1ll\u00f3 Eur\u00f3pai Uni\u00f3 Tan\u00e1cs\u00e1val (r\u00f6viden: tan\u00e1cs) foly\u00f3 t\u00e1rgyal\u00e1sok le nem z\u00e1rulnak.<\/p>\n\n\n\n<p>Szigor\u00fa korl\u00e1tok \u00e9s adatv\u00e9delem<br>A d\u00f6nt\u00e9s ugyanakkor nem jelent biank\u00f3 csekket a technol\u00f3giai \u00f3ri\u00e1sok sz\u00e1m\u00e1ra. A hat\u00e1rozat \u00e9rtelm\u00e9ben az \u00f6nk\u00e9ntes felder\u00edt\u00e9si technol\u00f3gi\u00e1k alkalmaz\u00e1sa szigor\u00faan korl\u00e1tozott marad:<\/p>\n\n\n\n<p>Az ellen\u0151rz\u00e9sek nem s\u00e9rthetik a v\u00e9gpontok k\u00f6z\u00f6tti titkos\u00edt\u00e1st.<br>Tilos a forgalmi adatok \u00e9s a tartalom egy\u00fcttes vizsg\u00e1lata.<br>A felder\u00edt\u00e9s csak olyan anyagokra ir\u00e1nyulhat, amelyeket m\u00e1r kor\u00e1bban beazonos\u00edtottak, vagy megb\u00edzhat\u00f3 forr\u00e1sok jel\u00f6ltek meg.<br>Az int\u00e9zked\u00e9seknek c\u00e9lzottnak kell lenni\u00fck, azokra a csoportokra f\u00f3kusz\u00e1lva, ahol megalapozott a b\u0171ncselekm\u00e9ny gyan\u00faja.<\/p>\n\n\n\n<p>Birgit Sippel, az \u00fcgy\u00e9rt felel\u0151s jelent\u00e9stev\u0151 a szavaz\u00e1st k\u00f6vet\u0151en hangs\u00falyozta, hogy a d\u00f6nt\u00e9s a biztons\u00e1g \u00e9s az alapvet\u0151 jogok k\u00f6z\u00f6tti k\u00e9nyes egyens\u00faly fenntart\u00e1s\u00e1r\u00f3l sz\u00f3l. V\u00e9lem\u00e9nye szerint a gyermekek v\u00e9delme priorit\u00e1s, de ezt csak olyan ar\u00e1nyos eszk\u00f6z\u00f6kkel szabad el\u00e9rni, amelyek ki\u00e1llj\u00e1k a b\u00edr\u00f3s\u00e1gi ellen\u0151rz\u00e9s pr\u00f3b\u00e1j\u00e1t is.<\/p>\n\n\n\n<p>A v\u00e9gleges jogszab\u00e1ly elfogad\u00e1s\u00e1r\u00f3l m\u00e9g 2025 november\u00e9ben kezdett el t\u00e1rgyalni a parlament \u00e9s a tan\u00e1cs.<\/p>\n\n\n\n<p><mark style=\"background-color:#9b51e0\" class=\"has-inline-color has-white-color\">Tov\u00e1bb a cikkre:<\/mark> <a href=\"https:\/\/index.hu\/kulfold\/2026\/03\/11\/europai-unio-europai-parlament-online-gyermekbantalmazas-e-adatvedelem-iranyelv-szavazas\/\" target=\"_blank\" rel=\"noreferrer noopener\">index.hu<\/a> (Kar\u00f3czkai Bal\u00e1zs)<\/p>\n","protected":false},"excerpt":{"rendered":"<p>K\u00f6zel m\u00e1sf\u00e9l \u00e9vvel hosszabb\u00edtotta meg az Eur\u00f3pai Parlament azt a mentess\u00e9get, amely lehet\u0151v\u00e9 teszi az internetes c\u00e9gek sz\u00e1m\u00e1ra a gyermekek&hellip;<\/p>\n","protected":false},"author":1,"featured_media":7097,"comment_status":"closed","ping_status":"closed","sticky":false,"template":"","format":"standard","meta":{"footnotes":""},"categories":[11],"tags":[],"class_list":["post-7096","post","type-post","status-publish","format-standard","has-post-thumbnail","hentry","category-digitalis-allampolgarsag-egov-eid"],"_links":{"self":[{"href":"https:\/\/digitalnews.hu\/index.php?rest_route=\/wp\/v2\/posts\/7096","targetHints":{"allow":["GET"]}}],"collection":[{"href":"https:\/\/digitalnews.hu\/index.php?rest_route=\/wp\/v2\/posts"}],"about":[{"href":"https:\/\/digitalnews.hu\/index.php?rest_route=\/wp\/v2\/types\/post"}],"author":[{"embeddable":true,"href":"https:\/\/digitalnews.hu\/index.php?rest_route=\/wp\/v2\/users\/1"}],"replies":[{"embeddable":true,"href":"https:\/\/digitalnews.hu\/index.php?rest_route=%2Fwp%2Fv2%2Fcomments&post=7096"}],"version-history":[{"count":1,"href":"https:\/\/digitalnews.hu\/index.php?rest_route=\/wp\/v2\/posts\/7096\/revisions"}],"predecessor-version":[{"id":7098,"href":"https:\/\/digitalnews.hu\/index.php?rest_route=\/wp\/v2\/posts\/7096\/revisions\/7098"}],"wp:featuredmedia":[{"embeddable":true,"href":"https:\/\/digitalnews.hu\/index.php?rest_route=\/wp\/v2\/media\/7097"}],"wp:attachment":[{"href":"https:\/\/digitalnews.hu\/index.php?rest_route=%2Fwp%2Fv2%2Fmedia&parent=7096"}],"wp:term":[{"taxonomy":"category","embeddable":true,"href":"https:\/\/digitalnews.hu\/index.php?rest_route=%2Fwp%2Fv2%2Fcategories&post=7096"},{"taxonomy":"post_tag","embeddable":true,"href":"https:\/\/digitalnews.hu\/index.php?rest_route=%2Fwp%2Fv2%2Ftags&post=7096"}],"curies":[{"name":"wp","href":"https:\/\/api.w.org\/{rel}","templated":true}]}}