{"id":7102,"date":"2026-03-12T23:37:56","date_gmt":"2026-03-12T21:37:56","guid":{"rendered":"https:\/\/digitalnews.hu\/?p=7102"},"modified":"2026-03-12T23:37:56","modified_gmt":"2026-03-12T21:37:56","slug":"a-politikai-mobilizacio-es-a-kiberbunozes-osszefonodasa-magyarorszagon","status":"publish","type":"post","link":"https:\/\/digitalnews.hu\/?p=7102","title":{"rendered":"A politikai mobiliz\u00e1ci\u00f3 \u00e9s a kiberb\u0171n\u00f6z\u00e9s \u00f6sszefon\u00f3d\u00e1sa Magyarorsz\u00e1gon"},"content":{"rendered":"\n<p>A digit\u00e1lis \u00edr\u00e1studatlans\u00e1g mint nemzetbiztons\u00e1gi kock\u00e1zat.<\/p>\n\n\n\n<p>A technol\u00f3giai fejl\u0151d\u00e9s \u00e9s a t\u00e1rsadalmi alkalmazkod\u00f3k\u00e9pess\u00e9g k\u00f6z\u00f6tti ellent\u00e9t Magyarorsz\u00e1gon kritikus m\u00e9rt\u00e9k\u0171v\u00e9 v\u00e1lt, mivel a digit\u00e1lis eszk\u00f6z\u00f6k sz\u00e9les k\u00f6r\u0171 elterjed\u00e9se nem j\u00e1rt egy\u00fctt a haszn\u00e1latukhoz sz\u00fcks\u00e9ges kritikai tudatoss\u00e1g kialakul\u00e1s\u00e1val. M\u00edg az 1990-es \u00e9vek informatikai \u00e1t\u00e1ll\u00e1sa els\u0151sorban az adminisztrat\u00edv eszk\u00f6zpark fizikai cser\u00e9j\u00e9re korl\u00e1toz\u00f3dott, addig a 2000-es \u00e9vek mobilkommunik\u00e1ci\u00f3s robban\u00e1sa \u00e9s a Web 2.0 platformok t\u00e9rnyer\u00e9se egy olyan inform\u00e1ci\u00f3s \u00f6kosziszt\u00e9m\u00e1t hozott l\u00e9tre, amelyben a felhaszn\u00e1l\u00f3k t\u00f6megei v\u00e1ltak akt\u00edv szerepl\u0151v\u00e9 an\u00e9lk\u00fcl, hogy \u00e9rten\u00e9k a h\u00e1tt\u00e9rben megh\u00faz\u00f3d\u00f3 algoritmusokat vagy biztons\u00e1gi kock\u00e1zatokat. Ez a struktur\u00e1lis hi\u00e1nyoss\u00e1g nem csup\u00e1n egy\u00e9ni sebezhet\u0151s\u00e9get jelent, hanem a politikai kamp\u00e1nytechnol\u00f3gi\u00e1k \u00e9s a kiberb\u0171n\u00f6z\u00e9sbe val\u00f3 alkalmaz\u00e1sa komoly t\u00e1rsadalmi \u00e9s \u00e1llambiztons\u00e1gi fenyeget\u00e9ss\u00e9 eszkal\u00e1l\u00f3dott. A politikai szerepl\u0151k, mik\u00f6zben saj\u00e1t mozg\u00f3s\u00edt\u00e1si c\u00e9ljaik \u00e9rdek\u00e9ben a felhaszn\u00e1l\u00f3kat egyre komplexebb digit\u00e1lis platformok \u00e9s alkalmaz\u00e1sok fel\u00e9 terelik, k\u00f6zvetve olyan t\u00e1mad\u00e1si fel\u00fcletet hoznak l\u00e9tre, amelyet a kiberb\u0171n\u00f6z\u0151k \u00e9s a k\u00fclf\u00f6ldi befoly\u00e1sol\u00e1si m\u0171veletek szerepl\u0151i k\u00edm\u00e9letlen\u00fcl kihaszn\u00e1lnak.<\/p>\n\n\n\n<p>Az informatikai \u00e1t\u00e1ll\u00e1s t\u00f6rt\u00e9neti kontextusa: A hardverk\u00f6zpont\u00fa szeml\u00e9letm\u00f3d \u00f6r\u00f6ks\u00e9ge<br>Magyarorsz\u00e1gon a digitaliz\u00e1ci\u00f3 kezdeteit egyfajta technol\u00f3giai, eszk\u00f6z szint\u0171 megk\u00f6zel\u00edt\u00e9s jellemezte, amely a sz\u00e1m\u00edt\u00f3g\u00e9pet csup\u00e1n a hat\u00e9konys\u00e1g n\u00f6vel\u00e9s\u00e9nek eszk\u00f6zek\u00e9nt, nem pedig a t\u00e1rsadalmi interakci\u00f3 \u00faj terek\u00e9nt \u00e9rtelmezte. Az 1990 \u00e9s 1995 k\u00f6z\u00f6tti id\u0151szakot a szakirodalom a digitaliz\u00e1ci\u00f3 h\u0151skorszakak\u00e9nt defini\u00e1lja, ahol a f\u0151 kih\u00edv\u00e1s a h\u00e1l\u00f3zatok puszta m\u0171k\u00f6dtet\u00e9se \u00e9s a hardver\u00e1llom\u00e1ny biztos\u00edt\u00e1sa volt. Ebben a szakaszban az \u00e1t\u00e1ll\u00e1s l\u00e9nyege val\u00f3j\u00e1ban az \u00edr\u00f3g\u00e9pek sz\u00e1m\u00edt\u00f3g\u00e9pekre val\u00f3 lecser\u00e9l\u00e9s\u00e9ben mer\u00fclt ki az irodai k\u00f6rnyezetben, ami egy olyan szeml\u00e9letm\u00f3dot r\u00f6gz\u00edtett, amely a digit\u00e1lis \u00edr\u00e1stud\u00e1st a billenty\u0171zetkezel\u00e9ssel \u00e9s az alapvet\u0151 szoftverhaszn\u00e1lattal azonos\u00edtotta.<\/p>\n\n\n\n<p>Az ezredfordul\u00f3ra ez a szeml\u00e9letm\u00f3d s\u00falyos infrastruktur\u00e1lis \u00e9s tud\u00e1sbeli szakad\u00e9kot eredm\u00e9nyezett. 2001-ben a magyar h\u00e1ztart\u00e1sok 22%-a rendelkezett szem\u00e9lyi sz\u00e1m\u00edt\u00f3g\u00e9ppel, de ezen bel\u00fcl az internet-hozz\u00e1f\u00e9r\u00e9s ar\u00e1nya rendk\u00edv\u00fcl alacsony, mind\u00f6ssze 6% volt. Ez azt jelentette, hogy a lakoss\u00e1g jelent\u0151s r\u00e9sze offline g\u00e9peket haszn\u00e1lt, ami megakad\u00e1lyozta a h\u00e1l\u00f3zati tudatoss\u00e1g korai kialakul\u00e1s\u00e1t. A fejlett nyugati orsz\u00e1gokt\u00f3l elt\u00e9r\u0151en Magyarorsz\u00e1gon a PC-ell\u00e1totts\u00e1g \u00e9s az internethaszn\u00e1lat k\u00f6z\u00f6tti oll\u00f3 lassan z\u00e1r\u00f3dott, ami konzerv\u00e1lta a digit\u00e1lis elszigetelts\u00e9get.<\/p>\n\n\n<div class=\"wp-block-image\">\n<figure class=\"aligncenter size-full\"><img loading=\"lazy\" decoding=\"async\" width=\"1100\" height=\"846\" src=\"https:\/\/digitalnews.hu\/wp-content\/uploads\/2026\/03\/unnamed-1.jpg\" alt=\"\" class=\"wp-image-7103\" srcset=\"https:\/\/digitalnews.hu\/wp-content\/uploads\/2026\/03\/unnamed-1.jpg 1100w, https:\/\/digitalnews.hu\/wp-content\/uploads\/2026\/03\/unnamed-1-768x590.jpg 768w, https:\/\/digitalnews.hu\/wp-content\/uploads\/2026\/03\/unnamed-1-600x461.jpg 600w\" sizes=\"auto, (max-width: 1100px) 100vw, 1100px\" \/><figcaption class=\"wp-element-caption\"><strong>A magyarorsz\u00e1gi informatikai ell\u00e1totts\u00e1g alakul\u00e1sa az ezredfordul\u00f3n (1999\u20132001)<\/strong><\/figcaption><\/figure>\n<\/div>\n\n\n<p>A technol\u00f3giai fejl\u0151d\u00e9s \u00e9s a t\u00e1rsadalmi alkalmazkod\u00f3k\u00e9pess\u00e9g k\u00f6z\u00f6tti ellent\u00e9t Magyarorsz\u00e1gon kritikus m\u00e9rt\u00e9k\u0171v\u00e9 v\u00e1lt, mivel a digit\u00e1lis eszk\u00f6z\u00f6k sz\u00e9les k\u00f6r\u0171 elterjed\u00e9se nem j\u00e1rt egy\u00fctt a haszn\u00e1latukhoz sz\u00fcks\u00e9ges kritikai tudatoss\u00e1g kialakul\u00e1s\u00e1val. M\u00edg az 1990-es \u00e9vek informatikai \u00e1t\u00e1ll\u00e1sa els\u0151sorban az adminisztrat\u00edv eszk\u00f6zpark fizikai cser\u00e9j\u00e9re korl\u00e1toz\u00f3dott, addig a 2000-es \u00e9vek mobilkommunik\u00e1ci\u00f3s robban\u00e1sa \u00e9s a Web 2.0 platformok t\u00e9rnyer\u00e9se egy olyan inform\u00e1ci\u00f3s \u00f6kosziszt\u00e9m\u00e1t hozott l\u00e9tre, amelyben a felhaszn\u00e1l\u00f3k t\u00f6megei v\u00e1ltak akt\u00edv szerepl\u0151v\u00e9 an\u00e9lk\u00fcl, hogy \u00e9rten\u00e9k a h\u00e1tt\u00e9rben megh\u00faz\u00f3d\u00f3 algoritmusokat vagy biztons\u00e1gi kock\u00e1zatokat. Ez a struktur\u00e1lis hi\u00e1nyoss\u00e1g nem csup\u00e1n egy\u00e9ni sebezhet\u0151s\u00e9get jelent, hanem a politikai kamp\u00e1nytechnol\u00f3gi\u00e1k \u00e9s a kiberb\u0171n\u00f6z\u00e9sbe val\u00f3 alkalmaz\u00e1sa komoly t\u00e1rsadalmi \u00e9s \u00e1llambiztons\u00e1gi fenyeget\u00e9ss\u00e9 eszkal\u00e1l\u00f3dott. A politikai szerepl\u0151k, mik\u00f6zben saj\u00e1t mozg\u00f3s\u00edt\u00e1si c\u00e9ljaik \u00e9rdek\u00e9ben a felhaszn\u00e1l\u00f3kat egyre komplexebb digit\u00e1lis platformok \u00e9s alkalmaz\u00e1sok fel\u00e9 terelik, k\u00f6zvetve olyan t\u00e1mad\u00e1si fel\u00fcletet hoznak l\u00e9tre, amelyet a kiberb\u0171n\u00f6z\u0151k \u00e9s a k\u00fclf\u00f6ldi befoly\u00e1sol\u00e1si m\u0171veletek szerepl\u0151i k\u00edm\u00e9letlen\u00fcl kihaszn\u00e1lnak<\/p>\n\n\n\n<p>Az informatikai \u00e1t\u00e1ll\u00e1s t\u00f6rt\u00e9neti kontextusa: A hardverk\u00f6zpont\u00fa szeml\u00e9letm\u00f3d \u00f6r\u00f6ks\u00e9ge<br>Magyarorsz\u00e1gon a digitaliz\u00e1ci\u00f3 kezdeteit egyfajta technol\u00f3giai, eszk\u00f6z szint\u0171 megk\u00f6zel\u00edt\u00e9s jellemezte, amely a sz\u00e1m\u00edt\u00f3g\u00e9pet csup\u00e1n a hat\u00e9konys\u00e1g n\u00f6vel\u00e9s\u00e9nek eszk\u00f6zek\u00e9nt, nem pedig a t\u00e1rsadalmi interakci\u00f3 \u00faj terek\u00e9nt \u00e9rtelmezte. Az 1990 \u00e9s 1995 k\u00f6z\u00f6tti id\u0151szakot a szakirodalom a digitaliz\u00e1ci\u00f3 h\u0151skorszakak\u00e9nt defini\u00e1lja, ahol a f\u0151 kih\u00edv\u00e1s a h\u00e1l\u00f3zatok puszta m\u0171k\u00f6dtet\u00e9se \u00e9s a hardver\u00e1llom\u00e1ny biztos\u00edt\u00e1sa volt. Ebben a szakaszban az \u00e1t\u00e1ll\u00e1s l\u00e9nyege val\u00f3j\u00e1ban az \u00edr\u00f3g\u00e9pek sz\u00e1m\u00edt\u00f3g\u00e9pekre val\u00f3 lecser\u00e9l\u00e9s\u00e9ben mer\u00fclt ki az irodai k\u00f6rnyezetben, ami egy olyan szeml\u00e9letm\u00f3dot r\u00f6gz\u00edtett, amely a digit\u00e1lis \u00edr\u00e1stud\u00e1st a billenty\u0171zetkezel\u00e9ssel \u00e9s az alapvet\u0151 szoftverhaszn\u00e1lattal azonos\u00edtotta.<\/p>\n\n\n\n<p><br>Az ezredfordul\u00f3ra ez a szeml\u00e9letm\u00f3d s\u00falyos infrastruktur\u00e1lis \u00e9s tud\u00e1sbeli szakad\u00e9kot eredm\u00e9nyezett. 2001-ben a magyar h\u00e1ztart\u00e1sok 22%-a rendelkezett szem\u00e9lyi sz\u00e1m\u00edt\u00f3g\u00e9ppel, de ezen bel\u00fcl az internet-hozz\u00e1f\u00e9r\u00e9s ar\u00e1nya rendk\u00edv\u00fcl alacsony, mind\u00f6ssze 6% volt. Ez azt jelentette, hogy a lakoss\u00e1g jelent\u0151s r\u00e9sze offline g\u00e9peket haszn\u00e1lt, ami megakad\u00e1lyozta a h\u00e1l\u00f3zati tudatoss\u00e1g korai kialakul\u00e1s\u00e1t. A fejlett nyugati orsz\u00e1gokt\u00f3l elt\u00e9r\u0151en Magyarorsz\u00e1gon a PC-ell\u00e1totts\u00e1g \u00e9s az internethaszn\u00e1lat k\u00f6z\u00f6tti oll\u00f3 lassan z\u00e1r\u00f3dott, ami konzerv\u00e1lta a digit\u00e1lis elszigetelts\u00e9get<\/p>\n\n\n\n<p>A magyarorsz\u00e1gi informatikai ell\u00e1totts\u00e1g alakul\u00e1sa az ezredfordul\u00f3n (1999\u20132001)<br>Az adatok j\u00f3l t\u00fckr\u00f6zik, hogy a technol\u00f3gia besziv\u00e1rg\u00e1sa a h\u00e1ztart\u00e1sokba sokkal gyorsabb volt, mint a h\u00e1l\u00f3zati integr\u00e1ci\u00f3. Ez a mag\u00e1nyos sz\u00e1m\u00edt\u00f3g\u00e9p korszak alapozta meg azt a k\u00e9s\u0151bbi sebezhet\u0151s\u00e9get, amikor a 2000-es \u00e9vekben a mobilinternet \u00e9s a k\u00f6z\u00f6ss\u00e9gi m\u00e9dia hirtelen, kritikai felk\u00e9sz\u00edt\u00e9s n\u00e9lk\u00fcl \u00e9rte el a t\u00e1rsadalmat. A digit\u00e1lis \u00edr\u00e1stud\u00e1s fejleszt\u00e9se m\u00e1r ekkor kamp\u00e1nyszer\u0171 \u00e9s n\u00e9pszer\u0171s\u00edt\u0151 jelleg\u0171 volt, ahelyett, hogy a k\u00f6zoktat\u00e1s szerves r\u00e9sz\u00e9v\u00e9 v\u00e1lt volna.<\/p>\n\n\n\n<p>A 2000-es \u00e9vek mobilrobban\u00e1sa \u00e9s a platform-internet kialakul\u00e1sa<br>A 2000-es \u00e9vek k\u00f6zep\u00e9re a technol\u00f3giai f\u00f3kusz eltol\u00f3dott a r\u00f6gz\u00edtett eszk\u00f6z\u00f6kr\u0151l a mobilplatformokra. Ez a korszak hozta el a Web 2.0 paradigmav\u00e1lt\u00e1st, ahol a felhaszn\u00e1l\u00f3 m\u00e1r nem csak passz\u00edv fogyaszt\u00f3, hanem akt\u00edv tartalom-el\u0151\u00e1ll\u00edt\u00f3 lett. Magyarorsz\u00e1gon ez a folyamat egybeesett a k\u00f6z\u00f6ss\u00e9gi h\u00e1l\u00f3zatok, els\u0151sorban a Facebook glob\u00e1liss\u00e1 v\u00e1l\u00e1s\u00e1val. A felhaszn\u00e1l\u00f3k sz\u00e1m\u00e1ra az internet fogalma fokozatosan lesz\u0171k\u00fclt n\u00e9h\u00e1ny domin\u00e1ns platformra, ami egyfajta digit\u00e1lis bez\u00e1rts\u00e1got eredm\u00e9nyezett.<\/p>\n\n\n\n<p>A mai \u00e1tlagfelhaszn\u00e1l\u00f3 sz\u00e1m\u00e1ra az internetet a Google, a Facebook, a TikTok vagy a Twitter (X) jelenti. Ez a leegyszer\u0171s\u00edtett szeml\u00e9letm\u00f3d elrejti a felhaszn\u00e1l\u00f3 el\u0151l az internet val\u00f3di szerkezet\u00e9t, az adatgy\u0171jt\u00e9si mechanizmusokat \u00e9s a manipul\u00e1ci\u00f3s technik\u00e1kat. Az inform\u00e1ci\u00f3k sz\u0171r\u00e9se, az \u00e9rtelmez\u00e9se \u00e9s az etikai felel\u0151ss\u00e9gek meg\u00e9rt\u00e9se h\u00e1tt\u00e9rbe szorult a technikai k\u00e9szs\u00e9gekkel szemben. Ennek eredm\u00e9nyek\u00e9nt a felhaszn\u00e1l\u00f3k b\u00e1r technikailag k\u00e9pesek haszn\u00e1lni az eszk\u00f6z\u00f6ket, kognit\u00edv szempontb\u00f3l v\u00e9dtelenek maradnak a platformokon terjed\u0151 dezinform\u00e1ci\u00f3val szemben.<\/p>\n\n\n\n<p>Digit\u00e1lis \u00edr\u00e1studatlans\u00e1g \u00e9s oktat\u00e1si hi\u00e1nyoss\u00e1gok<br>A magyarorsz\u00e1gi digit\u00e1lis \u00edr\u00e1stud\u00e1s \u00e1llapota rendk\u00edv\u00fcl egyenetlen k\u00e9pet mutat. A legfrissebb m\u00e9r\u00e9sek szerint a 15 \u00e9ves magyar tanul\u00f3k 32,5%-a digit\u00e1lisan \u00edr\u00e1studatlan, ami s\u00falyosan g\u00e1tolja a munkaer\u0151piaci alkalmazkod\u00e1st \u00e9s az inform\u00e1ci\u00f3s t\u00e1rsadalomban val\u00f3 tudatos r\u00e9szv\u00e9telt. Ez a hi\u00e1nyoss\u00e1g k\u00f6zvetlen\u00fcl visszavezethet\u0151 a k\u00f6zoktat\u00e1si rendszer struktur\u00e1lis probl\u00e9m\u00e1ira. Az informatika tant\u00e1rgy \u00f3rasz\u00e1ma a Nemzeti Alaptantervben (Nat) az egyik legalacsonyabb: egy gimn\u00e1ziumi tanul\u00f3 \u00f6sszesen 180, egy szakk\u00f6z\u00e9piskolai tanul\u00f3 144, m\u00edg egy szakiskolai tanul\u00f3 mind\u00f6ssze 108 \u00f3r\u00e1t tanul informatik\u00e1t a teljes k\u00e9pz\u00e9si ideje alatt.<\/p>\n\n\n\n<p>Ezekben az alacsony \u00f3rasz\u00e1mokban a k\u00e9szs\u00e9gfejleszt\u00e9s helyett gyakran csak az alapvet\u0151 szoftverhaszn\u00e1lat \u00e1tad\u00e1s\u00e1ra jut id\u0151, \u00edgy a kritikai m\u00e9dia\u00e9rt\u00e9s \u00e9s a kiberbiztons\u00e1gi alapismeretek kimaradnak a tananyagb\u00f3l. A digit\u00e1lis szakad\u00e9k nem csup\u00e1n gener\u00e1ci\u00f3s, hanem iskolat\u00edpus szerinti is: a szakk\u00e9pz\u00e9sben tanul\u00f3k k\u00f6r\u00e9ben sokkal magasabb az \u00edr\u00e1studatlanok ar\u00e1nya, mint a gimn\u00e1ziumokban. Ez a r\u00e9tegz\u0151d\u00e9s azt eredm\u00e9nyezi, hogy a t\u00e1rsadalom jelent\u0151s r\u00e9sze \u00fagy l\u00e9p ki a feln\u0151ttkorba, hogy nem rendelkezik a modern digit\u00e1lis hadvisel\u00e9s \u00e9s kiberb\u0171n\u00f6z\u00e9s elleni v\u00e9dekez\u00e9s alapjaival.<\/p>\n\n\n<div class=\"wp-block-image\">\n<figure class=\"aligncenter size-full\"><img loading=\"lazy\" decoding=\"async\" width=\"1100\" height=\"840\" src=\"https:\/\/digitalnews.hu\/wp-content\/uploads\/2026\/03\/unnamed-2.jpg\" alt=\"\" class=\"wp-image-7104\" srcset=\"https:\/\/digitalnews.hu\/wp-content\/uploads\/2026\/03\/unnamed-2.jpg 1100w, https:\/\/digitalnews.hu\/wp-content\/uploads\/2026\/03\/unnamed-2-768x586.jpg 768w, https:\/\/digitalnews.hu\/wp-content\/uploads\/2026\/03\/unnamed-2-600x458.jpg 600w\" sizes=\"auto, (max-width: 1100px) 100vw, 1100px\" \/><figcaption class=\"wp-element-caption\"><strong>Digit\u00e1lis kompetencia mutat\u00f3k Magyarorsz\u00e1gon \u00e9s az EU-ban (2023)<\/strong><\/figcaption><\/figure>\n<\/div>\n\n\n<p>Az adatok r\u00e1vil\u00e1g\u00edtanak egy kritikus ellentmond\u00e1sra: mik\u00f6zben a magyar lakoss\u00e1g internethaszn\u00e1lati gyakoris\u00e1ga el\u00e9ri az uni\u00f3s \u00e1tlagot, a haszn\u00e1lat min\u0151s\u00e9g\u00e9t jelz\u0151 k\u00e9szs\u00e9gszint jelent\u0151sen elmarad att\u00f3l. Ez a haszn\u00e1lom, de nem \u00e9rtem \u00e1llapot a legvesz\u00e9lyesebb a kiberbiztons\u00e1gi kock\u00e1zatok szempontj\u00e1b\u00f3l, mivel hamis biztons\u00e1g\u00e9rzetet ad a felhaszn\u00e1l\u00f3nak.<\/p>\n\n\n\n<p>A politikai mobiliz\u00e1ci\u00f3 digit\u00e1lis fegyvert\u00e1ra: Adatgy\u0171jt\u00e9s \u00e9s digit\u00e1lis harcosok<br>A politikai p\u00e1rtok strat\u00e9giai szinten haszn\u00e1lj\u00e1k ki a v\u00e1laszt\u00f3k digit\u00e1lis kiszolg\u00e1ltatotts\u00e1g\u00e1t. A modern kamp\u00e1nyok k\u00f6zponti eleme a v\u00e1laszt\u00f3k terel\u00e9se saj\u00e1t tulajdon\u00fa alkalmaz\u00e1sok \u00e9s platformok fel\u00e9. Ez a folyamat nem csup\u00e1n a mozg\u00f3s\u00edt\u00e1st szolg\u00e1lja, hanem kiterjedt adatgy\u0171jt\u00e9st \u00e9s profilalkot\u00e1st is lehet\u0151v\u00e9 tesz. Magyarorsz\u00e1gon ez a trend a digit\u00e1lis autoritarianizmus ir\u00e1ny\u00e1ba mutat, ahol a korm\u00e1nyzati kommunik\u00e1ci\u00f3 \u00e9s a p\u00e1rtpolitikai \u00e9rdekek \u00f6sszeolvadnak a digit\u00e1lis t\u00e9rben.<\/p>\n\n\n\n<p>A korm\u00e1nyp\u00e1rti strat\u00e9gia egyik hangs\u00falyos eleme a digit\u00e1lis harcosok toborz\u00e1sa. Orb\u00e1n Viktor Harcosok Klubja elnevez\u00e9s\u0171 kezdem\u00e9nyez\u00e9se t\u00edzezreket sarkall arra, hogy \u00f6sszehangolt m\u00f3don, k\u00f6zponti utas\u00edt\u00e1sok alapj\u00e1n vegyenek r\u00e9szt online politikai csat\u00e1kban. A hangs\u00faly itt nem a diskurzuson, hanem a l\u00e1that\u00f3s\u00e1g \u00e9s a hanger\u0151 dominanci\u00e1j\u00e1n van, ami gyakran ellenz\u00e9ki v\u00e9lem\u00e9nyek elnyom\u00e1s\u00e1hoz vagy t\u00f6meges komment-t\u00e1mad\u00e1sokhoz vezet. A Digit\u00e1lis Polg\u00e1ri K\u00f6r\u00f6k pedig olyan strukt\u00far\u00e1t alkotnak, amely k\u00e9pes megker\u00fclni a k\u00f6z\u00f6ss\u00e9gi m\u00e9dia platformok politikai hirdet\u00e9sekre vonatkoz\u00f3 korl\u00e1toz\u00e1sait, mivel a tartalmakat mag\u00e1nszem\u00e9lyek profiljain kereszt\u00fcl terjesztik.<\/p>\n\n\n\n<p>A kiberb\u0171n\u00f6z\u00e9s \u00e9s a politikai propaganda \u00f6sszefon\u00f3d\u00e1sa<br>A digit\u00e1lis kiszolg\u00e1ltatotts\u00e1g legnagyobb nyertesei a kiberb\u0171n\u00f6z\u0151k, akik m\u00f3dszereiket a politikai kamp\u00e1nyok sor\u00e1n alkalmazott technol\u00f3gi\u00e1khoz igaz\u00edtj\u00e1k. A v\u00e1laszt\u00e1si id\u0151szakokban a felfokozott \u00e9rzelmi \u00e1llapot \u00e9s az inform\u00e1ci\u00f3k ir\u00e1nti \u00e9hs\u00e9g ide\u00e1lis k\u00f6rnyezetet teremt az adathal\u00e1szat \u00e9s a dezinform\u00e1ci\u00f3 sz\u00e1m\u00e1ra. A kiberb\u0171n\u00f6z\u0151k gyakran politikai \u00fczenetnek \u00e1lc\u00e1zz\u00e1k a rosszindulat\u00fa linkeket, vagy politikusok nev\u00e9ben keresik meg a v\u00e1laszt\u00f3kat, hogy \u00e9rz\u00e9keny adatokhoz jussanak.<\/p>\n\n\n\n<p>A mesters\u00e9ges intelligencia fejl\u0151d\u00e9se \u00faj szintre emelte ezeket a fenyeget\u00e9seket. A generat\u00edv MI lehet\u0151v\u00e9 teszi a deepfake (m\u00e9lyhamis\u00edtott vide\u00f3 \u00e9s k\u00e9p) \u00e9s a deepvoice (hanghamis\u00edt\u00e1s) technol\u00f3gi\u00e1k t\u00f6meges alkalmaz\u00e1s\u00e1t. A politikusok \u00e9s a kiberb\u0171n\u00f6z\u0151k ezeket a technik\u00e1kat nemcsak politikai zavarkelt\u00e9sre, hanem k\u00f6zvetlen anyagi haszonszerz\u00e9sre is haszn\u00e1lj\u00e1k. Rom\u00e1ni\u00e1ban \u00e9s Csehorsz\u00e1gban p\u00e9ld\u00e1ul politikusok hangj\u00e1t \u00e9s k\u00e9p\u00e9t kl\u00f3nozt\u00e1k, hogy nem l\u00e9tez\u0151 befektet\u00e9si lehet\u0151s\u00e9geket rekl\u00e1mozzanak a k\u00f6z\u00f6ss\u00e9gi m\u00e9di\u00e1ban, s\u00falyos p\u00e9nz\u00fcgyi k\u00e1rokat okozva a gyan\u00fatlan felhaszn\u00e1l\u00f3knak.<\/p>\n\n\n<div class=\"wp-block-image\">\n<figure class=\"aligncenter size-full\"><img loading=\"lazy\" decoding=\"async\" width=\"1100\" height=\"1045\" src=\"https:\/\/digitalnews.hu\/wp-content\/uploads\/2026\/03\/unnamed-3.jpg\" alt=\"\" class=\"wp-image-7105\" srcset=\"https:\/\/digitalnews.hu\/wp-content\/uploads\/2026\/03\/unnamed-3.jpg 1100w, https:\/\/digitalnews.hu\/wp-content\/uploads\/2026\/03\/unnamed-3-768x729.jpg 768w, https:\/\/digitalnews.hu\/wp-content\/uploads\/2026\/03\/unnamed-3-600x570.jpg 600w\" sizes=\"auto, (max-width: 1100px) 100vw, 1100px\" \/><figcaption class=\"wp-element-caption\"><strong>Az MI-alap\u00fa megt\u00e9veszt\u00e9s f\u0151bb eszk\u00f6zei a v\u00e1laszt\u00e1si folyamatokban<\/strong><\/figcaption><\/figure>\n<\/div>\n\n\n<p>A kiberb\u0171n\u00f6z\u0151k sz\u00e1m\u00e1ra a politikai kamp\u00e1nyok sor\u00e1n felhaszn\u00e1lt technol\u00f3gia egyfajta ingyen rekl\u00e1mot \u00e9s oktat\u00e1st jelent: a politikusok \u00e1ltal legitim\u00e1lt mozg\u00f3s\u00edt\u00e1si m\u00f3dszerek (p\u00e9ld\u00e1ul az alkalmaz\u00e1slet\u00f6lt\u00e9sre val\u00f3 \u00f6szt\u00f6nz\u00e9s) kaput nyitnak a k\u00e1rt\u00e9kony szoftverek (malware) el\u0151tt. Amikor egy v\u00e1laszt\u00f3t arra terelnek, hogy ismeretlen forr\u00e1s\u00fa kamp\u00e1nyalkalmaz\u00e1st telep\u00edtsen, azzal a kiberb\u0171n\u00f6z\u0151k sz\u00e1m\u00e1ra is utat mutatnak az \u00e1ldozathoz.<\/p>\n\n\n\n<p>Nemzetk\u00f6zi \u00e9s hazai p\u00e9ld\u00e1k: A deepfake mint politikai fegyver<br>A nemzetk\u00f6zi tapasztalatok azt mutatj\u00e1k, hogy a deepfake technol\u00f3gia m\u00e1r k\u00e9pes befoly\u00e1solni a v\u00e1laszt\u00f3i magatart\u00e1st. 2023 szeptember\u00e9ben Szlov\u00e1ki\u00e1ban, k\u00f6zvetlen\u00fcl a v\u00e1laszt\u00e1sok el\u0151tt terjedt el egy hamis hangfelv\u00e9tel, amelyen Michal \u0160ime\u010dka, a Progressz\u00edv Szlov\u00e1kia vezet\u0151je egy \u00fajs\u00e1g\u00edr\u00f3val a v\u00e1laszt\u00e1sok manipul\u00e1l\u00e1s\u00e1r\u00f3l egyeztet. B\u00e1r a felv\u00e9tel hamis volt, a c\u00e1folat m\u00e1r nem jutott el mindenkihez a szavaz\u00e1s el\u0151tt. Hasonl\u00f3 incidens t\u00f6rt\u00e9nt az Egyes\u00fclt \u00c1llamokban is, ahol Joe Biden hangj\u00e1t ut\u00e1nozva h\u00edvtak fel v\u00e1laszt\u00f3kat New Hampshire-ben, arra k\u00e9rve \u0151ket, hogy ne vegyenek r\u00e9szt az el\u0151v\u00e1laszt\u00e1son.<\/p>\n\n\n\n<p>Magyarorsz\u00e1gon a 2026-os v\u00e1laszt\u00e1sok k\u00f6zeledt\u00e9vel a dezinform\u00e1ci\u00f3s nyom\u00e1s fokoz\u00f3dik. A Publicus Int\u00e9zet felm\u00e9r\u00e9se szerint a magyar szavaz\u00f3k t\u00falnyom\u00f3 t\u00f6bbs\u00e9ge (95%) \u00fagy gondolja, hogy a hamis fot\u00f3k \u00e9s vide\u00f3k alkalmasak a megt\u00e9veszt\u00e9sre, \u00e9s m\u00e9g a korm\u00e1nyp\u00e1rti szavaz\u00f3k t\u00f6bbs\u00e9ge is v\u00e1laszt\u00e1si csal\u00e1snak tekinti a politikai AI-vide\u00f3k haszn\u00e1lat\u00e1t. Ennek ellen\u00e9re a kamp\u00e1nyban m\u00e1r megjelentek olyan MI-gener\u00e1lt k\u00e9pek, amelyek ellenz\u00e9ki politikusokat \u00e1br\u00e1zoltak manipulat\u00edv kontextusban.<\/p>\n\n\n\n<p>Ez a jelens\u00e9g k\u00fcl\u00f6n\u00f6sen s\u00falyosan \u00e9rinti az id\u0151sebb gener\u00e1ci\u00f3t, akik digit\u00e1lis bev\u00e1ndorl\u00f3k\u00e9nt, gyakran seg\u00edts\u00e9g n\u00e9lk\u00fcl k\u00e9nyszer\u00fcltek adapt\u00e1l\u00f3dni egy olyan vil\u00e1ghoz, amelynek h\u00e1tter\u00e9t \u00e9s vesz\u00e9lyeit nem ismerik m\u00e9lyrehat\u00f3an.<\/p>\n\n\n\n<p>A politikai p\u00e1rtok jelenleg tudatosan terelik szavaz\u00f3ikat \u2013 k\u00f6zt\u00fck a technol\u00f3gi\u00e1ban legkev\u00e9sb\u00e9 j\u00e1rtas id\u0151seket is \u2013 arra, hogy kamp\u00e1nyalkalmaz\u00e1sokat haszn\u00e1ljanak, k\u00f6z\u00f6ss\u00e9gi profilokat hozzanak l\u00e9tre \u00e9s tartalmakat osszanak meg. Ez a folyamat azonban v\u00e9dtelen\u00fcl hagyja a felhaszn\u00e1l\u00f3kat. Aki eddig csak fel\u00fcletesen ismerte a technol\u00f3gi\u00e1t, vagy most kezdi azt akt\u00edvabban haszn\u00e1lni, egy \u00faj, hatalmas \u00e9s k\u00f6nnyen sebezhet\u0151 c\u00e9lpontot jelent a kiberb\u0171n\u00f6z\u0151k sz\u00e1m\u00e1ra.<\/p>\n\n\n\n<p>A helyzetet s\u00falyosb\u00edtja, hogy a v\u00e1laszt\u00e1si kamp\u00e1nyokban bevett m\u00f3dszerek, a propaganda, a fake-news, a deepfake \u00e9s a deepvoice, ma m\u00e1r a dezinform\u00e1ci\u00f3s kamp\u00e1nyok \u00e9s a kiberb\u0171n\u00f6z\u00e9s k\u00f6z\u00f6s alapk\u00f6v\u00e9v\u00e9 v\u00e1ltak. A szak\u00e9rt\u0151i tapasztalatok szerint az ilyen t\u00edpus\u00fa tartalmakn\u00e1l nem is felt\u00e9tlen\u00fcl a t\u00f6k\u00e9letes val\u00f3s\u00e1gh\u0171s\u00e9g a c\u00e9l: az inform\u00e1ci\u00f3s bubor\u00e9kokban \u00e9s szek\u00e9rt\u00e1borokban \u00e9l\u0151 emberek el akarj\u00e1k hinni azt, amit a saj\u00e1t k\u00f6z\u00f6ss\u00e9g\u00fck \u00e1ll\u00edt, \u00edgy nem k\u00e9rd\u0151jelezik meg a felv\u00e9telek val\u00f3dis\u00e1g\u00e1t.<\/p>\n\n\n\n<p>A kiberb\u0171n\u00f6z\u0151k pedig azonnal lecsapnak a politikai szerepl\u0151k \u00e1ltal bej\u00e1ratott m\u00f3dszerekre. Amit a kamp\u00e1nyban a szavaz\u00f3k befoly\u00e1sol\u00e1s\u00e1ra haszn\u00e1lnak, azt a b\u0171n\u00f6z\u0151k a szavaz\u00f3k kifoszt\u00e1s\u00e1ra (p\u00e9ld\u00e1ul MI-vel t\u00e1mogatott unok\u00e1z\u00f3s csal\u00e1sokra) ford\u00edtj\u00e1k. Ebben a k\u00f6rnyezetben a detekt\u00e1l\u00e1s rendk\u00edv\u00fcl neh\u00e9z, mivel a technol\u00f3gia negyed\u00e9vente elavul, a v\u00e9dekez\u00e9s pedig \u00e1lland\u00f3 lemarad\u00e1sban van.<\/p>\n\n\n\n<p>\u00d3ri\u00e1si felel\u0151tlens\u00e9g a korm\u00e1nyok \u00e9s politikusok r\u00e9sz\u00e9r\u0151l, hogy \u00fagy k\u00e9nyszer\u00edtik az online t\u00e9rbe a szavaz\u00f3ikat, hogy k\u00f6zben nem biztos\u00edtj\u00e1k sz\u00e1mukra a sz\u00fcks\u00e9ges digit\u00e1lis \u00f6nv\u00e9delmi oktat\u00e1st. A politikai haszonszerz\u00e9s \u00e9rdek\u00e9ben alkalmazott manipul\u00e1ci\u00f3s technol\u00f3gi\u00e1k szentes\u00edt\u00e9se nemcsak az ellenfeleket sebzi meg, hanem a teljes t\u00e1rsadalom, \u00e9s k\u00fcl\u00f6n\u00f6sen a legkiszolg\u00e1ltatottabb id\u0151sek, biztons\u00e1g\u00e1t is alapjaiban rend\u00edti meg.<\/p>\n\n\n\n<p>Korm\u00e1nyzati felel\u0151ss\u00e9g \u00e9s a szab\u00e1lyoz\u00e1s korl\u00e1tai<br>A politikai vezet\u0151k \u00e9s a korm\u00e1nyok felel\u0151ss\u00e9ge kett\u0151s: egyr\u00e9szt k\u00f6teless\u00e9g\u00fck lenne a digit\u00e1lis biztons\u00e1g garant\u00e1l\u00e1sa, m\u00e1sr\u00e9szt tart\u00f3zkodniuk kellene a v\u00e1laszt\u00f3k kiszolg\u00e1ltat\u00e1s\u00e1t\u00f3l. Magyarorsz\u00e1gon azonban a korm\u00e1nyzati strat\u00e9gia gyakran ellentmond\u00e1sos. M\u00edg a Nemzeti Digitaliz\u00e1ci\u00f3s Strat\u00e9gia (2022\u20132030) a digit\u00e1lis kompetencia fejleszt\u00e9s\u00e9t \u00e9s a kiberbiztons\u00e1g n\u00f6vel\u00e9s\u00e9t hirdeti, a gyakorlatban a politikai haszonszerz\u00e9s \u00e9rdek\u00e9ben alkalmazott technik\u00e1k \u00e9ppen ezeket gyeng\u00edtik.<\/p>\n\n\n\n<p>A magyar jogi szab\u00e1lyoz\u00e1s jelenleg hi\u00e1nyos a deepfake technol\u00f3gi\u00e1val szemben. A deepfake kifejez\u00e9s nem szerepel a B\u00fcntet\u0151 T\u00f6rv\u00e9nyk\u00f6nyvben (Btk.), \u00edgy a b\u00edr\u00f3s\u00e1gok k\u00e9nytelenek a megl\u00e9v\u0151 t\u00e9ny\u00e1ll\u00e1sokat (zaklat\u00e1s, becs\u00fclets\u00e9rt\u00e9s, okirathamis\u00edt\u00e1s) kiterjeszt\u0151en \u00e9rtelmezni. A szak\u00e9rt\u0151k szerint a jog jelenleg ink\u00e1bb reakt\u00edv, mert a k\u00e1r sokszor m\u00e1r a tartalom k\u00f6zz\u00e9t\u00e9tel\u00e9vel bek\u00f6vetkezik, \u00e9s a jogi proced\u00fara nem k\u00e9pes meg\u00e1ll\u00edtani a hamis inform\u00e1ci\u00f3 vir\u00e1lis terjed\u00e9s\u00e9t.<\/p>\n\n\n\n<p>Az Eur\u00f3pai Uni\u00f3 mesters\u00e9ges intelligenci\u00e1r\u00f3l sz\u00f3l\u00f3 rendelete (AI Act) k\u00eds\u00e9rletet tesz a helyzet kezel\u00e9s\u00e9re, kock\u00e1zatalap\u00fa megk\u00f6zel\u00edt\u00e9st alkalmazva. A rendelet el\u0151\u00edrja az MI \u00e1ltal gener\u00e1lt tartalmak k\u00f6telez\u0151 jel\u00f6l\u00e9s\u00e9t (v\u00edzjelez\u00e9s\u00e9t), \u00e9s tiltja a k\u00e1ros befoly\u00e1sol\u00e1sra alkalmas technik\u00e1kat.<\/p>\n\n\n\n<p>A korm\u00e1nyzati felel\u0151ss\u00e9g f\u0151bb dimenzi\u00f3i:<\/p>\n\n\n\n<ul class=\"wp-block-list\">\n<li>Oktat\u00e1si felel\u0151ss\u00e9g: A kritikai digit\u00e1lis \u00edr\u00e1stud\u00e1s be\u00e9p\u00edt\u00e9se a tananyagba minden iskolat\u00edpusban.<\/li>\n<\/ul>\n\n\n\n<ul class=\"wp-block-list\">\n<li>Etikai felel\u0151ss\u00e9g: Olyan politikai magatart\u00e1si k\u00f3dexek elfogad\u00e1sa, amelyek tiltj\u00e1k a dezinform\u00e1ci\u00f3 \u00e9s az MI-alap\u00fa megt\u00e9veszt\u00e9s alkalmaz\u00e1s\u00e1t.<\/li>\n<\/ul>\n\n\n\n<ul class=\"wp-block-list\">\n<li>Jogi felel\u0151ss\u00e9g: A Btk. \u00e9s a v\u00e1laszt\u00e1si t\u00f6rv\u00e9nyek hozz\u00e1igaz\u00edt\u00e1sa a modern technol\u00f3giai kih\u00edv\u00e1sokhoz.<\/li>\n<\/ul>\n\n\n\n<ul class=\"wp-block-list\">\n<li>Infrastruktur\u00e1lis felel\u0151ss\u00e9g: A v\u00e1laszt\u00f3i adatok v\u00e9delm\u00e9nek garant\u00e1l\u00e1sa \u00e9s a kiberbiztons\u00e1gi tudatoss\u00e1g n\u00f6vel\u00e9se.<\/li>\n<\/ul>\n\n\n\n<p>A digit\u00e1lis \u00edr\u00e1studatlans\u00e1g fenntart\u00e1sa r\u00f6vid t\u00e1von politikai el\u0151nyt jelenthet a k\u00f6nnyebb manipul\u00e1lhat\u00f3s\u00e1g miatt, hossz\u00fa t\u00e1von azonban nemzetbiztons\u00e1gi kock\u00e1zatot hordoz, mivel az orsz\u00e1g v\u00e9dtelen marad a k\u00fclf\u00f6ldi dezinform\u00e1ci\u00f3s kamp\u00e1nyokkal \u00e9s a szervezett kiberb\u0171n\u00f6z\u00e9ssel szemben.<\/p>\n\n\n\n<p>Merre tov\u00e1bb?<br>Magyarorsz\u00e1gon a digit\u00e1lis \u00e1t\u00e1ll\u00e1s sor\u00e1n elk\u00f6vetett mulaszt\u00e1sok olyan t\u00e1rsadalmi sebezhet\u0151s\u00e9get hoztak l\u00e9tre, amely ma m\u00e1r a demokr\u00e1cia alapjait fenyegeti. A politikai p\u00e1rtok felel\u0151ss\u00e9ge elvitathatatlan, mivel mik\u00f6zben saj\u00e1t c\u00e9ljaikra haszn\u00e1lj\u00e1k fel a digit\u00e1lis teret, figyelmen k\u00edv\u00fcl hagyj\u00e1k a v\u00e1laszt\u00f3k biztons\u00e1g\u00e1t. A digit\u00e1lis kiszolg\u00e1ltatotts\u00e1g ennek a folyamatnak az eredm\u00e9nye, amely meg\u00e1ll\u00edthat\u00f3 lenne tudatosabb \u00e1llami fell\u00e9p\u00e9ssel.<\/p>\n\n\n\n<p>A kiberb\u0171n\u00f6z\u0151k \u00e9s a politikai dezinform\u00e1torok k\u00f6z\u00f6s fegyvert\u00e1ra (deepfake, deepvoice, adathal\u00e1szat) ellen csak egy holisztikus megk\u00f6zel\u00edt\u00e9s lehet hat\u00e9kony. Ez mag\u00e1ba kell, hogy foglalja a k\u00f6zoktat\u00e1s radik\u00e1lis reformj\u00e1t, a jogszab\u00e1lyi k\u00f6rnyezet gyors adapt\u00e1ci\u00f3j\u00e1t \u00e9s a politikai szerepl\u0151k \u00f6nkorl\u00e1toz\u00e1s\u00e1t. Amennyiben a digit\u00e1lis harcosok toborz\u00e1sa \u00e9s az adatvez\u00e9relt manipul\u00e1ci\u00f3 marad a politikai priorit\u00e1s, a v\u00e1laszt\u00f3k tov\u00e1bbra is v\u00e9dtelen c\u00e9lpontjai lesznek mind a hatalmi j\u00e1tszm\u00e1knak, mind a k\u00f6zt\u00f6rv\u00e9nyes b\u0171n\u00f6z\u0151knek.<\/p>\n\n\n\n<p>A magyar digit\u00e1lis \u00e1llampolg\u00e1rs\u00e1g nem mer\u00fclhet ki egy okostelefonos alkalmaz\u00e1s haszn\u00e1lat\u00e1ban. Az igazi digit\u00e1lis \u00e1llampolg\u00e1rs\u00e1g a tudatoss\u00e1got \u00e9s a v\u00e9dekez\u0151k\u00e9pess\u00e9get jelenti egy olyan korban, ahol a val\u00f3s\u00e1g \u00e9s a hamis\u00edtv\u00e1ny k\u00f6z\u00f6tti hat\u00e1rvonalat m\u00e1r csak algoritmusok k\u00e9pesek felismerni. Az \u00e1llam \u00e9s a politikai elit felel\u0151ss\u00e9ge, hogy ne csak a technol\u00f3gi\u00e1t, hanem a hozz\u00e1 tartoz\u00f3 pajzsot is a v\u00e1laszt\u00f3k kez\u00e9be adja.<\/p>\n\n\n\n<p><mark style=\"background-color:#9b51e0\" class=\"has-inline-color has-white-color\">Tov\u00e1bb a cikkre:<\/mark> <a href=\"https:\/\/substack.com\/home\/post\/p-190607624\" target=\"_blank\" rel=\"noreferrer noopener\">substack.com<\/a> (Fr\u00e9sz Ferenc)<\/p>\n","protected":false},"excerpt":{"rendered":"<p>A digit\u00e1lis \u00edr\u00e1studatlans\u00e1g mint nemzetbiztons\u00e1gi kock\u00e1zat. A technol\u00f3giai fejl\u0151d\u00e9s \u00e9s a t\u00e1rsadalmi alkalmazkod\u00f3k\u00e9pess\u00e9g k\u00f6z\u00f6tti ellent\u00e9t Magyarorsz\u00e1gon kritikus m\u00e9rt\u00e9k\u0171v\u00e9 v\u00e1lt, mivel&hellip;<\/p>\n","protected":false},"author":1,"featured_media":7106,"comment_status":"closed","ping_status":"closed","sticky":false,"template":"","format":"standard","meta":{"footnotes":""},"categories":[12],"tags":[],"class_list":["post-7102","post","type-post","status-publish","format-standard","has-post-thumbnail","hentry","category-kiberbiztonsag-deep-fake"],"_links":{"self":[{"href":"https:\/\/digitalnews.hu\/index.php?rest_route=\/wp\/v2\/posts\/7102","targetHints":{"allow":["GET"]}}],"collection":[{"href":"https:\/\/digitalnews.hu\/index.php?rest_route=\/wp\/v2\/posts"}],"about":[{"href":"https:\/\/digitalnews.hu\/index.php?rest_route=\/wp\/v2\/types\/post"}],"author":[{"embeddable":true,"href":"https:\/\/digitalnews.hu\/index.php?rest_route=\/wp\/v2\/users\/1"}],"replies":[{"embeddable":true,"href":"https:\/\/digitalnews.hu\/index.php?rest_route=%2Fwp%2Fv2%2Fcomments&post=7102"}],"version-history":[{"count":1,"href":"https:\/\/digitalnews.hu\/index.php?rest_route=\/wp\/v2\/posts\/7102\/revisions"}],"predecessor-version":[{"id":7107,"href":"https:\/\/digitalnews.hu\/index.php?rest_route=\/wp\/v2\/posts\/7102\/revisions\/7107"}],"wp:featuredmedia":[{"embeddable":true,"href":"https:\/\/digitalnews.hu\/index.php?rest_route=\/wp\/v2\/media\/7106"}],"wp:attachment":[{"href":"https:\/\/digitalnews.hu\/index.php?rest_route=%2Fwp%2Fv2%2Fmedia&parent=7102"}],"wp:term":[{"taxonomy":"category","embeddable":true,"href":"https:\/\/digitalnews.hu\/index.php?rest_route=%2Fwp%2Fv2%2Fcategories&post=7102"},{"taxonomy":"post_tag","embeddable":true,"href":"https:\/\/digitalnews.hu\/index.php?rest_route=%2Fwp%2Fv2%2Ftags&post=7102"}],"curies":[{"name":"wp","href":"https:\/\/api.w.org\/{rel}","templated":true}]}}