{"id":7123,"date":"2026-03-13T01:02:16","date_gmt":"2026-03-12T23:02:16","guid":{"rendered":"https:\/\/digitalnews.hu\/?p=7123"},"modified":"2026-03-13T08:11:18","modified_gmt":"2026-03-13T06:11:18","slug":"hogyan-fogjak-el-az-egyes-perzsa-obol-menti-orszagok-az-irani-raketakat-es-dronokat","status":"publish","type":"post","link":"https:\/\/digitalnews.hu\/?p=7123","title":{"rendered":"Hogyan fogj\u00e1k el az egyes Perzsa-\u00f6b\u00f6l menti orsz\u00e1gok az ir\u00e1ni rak\u00e9t\u00e1kat \u00e9s dr\u00f3nokat?"},"content":{"rendered":"\n<p>Mik\u00f6zben rak\u00e9t\u00e1k \u00e9s dr\u00f3nok szelik \u00e1t a r\u00e9gi\u00f3 eg\u00e9t, a Perzsa-\u00f6b\u00f6l r\u00e9tegzett l\u00e9gv\u00e9delmi h\u00e1l\u00f3zatait \u2013 a THAAD-t\u00f3l a Patriot \u00fctegekig \u2013 val\u00f3s id\u0151ben tesztelik.<\/p>\n\n\n\n<p>Nemr\u00e9g a Perzsa-\u00f6b\u00f6l menti lakosok rak\u00e9t\u00e1kat \u00e9s dr\u00f3nokat l\u00e1ttak \u00e1tsuhanni az \u00e9jszakai \u00e9gbolton \u2013 n\u00e9ha m\u00e1sodpercekkel k\u00e9s\u0151bb f\u00e9nyes villan\u00e1sok k\u00f6vett\u00e9k, ahogy a l\u00e9gv\u00e9delmi rendszerek elfogt\u00e1k \u0151ket. Olyan v\u00e1rosokban, mint Dubai \u00e9s Abu-Dzabi, az elfog\u00e1sokr\u00f3l k\u00e9sz\u00fclt vide\u00f3k gyorsan elterjedtek a k\u00f6z\u00f6ss\u00e9gi m\u00e9di\u00e1ban, \u00e9s egy nagyr\u00e9szt l\u00e1thatatlan biztons\u00e1gi architekt\u00far\u00e1t hirtelen l\u00e1that\u00f3v\u00e1 tettek.<\/p>\n\n\n\n<p>A hat\u00f3s\u00e1gok arra k\u00e9rt\u00e9k az embereket, hogy ne filmezzenek \u00e9s ne osszanak meg online felv\u00e9teleket radarokr\u00f3l vagy katonai tev\u00e9kenys\u00e9gekr\u0151l, figyelmeztetve, hogy az ilyen vide\u00f3k bizalmas inform\u00e1ci\u00f3kat fedhetnek fel a v\u00e9delmi m\u0171veletekr\u0151l.<\/p>\n\n\n\n<p>Ir\u00e1n rak\u00e9t\u00e1kat \u00e9s dr\u00f3nokat l\u0151tt ki t\u00f6bb Perzsa-\u00f6b\u00f6l menti orsz\u00e1gra, v\u00e1laszul az amerikai-izraeli csap\u00e1sokra, amelyekben meghalt Ali Hamenei ir\u00e1ni legfels\u0151bb vezet\u0151. Ezek a t\u00e1mad\u00e1sok l\u00e9gv\u00e9delmi v\u00e1laszokat v\u00e1ltottak ki a r\u00e9gi\u00f3ban.<\/p>\n\n\n\n<p>Az Egyes\u00fclt Arab Em\u00edrs\u00e9gekt\u0151l Kuvaitig \u00e9s Bahreinig a korm\u00e1nyok az elm\u00falt napokban t\u00f6bb sz\u00e1z rak\u00e9ta \u00e9s dr\u00f3n \u00e9szlel\u00e9s\u00e9r\u0151l vagy elfog\u00e1s\u00e1r\u00f3l sz\u00e1moltak be, amelyek l\u00e9gteret, katonai l\u00e9tes\u00edtm\u00e9nyeket \u00e9s infrastrukt\u00far\u00e1t vettek c\u00e9lba.<\/p>\n\n\n\n<p>\u00cdme, hogyan reag\u00e1ltak az egyes orsz\u00e1gok.<\/p>\n\n\n\n<p><strong>Egyes\u00fclt Arab Em\u00edrs\u00e9gek<\/strong><br>Az Egyes\u00fclt Arab Em\u00edrs\u00e9gek egy r\u00e9teges l\u00e9gv\u00e9delmi h\u00e1l\u00f3zatot \u00fczemeltet, amelynek c\u00e9lja a fenyeget\u00e9sek elfog\u00e1sa a rep\u00fcl\u00e9s k\u00fcl\u00f6nb\u00f6z\u0151 szakaszaiban. A legmagasabbra rep\u00fcl\u0151 a Lockheed Martin \u00e1ltal kifejlesztett THAAD (Terminal High Altitude Area Defense) rendszer, amelyet a ballisztikus rak\u00e9t\u00e1k lesz\u00e1ll\u00e1s\u00e1nak utols\u00f3 f\u00e1zis\u00e1ban, \u201ec\u00e9lzott\u201d m\u00f3dszerrel, azaz k\u00f6zvetlen becsap\u00f3d\u00e1ssal, nem pedig robban\u00f3fejjel semmis\u00edtve meg a c\u00e9lpontot.<\/p>\n\n\n\n<p>A f\u00f6ldh\u00f6z k\u00f6zelebb, a Raytheon \u00e1ltal fejlesztett Patriot rak\u00e9tav\u00e9delmi \u00fctegek egy tov\u00e1bbi r\u00e9teget biztos\u00edtanak, amelyek k\u00e9pesek alacsonyabb magass\u00e1gban l\u00e9v\u0151 rak\u00e9t\u00e1kat \u00e9s m\u00e1s l\u00e9gi fenyeget\u00e9seket elfogni. A radarh\u00e1l\u00f3zatok t\u00f6bb sz\u00e1z kilom\u00e9terre is \u00e9rz\u00e9kelik a kil\u00f6v\u00e9seket, lehet\u0151v\u00e9 t\u00e9ve az \u00fczemeltet\u0151k sz\u00e1m\u00e1ra, hogy perceken bel\u00fcl kisz\u00e1m\u00edts\u00e1k a r\u00f6pp\u00e1ly\u00e1t \u00e9s elind\u00edts\u00e1k az elfog\u00f3 rak\u00e9t\u00e1kat.<\/p>\n\n\n\n<p>Az cikk megjelen\u00e9sekor az Egyes\u00fclt Arab Em\u00edrs\u00e9gek V\u00e9delmi Miniszt\u00e9riuma k\u00f6z\u00f6lte , hogy a febru\u00e1r 28-i eszkal\u00e1ci\u00f3 kezdete \u00f3ta 196 ballisztikus rak\u00e9t\u00e1t \u00e9szleltek az orsz\u00e1g fel\u00e9 tartva. Ezek k\u00f6z\u00fcl 181-et l\u00e9gv\u00e9delmi rendszerek semmis\u00edtettek meg, 13 a tengerbe zuhant, 2 rak\u00e9ta pedig az Egyes\u00fclt Arab Em\u00edrs\u00e9gek ter\u00fclet\u00e9n csap\u00f3dott be. A t\u00e1mad\u00e1sok h\u00e1rom hal\u00e1los \u00e1ldozatot k\u00f6veteltek \u00e9s 78 s\u00e9r\u00fcltet, akiket t\u00f6bbnyire t\u00f6rmel\u00e9khull\u00e1sok, nem pedig k\u00f6zvetlen rak\u00e9tabecsap\u00f3d\u00e1sok okoztak.<\/p>\n\n\n\n<p>A t\u00e1mad\u00e1sok a digit\u00e1lis infrastrukt\u00far\u00e1t is \u00e9rintett\u00e9k. Az Amazon Web Services egyes\u00fclt arab em\u00edrs\u00e9gekbeli \u00e9s bahreini l\u00e9tes\u00edtm\u00e9nyeit k\u00f6zvetlen\u00fcl \u00e9rte a t\u00e1mad\u00e1s, szerkezeti k\u00e1rokat \u00e9s \u00e1ramkimarad\u00e1sokat okozva.<\/p>\n\n\n\n<p>A magas sz\u00e1m\u00fa radar \u00e9szlel\u00e9si adatok r\u00e1vil\u00e1g\u00edtanak a r\u00e9gi\u00f3 r\u00e9tegzett v\u00e9delmi architekt\u00far\u00e1j\u00e1nak hat\u00e9konys\u00e1g\u00e1ra, de azt is felt\u00e1rj\u00e1k, hogy milyen terhel\u00e9s nehezedik ezekre a rendszerekre, amikor a t\u00e1mad\u00e1sok ism\u00e9tl\u0151d\u0151 hull\u00e1mokban t\u00f6rt\u00e9nnek.<\/p>\n\n\n\n<p>\u201eA Perzsa-\u00f6b\u00f6l rak\u00e9tav\u00e9delmi teljes\u00edtm\u00e9ny\u00e9t taktikailag alkalmasnak, de strat\u00e9giailag t\u00falterheltnek \u00e9rt\u00e9keln\u00e9m\u201d \u2013 mondja Andreas Krieg, a londoni King&#8217;s College V\u00e9delmi Tanulm\u00e1nyok Tansz\u00e9k\u00e9nek docense.<\/p>\n\n\n\n<p>\u201eEnnek az eszkal\u00e1ci\u00f3nak a val\u00f3di t\u00f6rt\u00e9nete nem az, hogy a Perzsa-\u00f6b\u00f6lbeli t\u00e9rs\u00e9g k\u00e9pes-e elfogni a t\u00e1mad\u00e1sokat\u201d \u2013 mondja. \u201eAz a k\u00e9rd\u00e9s, hogy k\u00e9pes-e fenntartani az elfog\u00e1st a t\u00e1mad\u00e1sok \u00e1ltal teremtett temp\u00f3ban.\u201d<\/p>\n\n\n\n<p>Krieg megjegyzi, hogy a rak\u00e9tav\u00e9delem egyre ink\u00e1bb nemcsak a technol\u00f3gia, hanem a kitart\u00e1s versenye is. Az elfog\u00f3 vad\u00e1szg\u00e9pek darabonk\u00e9nt t\u00f6bb milli\u00f3 doll\u00e1rba is ker\u00fclhetnek, m\u00edg a t\u00e1mad\u00e1sokban haszn\u00e1lt dr\u00f3nok k\u00f6z\u00fcl sok ennek t\u00f6red\u00e9k\u00e9be ker\u00fcl.<\/p>\n\n\n\n<p>Elh\u00faz\u00f3d\u00f3 konfliktusokban az elfog\u00f3 vad\u00e1szg\u00e9pek k\u00e9szlet\u00e9nek fenntart\u00e1sa \u00e9s a v\u00e9delem \u00f6sszehangol\u00e1sa t\u00f6bb helysz\u00ednen jelent\u0151s strat\u00e9giai kih\u00edv\u00e1ss\u00e1 v\u00e1lik. \u201eAmint ism\u00e9tl\u0151d\u0151 rajta\u00fct\u00e9sekbe, vegyes sort\u0171zekbe \u00e9s hossz\u00fa t\u00e1v\u00fa dr\u00f3nnyom\u00e1sba kevered\u00fcnk, a korl\u00e1toz\u00f3 t\u00e9nyez\u0151v\u00e9 a l\u0151szerek mennyis\u00e9ge, az ut\u00e1np\u00f3tl\u00e1s sebess\u00e9ge, valamint a nagyon dr\u00e1ga elfog\u00f3 vad\u00e1szg\u00e9pek olcs\u00f3, \u00e1lland\u00f3 fenyeget\u00e9sekkel szembeni haszn\u00e1lat\u00e1nak gazdas\u00e1goss\u00e1ga v\u00e1lik\u201d \u2013 mondja.<\/p>\n\n\n\n<p>Az Egyes\u00fclt Arab Em\u00edrs\u00e9gek t\u00f6bb mint egy \u00e9vtizedet t\u00f6lt\u00f6tt rak\u00e9tav\u00e9delmi architekt\u00far\u00e1j\u00e1nak ki\u00e9p\u00edt\u00e9s\u00e9vel, jelent\u0151s \u00f6sszegeket fektetve be olyan rendszerekbe, mint a THAAD \u00e9s a Patriot, \u00e9s integr\u00e1lva azokat a region\u00e1lis radar- \u00e9s korai figyelmeztet\u0151 h\u00e1l\u00f3zatokkal.<\/p>\n\n\n\n<p><strong>Sza\u00fad-Ar\u00e1bia<\/strong><br>Sza\u00fad-Ar\u00e1bia m\u0171k\u00f6dteti a K\u00f6zel-Kelet egyik legnagyobb l\u00e9gv\u00e9delmi h\u00e1l\u00f3zat\u00e1t, amelyet a v\u00e1rosaik \u00e9s energetikai infrastrukt\u00far\u00e1jukat c\u00e9lz\u00f3 rak\u00e9ta- \u00e9s dr\u00f3nt\u00e1mad\u00e1sok elleni \u00e9vek \u00f3ta tart\u00f3 fejleszt\u00e9ssel alak\u00edtott ki.<\/p>\n\n\n\n<p>A kir\u00e1lys\u00e1g nagym\u00e9rt\u00e9kben t\u00e1maszkodik a Patriot rak\u00e9tav\u00e9delmi rendszerre, amelyet radarh\u00e1l\u00f3zatok \u00e9s tov\u00e1bbi l\u00e9gv\u00e9delmi eszk\u00f6z\u00f6k t\u00e1mogatnak, amelyek c\u00e9lja a nagyobb n\u00e9ps\u0171r\u0171s\u00e9g\u0171 k\u00f6zpontokat \u00e9s olajl\u00e9tes\u00edtm\u00e9nyeket megk\u00f6zel\u00edt\u0151 ballisztikus rak\u00e9t\u00e1k \u00e9s l\u00e9gi fenyeget\u00e9sek elfog\u00e1sa. Emellett \u00fczemelteti a PAC-3 MSE elfog\u00f3rak\u00e9t\u00e1t is, egy fejlettebb Patriot rak\u00e9t\u00e1t, amelyet a Lockheed Martin fejlesztett ki, \u00e9s amelynek c\u00e9lja a be\u00e9rkez\u0151 ballisztikus rak\u00e9t\u00e1k k\u00f6zvetlen becsap\u00f3d\u00e1ssal t\u00f6rt\u00e9n\u0151 megsemmis\u00edt\u00e9se.<\/p>\n\n\n\n<p>A cikk \u00edr\u00e1sakor a sza\u00fadi hat\u00f3s\u00e1gok t\u00f6bb, a kir\u00e1lys\u00e1g l\u00e9gter\u00e9be bel\u00e9p\u0151 rak\u00e9ta \u00e9s dr\u00f3n elfog\u00e1s\u00e1r\u00f3l sz\u00e1moltak be. Egy nemr\u00e9giben t\u00f6rt\u00e9nt incidens sor\u00e1n kilenc dr\u00f3nt fogtak el \u00e9s semmis\u00edtettek meg r\u00f6viddel a sza\u00fadi l\u00e9gt\u00e9rbe val\u00f3 bel\u00e9p\u00e9s ut\u00e1n. A tisztvisel\u0151k azt is k\u00f6z\u00f6lt\u00e9k, hogy k\u00e9t cirk\u00e1l\u00f3rak\u00e9t\u00e1t fogtak el Al-Kharj korm\u00e1nyz\u00f3s\u00e1gban.<\/p>\n\n\n\n<p>M\u00e1s t\u00e1mad\u00e1sok a kritikus energetikai infrastrukt\u00far\u00e1t vett\u00e9k c\u00e9lba. A l\u00e9gv\u00e9delmi rendszerek elfogt\u00e1k a Ras Tanura olajfinom\u00edt\u00f3hoz k\u00f6zeled\u0151 dr\u00f3nokat, b\u00e1r a lehull\u00f3 t\u00f6rmel\u00e9kek kisebb t\u00fczet okoztak, amelyet gyorsan megf\u00e9keztek. Napokkal k\u00e9s\u0151bb a Ras Tanura komplexumot ism\u00e9t eltal\u00e1lta egy azonos\u00edtatlan l\u00f6ved\u00e9k \u2013 k\u00f6z\u00f6lt\u00e9k a Reuters \u00e1ltal id\u00e9zett forr\u00e1sok \u2013, ami r\u00e1vil\u00e1g\u00edt arra, hogy a kir\u00e1lys\u00e1g energetikai l\u00e9tes\u00edtm\u00e9nyei tov\u00e1bbra is vesz\u00e9lyben vannak az akt\u00edv l\u00e9gv\u00e9delmi m\u0171veletek ellen\u00e9re.<\/p>\n\n\n\n<p>Nagy ter\u00fcletek v\u00e9delme az ism\u00e9tl\u0151d\u0151 rak\u00e9ta- \u00e9s dr\u00f3nt\u00e1mad\u00e1sokkal szemben tov\u00e1bbra is neh\u00e9z feladat. \u201eM\u00e9g ha a \u00e9szlel\u00e9si ar\u00e1ny pap\u00edron j\u00f3l is n\u00e9z ki, a t\u00e1mad\u00f3nak nincs sz\u00fcks\u00e9ge t\u00f6k\u00e9letes sikerre\u201d \u2013 mondja Krieg. \u201eN\u00e9h\u00e1ny behatol\u00e1sra, valamint f\u00e9lelemre \u00e9s zavarokra van sz\u00fcks\u00e9ge a strat\u00e9giai hat\u00e1s el\u00e9r\u00e9s\u00e9hez.\u201d Sza\u00fad-Ar\u00e1bia f\u00f6ldrajza tov\u00e1bb n\u00f6veli a kih\u00edv\u00e1st: a nagyobb v\u00e1rosok, katonai l\u00e9tes\u00edtm\u00e9nyek \u00e9s energiainfrastrukt\u00fara hatalmas t\u00e1vols\u00e1gokra terjednek ki, kiterjesztve azt a ter\u00fcletet, amelyet a l\u00e9gv\u00e9delmi rendszereknek v\u00e9deni\u00fck kell.<\/p>\n\n\n\n<p><strong>Katar<\/strong><br>Katar l\u00e9gv\u00e9delmi politik\u00e1ja szorosan kapcsol\u00f3dik a t\u00e1gabb region\u00e1lis biztons\u00e1gi architekt\u00far\u00e1hoz, k\u00fcl\u00f6n\u00f6sen az Al Udeid l\u00e9gib\u00e1zison kereszt\u00fcl, amely a legnagyobb amerikai katonai l\u00e9tes\u00edtm\u00e9ny a K\u00f6zel-Keleten.<\/p>\n\n\n\n<p>T\u00f6bb m\u00e1s Perzsa-\u00f6b\u00f6l menti \u00e1llamhoz hasonl\u00f3an Katar is \u00fczemelteti a Raytheon \u00e1ltal gy\u00e1rtott Patriot rak\u00e9tav\u00e9delmi rendszert.<\/p>\n\n\n\n<p>Katar szerepe a region\u00e1lis v\u00e9delmi h\u00e1l\u00f3zatban t\u00falmutat a saj\u00e1t l\u00e9gter\u00e9nek v\u00e9delm\u00e9n. Az Al Udeidben tal\u00e1lhat\u00f3 \u00e9rz\u00e9kel\u0151k \u00e9s radarrendszerek \u2013 mint p\u00e9ld\u00e1ul az AN\/FPS-132 \u2013 hozz\u00e1j\u00e1rulnak a sz\u00e9lesebb k\u00f6r\u0171 korai figyelmeztet\u0151 lefedetts\u00e9ghez az \u00d6b\u00f6l-t\u00e9rs\u00e9gben, seg\u00edtve a rak\u00e9taind\u00edt\u00e1sok \u00e9szlel\u00e9s\u00e9t \u00e9s a nyomk\u00f6vet\u00e9si adatok megoszt\u00e1s\u00e1t a r\u00e9gi\u00f3ban m\u0171k\u00f6d\u0151 sz\u00f6vets\u00e9ges er\u0151kkel.<\/p>\n\n\n\n<p>Krieg szerint az ilyen jelleg\u0171 integr\u00e1ci\u00f3 a Perzsa-\u00f6b\u00f6l l\u00e9gv\u00e9delmi architekt\u00far\u00e1j\u00e1nak egyik er\u0151ss\u00e9ge. \u201eAz integr\u00e1ci\u00f3 az \u201e\u00e9rz\u00e9kel\u00e9s\u201d \u00e9s a \u201emegoszt\u00e1s\u201d r\u00e9tegekn\u00e9l a leger\u0151sebb \u2013 korai figyelmeztet\u00e9s, nyomon k\u00f6vet\u00e9s, h\u00edrszerz\u00e9si f\u00fazi\u00f3 \u00e9s operat\u00edv koordin\u00e1ci\u00f3\u201d \u2013 magyar\u00e1zza.<\/p>\n\n\n\n<p>Az orsz\u00e1gok k\u00f6z\u00f6tti koordin\u00e1ci\u00f3 azonban nem mindig terjed ki mag\u00e1ra az elfog\u00e1si szakaszra. \u201eAhol hi\u00e1nyoss\u00e1gok tov\u00e1bbra is fenn\u00e1llnak, az a \u00bbl\u00f6v\u00f6ld\u00f6z\u00e9s\u00ab szintje\u201d \u2013 teszi hozz\u00e1 Krieg. A beavatkoz\u00e1si hat\u00f3s\u00e1gok nagyr\u00e9szt nemzeti d\u00f6nt\u00e9sek, ami azt jelenti, hogy v\u00e9gs\u0151 soron minden orsz\u00e1g ellen\u0151rzi, hogy mikor \u00e9s hogyan reag\u00e1lnak rendszerei a bej\u00f6v\u0151 fenyeget\u00e9sekre.<\/p>\n\n\n\n<p>A cikk \u00edr\u00e1sakor Katar a helyzet eszkal\u00e1ci\u00f3ja sor\u00e1n sz\u00e1mos l\u00e9gi fenyeget\u00e9st \u00e9szlelt \u00e9s elfogott, bele\u00e9rtve az orsz\u00e1g fel\u00e9 ind\u00edtott 101 ballisztikus rak\u00e9t\u00e1b\u00f3l 98-at, 3 cirk\u00e1l\u00f3rak\u00e9t\u00e1t \u00e9s a detekt\u00e1lt 39 dr\u00f3nb\u00f3l 24-et.<\/p>\n\n\n\n<p><strong>Kuvait<\/strong><br>Kuvait szint\u00e9n aktiv\u00e1lta l\u00e9gv\u00e9delmi rendszereit, mivel a t\u00e1mad\u00e1sok elterjedtek az \u00d6b\u00f6l-t\u00e9rs\u00e9gben. A legt\u00f6bb szomsz\u00e9dj\u00e1hoz hasonl\u00f3an az orsz\u00e1g is \u00fczemelteti az amerikai gy\u00e1rtm\u00e1ny\u00fa Patriot rak\u00e9tav\u00e9delmi rendszert, amelyet a lakott k\u00f6zpontokat \u00e9s a kritikus infrastrukt\u00far\u00e1t megk\u00f6zel\u00edt\u0151 ballisztikus rak\u00e9t\u00e1k \u00e9s m\u00e1s l\u00e9gi fenyeget\u00e9sek elfog\u00e1s\u00e1ra terveztek.<\/p>\n\n\n\n<p>A cikk \u00edr\u00e1sakor a kuvaiti hat\u00f3s\u00e1gok t\u00f6bb dr\u00f3n \u00e9s rak\u00e9ta elfog\u00e1s\u00e1r\u00f3l sz\u00e1moltak be a legut\u00f3bbi eszkal\u00e1ci\u00f3 sor\u00e1n. Egyes esetekben a lehull\u00f3 t\u00f6rmel\u00e9kek k\u00e1rokat \u00e9s \u00e1ldozatokat okoztak.<\/p>\n\n\n\n<p>M\u00e9g ha egy rak\u00e9t\u00e1t sikeresen megsemmis\u00edtenek is a leveg\u0151ben, az elfog\u00f3 vad\u00e1szg\u00e9p vagy a be\u00e9rkez\u0151 fegyver repeszdarabjai nagy sebess\u00e9ggel hullhatnak vissza a f\u00f6ldre, vesz\u00e9lyt jelentve a civilekre \u00e9s az infrastrukt\u00far\u00e1ra.<\/p>\n\n\n\n<p><strong>Bahrein<\/strong><br>Bahrein ad otthont az amerikai haditenger\u00e9szet \u00f6t\u00f6dik flott\u00e1j\u00e1nak f\u0151hadisz\u00e1ll\u00e1s\u00e1nak , \u00edgy a r\u00e9gi\u00f3 egyik legfontosabb strat\u00e9giai katonai helysz\u00edne.<\/p>\n\n\n\n<p>T\u00f6bb m\u00e1s Perzsa-\u00f6b\u00f6l menti \u00e1llamhoz hasonl\u00f3an Bahrein is \u00fczemeltet Patriot rak\u00e9tav\u00e9delmi rendszert, bele\u00e9rtve a PAC-3 elfog\u00f3 rak\u00e9t\u00e1kat is. Ezek a rendszerek a radarokkal \u00e9s a korai figyelmeztet\u0151 h\u00e1l\u00f3zatokkal egy\u00fctt m\u0171k\u00f6dnek, amelyek az orsz\u00e1got megk\u00f6zel\u00edt\u0151 l\u00e9gi fenyeget\u00e9seket figyelik. A cikk \u00edr\u00e1sakor a hat\u00f3s\u00e1gok k\u00f6zl\u00e9se szerint a bahreini l\u00e9gv\u00e9delmi rendszerek 75 rak\u00e9t\u00e1t \u00e9s 123 dr\u00f3nt fogtak el a t\u00e1mad\u00e1sok kezdete \u00f3ta. Azonban nem siker\u00fclt minden bej\u00f6v\u0151 fenyeget\u00e9st meg\u00e1ll\u00edtani. Egy incidens sor\u00e1n egy dr\u00f3n eltal\u00e1lt egy \u00e9p\u00fcletet a f\u0151v\u00e1rosban, Man\u00e1m\u00e1ban, egy ember hal\u00e1l\u00e1t \u00e9s anyagi k\u00e1rt okozva.<\/p>\n\n\n\n<p>A Nemzetk\u00f6zi Strat\u00e9giai Tanulm\u00e1nyok Int\u00e9zete megjegyezte, hogy a kisebb Perzsa-\u00f6b\u00f6l menti \u00e1llamok struktur\u00e1lis v\u00e9delmi korl\u00e1tokkal szembes\u00fclnek korl\u00e1tozott m\u00e9ret\u00fck \u00e9s katonai erej\u00fck miatt. Bahreinben a sziget kis f\u00f6ldrajzi kiterjed\u00e9se kev\u00e9s v\u00e9delmet biztos\u00edt a bej\u00f6v\u0151 fenyeget\u00e9sek \u00e9s a s\u0171r\u0171n lakott ter\u00fcletek miatt, ami azt jelenti, hogy a radar \u00e9szlel\u00e9sek gyakran a v\u00e1rosi ter\u00fcletekhez k\u00f6zelebb t\u00f6rt\u00e9nnek.<\/p>\n\n\n\n<p>Az incidens r\u00e1vil\u00e1g\u00edt m\u00e9g a fejlett rak\u00e9tav\u00e9delmi rendszerek korl\u00e1taira is. M\u00edg sok bej\u00f6v\u0151 fenyeget\u00e9st el lehet h\u00e1r\u00edtani, miel\u0151tt el\u00e9rn\u00e9 a c\u00e9lpontj\u00e1t, a hull\u00e1mokban, t\u00f6bb orsz\u00e1gon \u00e1t\u00edvel\u0151 t\u00e1mad\u00e1sok azt is eredm\u00e9nyezhetik, hogy n\u00e9h\u00e1ny fenyeget\u00e9s \u00e1tjut.<\/p>\n\n\n\n<p><strong>Om\u00e1n<\/strong><br>Om\u00e1n szerepe az eszkal\u00e1ci\u00f3ban elt\u00e9r sz\u00e1mos szomsz\u00e9dj\u00e1t\u00f3l, r\u00e9szben az\u00e9rt, mert az orsz\u00e1g nem \u00fczemeltet az amerikai gy\u00e1rtm\u00e1ny\u00fa Patriot rak\u00e9tav\u00e9delmi rendszert, amelyet az \u00d6b\u00f6l-t\u00e9rs\u00e9g nagy r\u00e9sz\u00e9n haszn\u00e1lnak.<\/p>\n\n\n\n<p>Ehelyett Om\u00e1n r\u00f6videbb hat\u00f3t\u00e1vols\u00e1g\u00fa l\u00e9gv\u00e9delmi rendszerekre t\u00e1maszkodik, mint p\u00e9ld\u00e1ul a norv\u00e9g fejlett f\u00f6ld-leveg\u0151 rak\u00e9tarendszer, valamint a partvonal\u00e1hoz \u00e9s strat\u00e9giai kik\u00f6t\u0151ihez k\u00f6zeled\u0151 l\u00e9gi fenyeget\u00e9sek megfigyel\u00e9s\u00e9re szolg\u00e1l\u00f3 radarh\u00e1l\u00f3zatokra.<\/p>\n\n\n\n<p>A cikk \u00edr\u00e1sakor az orsz\u00e1got tengeri infrastrukt\u00fara elleni t\u00e1mad\u00e1sok is \u00e9rt\u00e9k. Om\u00e1n Duqm kereskedelmi kik\u00f6t\u0151j\u00e9t t\u00f6bb dr\u00f3nt\u00e1mad\u00e1s is eltal\u00e1lta. Az om\u00e1ni hat\u00f3s\u00e1gok azt is k\u00f6z\u00f6lt\u00e9k, hogy legal\u00e1bb egy, a Hormuzi-szorosban tal\u00e1lhat\u00f3 Khasab kik\u00f6t\u0151je k\u00f6zel\u00e9ben l\u00e9v\u0151 olajsz\u00e1ll\u00edt\u00f3 tart\u00e1lyhaj\u00f3t is c\u00e9lba vettek az eszkal\u00e1ci\u00f3 sor\u00e1n.<\/p>\n\n\n\n<p>Az incidensek r\u00e1vil\u00e1g\u00edtanak arra, hogy a Perzsa-\u00f6b\u00f6l menti t\u00e1mad\u00e1sok t\u00falmutattak a nagyobb v\u00e1rosokon \u00e9s katonai l\u00e9tes\u00edtm\u00e9nyeken, \u00e9s a haj\u00f3z\u00e1si \u00fatvonalakat \u00e9s az energetikai infrastrukt\u00far\u00e1t is magukban foglalt\u00e1k \u2013 a glob\u00e1lis olajell\u00e1t\u00e1si l\u00e1nc kritikus csom\u00f3pontjait.<\/p>\n\n\n\n<p><strong>Jord\u00e1nia<\/strong><br>Jord\u00e1nia a helyzet eszkal\u00e1ci\u00f3ja sor\u00e1n aktiv\u00e1lta l\u00e9gv\u00e9delmi rendszereit is, elfogva a l\u00e9gter\u00e9t \u00e1tl\u00e9p\u0151 vagy megs\u00e9rt\u0151 rak\u00e9t\u00e1kat \u00e9s dr\u00f3nokat, mik\u00f6zben a t\u00e1mad\u00e1sok elterjedtek a r\u00e9gi\u00f3ban.<\/p>\n\n\n\n<p>A cikk \u00edr\u00e1sakor a hadsereg t\u00f6bb tucat bej\u00f6v\u0151 fenyeget\u00e9s elh\u00e1r\u00edt\u00e1s\u00e1r\u00f3l \u00e9s legal\u00e1bb 13 ballisztikus rak\u00e9ta , valamint 49 dr\u00f3n elfog\u00e1s\u00e1r\u00f3l sz\u00e1molt be. A t\u00f6rmel\u00e9k anyagi k\u00e1rt okozott, de \u00e1ldozatokr\u00f3l nem \u00e9rkezett jelent\u00e9s.<\/p>\n\n\n\n<p>Jord\u00e1nia f\u00f6ldrajzi elhelyezked\u00e9se miatt, Ir\u00e1n \u00e9s Izrael k\u00f6z\u00f6tt, az eszkal\u00e1ci\u00f3 sor\u00e1n ind\u00edtott rak\u00e9t\u00e1k egy r\u00e9sze \u00e1tl\u00e9pte Jord\u00e1nia l\u00e9gter\u00e9t. Elfog\u00e1suk els\u0151dleges c\u00e9lja, hogy megakad\u00e1lyozz\u00e1k a t\u00f6rmel\u00e9kek vagy a be\u00e9rkez\u0151 fegyverek lakott ter\u00fcletekre t\u00f6rt\u00e9n\u0151 becsap\u00f3d\u00e1s\u00e1t.<\/p>\n\n\n\n<p>\u201eA l\u00e9gter\u00e9t \u00e1tl\u00e9p\u0151 l\u00f6ved\u00e9kek elfog\u00e1sa alapvet\u0151 ter\u00fcleti v\u00e9delem\u201d \u2013 mondja Krieg.<\/p>\n\n\n\n<p>A legut\u00f3bbi t\u00e1mad\u00e1sok a Perzsa-\u00f6b\u00f6l t\u00e9rs\u00e9g\u00e9t a rak\u00e9tav\u00e9delmi rendszerek val\u00f3s idej\u0171 tesztj\u00e9v\u00e9 tett\u00e9k. A radarh\u00e1l\u00f3zatok, az elfog\u00f3 rak\u00e9t\u00e1k \u00e9s a r\u00e9tegzett l\u00e9gv\u00e9delmi rendszerek sok esetben sokkal nagyobb k\u00e1rokat akad\u00e1lyoztak meg. Az elm\u00falt h\u00e9t azonban azt is megmutatta, hogy m\u00e9g a fejlett rendszerek sem tudj\u00e1k teljesen kik\u00fcsz\u00f6b\u00f6lni a kock\u00e1zatot, amikor a t\u00e1mad\u00e1sok ism\u00e9tl\u0151d\u0151 hull\u00e1mokban \u00e9rkeznek t\u00f6bb orsz\u00e1gon kereszt\u00fcl.<\/p>\n\n\n\n<p><mark style=\"background-color:#9b51e0\" class=\"has-inline-color has-white-color\">Tov\u00e1bb a cikkre:<\/mark> <a href=\"https:\/\/www.wired.com\/story\/how-each-gulf-country-is-intercepting-iranian-missiles-and-drones\/\" target=\"_blank\" rel=\"noreferrer noopener\">wired.com<\/a> (Dana Alomar)<\/p>\n","protected":false},"excerpt":{"rendered":"<p>Mik\u00f6zben rak\u00e9t\u00e1k \u00e9s dr\u00f3nok szelik \u00e1t a r\u00e9gi\u00f3 eg\u00e9t, a Perzsa-\u00f6b\u00f6l r\u00e9tegzett l\u00e9gv\u00e9delmi h\u00e1l\u00f3zatait \u2013 a THAAD-t\u00f3l a Patriot \u00fctegekig&hellip;<\/p>\n","protected":false},"author":1,"featured_media":7125,"comment_status":"closed","ping_status":"closed","sticky":false,"template":"","format":"standard","meta":{"footnotes":""},"categories":[58],"tags":[],"class_list":["post-7123","post","type-post","status-publish","format-standard","has-post-thumbnail","hentry","category-dron-hadsereg"],"_links":{"self":[{"href":"https:\/\/digitalnews.hu\/index.php?rest_route=\/wp\/v2\/posts\/7123","targetHints":{"allow":["GET"]}}],"collection":[{"href":"https:\/\/digitalnews.hu\/index.php?rest_route=\/wp\/v2\/posts"}],"about":[{"href":"https:\/\/digitalnews.hu\/index.php?rest_route=\/wp\/v2\/types\/post"}],"author":[{"embeddable":true,"href":"https:\/\/digitalnews.hu\/index.php?rest_route=\/wp\/v2\/users\/1"}],"replies":[{"embeddable":true,"href":"https:\/\/digitalnews.hu\/index.php?rest_route=%2Fwp%2Fv2%2Fcomments&post=7123"}],"version-history":[{"count":12,"href":"https:\/\/digitalnews.hu\/index.php?rest_route=\/wp\/v2\/posts\/7123\/revisions"}],"predecessor-version":[{"id":7137,"href":"https:\/\/digitalnews.hu\/index.php?rest_route=\/wp\/v2\/posts\/7123\/revisions\/7137"}],"wp:featuredmedia":[{"embeddable":true,"href":"https:\/\/digitalnews.hu\/index.php?rest_route=\/wp\/v2\/media\/7125"}],"wp:attachment":[{"href":"https:\/\/digitalnews.hu\/index.php?rest_route=%2Fwp%2Fv2%2Fmedia&parent=7123"}],"wp:term":[{"taxonomy":"category","embeddable":true,"href":"https:\/\/digitalnews.hu\/index.php?rest_route=%2Fwp%2Fv2%2Fcategories&post=7123"},{"taxonomy":"post_tag","embeddable":true,"href":"https:\/\/digitalnews.hu\/index.php?rest_route=%2Fwp%2Fv2%2Ftags&post=7123"}],"curies":[{"name":"wp","href":"https:\/\/api.w.org\/{rel}","templated":true}]}}