{"id":7179,"date":"2026-03-13T20:50:41","date_gmt":"2026-03-13T18:50:41","guid":{"rendered":"https:\/\/digitalnews.hu\/?p=7179"},"modified":"2026-03-13T20:50:41","modified_gmt":"2026-03-13T18:50:41","slug":"milliardokat-ont-lengyelorszagba-a-vilag-egyik-legnagyobb-e-kereskedelmi-vallalata","status":"publish","type":"post","link":"https:\/\/digitalnews.hu\/?p=7179","title":{"rendered":"Milli\u00e1rdokat \u00f6nt Lengyelorsz\u00e1gba a vil\u00e1g egyik legnagyobb e-kereskedelmi v\u00e1llalata"},"content":{"rendered":"\n<p>Kor\u00e1bban is hatalmas fejleszt\u00e9seket vittek v\u00e9ghez az orsz\u00e1gban.<\/p>\n\n\n\n<p>Mi t\u00f6rt\u00e9nt? A vil\u00e1g egyik legnagyobb e-kereskedelmi v\u00e1llalata, az Amazon bejelentette, hogy 2026 \u00e9s 2028 k\u00f6z\u00f6tt \u00f6sszesen 23 milli\u00e1rd zlotyt (kb. 2 ezer milli\u00e1rd forint) fektet be Lengyelorsz\u00e1gban, \u00edrja a Reuters.<\/p>\n\n\n\n<p>R\u00e9szletek. Ez az \u00f6sszeg alacsonyabb az el\u0151z\u0151, 2012\u20132025-\u00f6s id\u0151szak 45 milli\u00e1rd zlotys befektet\u00e9s\u00e9hez k\u00e9pest, viszont ez\u00fattal gyors\u00edtanak a befektet\u00e9si \u00fctemen. Mariangela Marseglia, a c\u00e9g uni\u00f3s \u00e1ruh\u00e1zak\u00e9rt felel\u0151s aleln\u00f6ke jelentette be a h\u00edrt cs\u00fct\u00f6rt\u00f6k\u00f6n egy Vars\u00f3ban tartott prezent\u00e1ci\u00f3 sor\u00e1n.<\/p>\n\n\n\n<p>Kontextus. Legut\u00f3bb janu\u00e1r v\u00e9g\u00e9n \u00edrtunk a c\u00e9gr\u0151l, akkor az\u00e9rt, mert bejelentett\u00e9k, hogy t\u00f6bb tucat <a href=\"https:\/\/www.forbes.hu\/penz\/boltokat-zarnak-be-hazakuldenek-16-ezer-embert-igy-lett-megint-dobogos-dollarmilliardos-az-amazon-alapitoja\/\" target=\"_blank\" rel=\"noreferrer noopener\">kiskereskedelmi \u00fczlet\u00fcket bez\u00e1rj\u00e1k<\/a>. Ugyanis az Amazon Go \u00e9s az Amazon Fresh \u00fczletek helyett egy m\u00e1sik \u00fczlet\u00e1gra, a Whole Foods Marketekre, valamint az aznapi kisz\u00e1ll\u00edt\u00e1sokra helyezik a f\u00f3kuszt.<\/p>\n\n\n\n<p><mark style=\"background-color:#9b51e0\" class=\"has-inline-color has-white-color\">Tov\u00e1bb a cikkre:<\/mark> <a href=\"https:\/\/www.forbes.hu\/uzlet\/milliardok-lengyelorszag-e-kereskedelmi-vallalat-amazon\/\" target=\"_blank\" rel=\"noreferrer noopener\">forbes.hu<\/a> \u00e9s <a href=\"https:\/\/www.reuters.com\/business\/retail-consumer\/amazon-plans-invest-23-bln-zlotys-poland-2026-2028-2026-03-12\/\" target=\"_blank\" rel=\"noreferrer noopener\">reuters.com<\/a><\/p>\n","protected":false},"excerpt":{"rendered":"<p>Kor\u00e1bban is hatalmas fejleszt\u00e9seket vittek v\u00e9ghez az orsz\u00e1gban. Mi t\u00f6rt\u00e9nt? A vil\u00e1g egyik legnagyobb e-kereskedelmi v\u00e1llalata, az Amazon bejelentette, hogy&hellip;<\/p>\n","protected":false},"author":1,"featured_media":7180,"comment_status":"closed","ping_status":"closed","sticky":false,"template":"","format":"standard","meta":{"footnotes":""},"categories":[54],"tags":[],"class_list":["post-7179","post","type-post","status-publish","format-standard","has-post-thumbnail","hentry","category-e-kereskedelem"],"_links":{"self":[{"href":"https:\/\/digitalnews.hu\/index.php?rest_route=\/wp\/v2\/posts\/7179","targetHints":{"allow":["GET"]}}],"collection":[{"href":"https:\/\/digitalnews.hu\/index.php?rest_route=\/wp\/v2\/posts"}],"about":[{"href":"https:\/\/digitalnews.hu\/index.php?rest_route=\/wp\/v2\/types\/post"}],"author":[{"embeddable":true,"href":"https:\/\/digitalnews.hu\/index.php?rest_route=\/wp\/v2\/users\/1"}],"replies":[{"embeddable":true,"href":"https:\/\/digitalnews.hu\/index.php?rest_route=%2Fwp%2Fv2%2Fcomments&post=7179"}],"version-history":[{"count":1,"href":"https:\/\/digitalnews.hu\/index.php?rest_route=\/wp\/v2\/posts\/7179\/revisions"}],"predecessor-version":[{"id":7181,"href":"https:\/\/digitalnews.hu\/index.php?rest_route=\/wp\/v2\/posts\/7179\/revisions\/7181"}],"wp:featuredmedia":[{"embeddable":true,"href":"https:\/\/digitalnews.hu\/index.php?rest_route=\/wp\/v2\/media\/7180"}],"wp:attachment":[{"href":"https:\/\/digitalnews.hu\/index.php?rest_route=%2Fwp%2Fv2%2Fmedia&parent=7179"}],"wp:term":[{"taxonomy":"category","embeddable":true,"href":"https:\/\/digitalnews.hu\/index.php?rest_route=%2Fwp%2Fv2%2Fcategories&post=7179"},{"taxonomy":"post_tag","embeddable":true,"href":"https:\/\/digitalnews.hu\/index.php?rest_route=%2Fwp%2Fv2%2Ftags&post=7179"}],"curies":[{"name":"wp","href":"https:\/\/api.w.org\/{rel}","templated":true}]}}