{"id":7182,"date":"2026-03-13T21:10:56","date_gmt":"2026-03-13T19:10:56","guid":{"rendered":"https:\/\/digitalnews.hu\/?p=7182"},"modified":"2026-03-13T21:57:26","modified_gmt":"2026-03-13T19:57:26","slug":"mar-nem-kell-sokat-varni-es-a-mindennapjaink-resze-lesz-az-a-technologia-amivel-a-gondolatainkkal-iranyithatunk","status":"publish","type":"post","link":"https:\/\/digitalnews.hu\/?p=7182","title":{"rendered":"M\u00e1r nem kell sokat v\u00e1rni, \u00e9s a mindennapjaink r\u00e9sze lesz az a technol\u00f3gia, amivel a gondolatainkkal ir\u00e1ny\u00edthatunk"},"content":{"rendered":"\n<p>K\u00edna h\u00e1rom-\u00f6t \u00e9ven bel\u00fcl a gyakorlatban is bevetheti az agy-sz\u00e1m\u00edt\u00f3g\u00e9p interf\u00e9sz (BCI) technol\u00f3gi\u00e1t \u2013 v\u00e9li az egyik vezet\u0151 k\u00ednai szak\u00e9rt\u0151. Peking az \u00faj \u00f6t\u00e9ves terv\u00e9ben a BCI-t a j\u00f6v\u0151 kulcsfontoss\u00e1g\u00fa strat\u00e9giai ipar\u00e1gai k\u00f6z\u00e9 sorolta. Az \u00e1zsiai nagyhatalom gyors \u00fctemben igyekszik felz\u00e1rk\u00f3zni az amerikai vet\u00e9lyt\u00e1rsakhoz, k\u00f6zt\u00fck Elon Musk <a href=\"https:\/\/neuralink.com\/\" target=\"_blank\" rel=\"noreferrer noopener\">Neuralink<\/a>j\u00e9hez.<\/p>\n\n\n\n<p>Jao T\u00f6csung, a Szecsu\u00e1ni Agytudom\u00e1nyi Int\u00e9zet igazgat\u00f3ja az \u00e9ves parlamenti \u00fcl\u00e9sszak alkalm\u00e1val nyilatkozott a Reutersnek. Elmond\u00e1sa szerint az \u00faj szakpolitikai int\u00e9zked\u00e9sek nem hoznak azonnali v\u00e1ltoz\u00e1st.<\/p>\n\n\n\n<p>H\u00e1rom-\u00f6t \u00e9ven bel\u00fcl azonban egyes BCI-term\u00e9kek fokozatosan eljuthatnak a mindennapi, sz\u00e9les k\u00f6r\u0171 alkalmaz\u00e1sig. K\u00edna tavaly k\u00f6zz\u00e9tett nemzeti BCI-strat\u00e9gi\u00e1ja 2027-re ir\u00e1nyoz el\u0151 jelent\u0151s technol\u00f3giai \u00e1tt\u00f6r\u00e9seket. A tervezet 2030-ra pedig k\u00e9t-h\u00e1rom vil\u00e1gsz\u00ednvonal\u00fa v\u00e1llalat kinevel\u00e9s\u00e9t t\u0171zte ki c\u00e9lul.<\/p>\n\n\n\n<p>K\u00edna a m\u00e1sodik orsz\u00e1g a vil\u00e1gon, ahol invaz\u00edv BCI-eszk\u00f6z\u00f6kkel v\u00e9geznek hum\u00e1n klinikai vizsg\u00e1latokat. Jelenleg t\u00f6bb mint t\u00edz ilyen k\u00eds\u00e9rlet zajlik, ami nagyj\u00e1b\u00f3l megegyezik az Egyes\u00fclt \u00c1llamokbeli kutat\u00e1sok sz\u00e1m\u00e1val. Id\u00e9n orsz\u00e1gszerte t\u00f6bb mint \u00f6tven beteg bevon\u00e1s\u00e1t tervezik. Az ut\u00f3bbi id\u0151szak nagy figyelmet kapott k\u00eds\u00e9rletei sor\u00e1n b\u00e9nult betegek \u00e9s v\u00e9gtagamput\u00e1ltak nyert\u00e9k vissza r\u00e9szleges mozg\u00e1sk\u00e9pess\u00e9g\u00fcket.<\/p>\n\n\n\n<p>A p\u00e1ciensek gondolati \u00faton tudtak robotkezet vagy intelligens kerekessz\u00e9ket ir\u00e1ny\u00edtani.<\/p>\n\n\n\n<p>A k\u00ednai korm\u00e1ny n\u00e9h\u00e1ny k\u00eds\u00e9rleti tartom\u00e1nyban m\u00e1r be\u00e9p\u00edtette egyes BCI-kezel\u00e9seket az \u00e1llami eg\u00e9szs\u00e9gbiztos\u00edt\u00e1si rendszerbe. A CCID Consulting el\u0151rejelz\u00e9se szerint a hazai piac 2027-re el\u00e9rheti az 5,58 milli\u00e1rd j\u00fcant, ami mintegy 809 milli\u00f3 doll\u00e1rnak felel meg. Jao T\u00f6csung szerint K\u00edna sz\u00e1mos el\u0151nnyel rendelkezik ezen a ter\u00fcleten. Ezek k\u00f6z\u00e9 tartozik a hatalmas n\u00e9pess\u00e9g, az \u00f3ri\u00e1si betegig\u00e9ny, a k\u00f6lts\u00e9ghat\u00e9kony ipari h\u00e1tt\u00e9r, valamint a b\u0151s\u00e9ges m\u0171szaki \u00e9s term\u00e9szettudom\u00e1nyos szakemberg\u00e1rda.<\/p>\n\n\n\n<p>M\u00edg az amerikai startupok, mindenekel\u0151tt a Neuralink, az agysz\u00f6vetbe hatol\u00f3 invaz\u00edv chipekre \u00f6sszpontos\u00edtanak, addig a k\u00ednai kutat\u00f3k v\u00e1ltozatosabb ir\u00e1nyba indultak el.<\/p>\n\n\n\n<p>\u0150k invaz\u00edv, f\u00e9linvaz\u00edv \u00e9s nem invaz\u00edv megold\u00e1sokat egyar\u00e1nt fejlesztenek, ami sz\u00e9lesebb klinikai alkalmaz\u00e1si lehet\u0151s\u00e9geket biztos\u00edt.<\/p>\n\n\n\n<p>A f\u00e9linvaz\u00edv eszk\u00f6z\u00f6k csup\u00e1n az agy felsz\u00edn\u00e9re ker\u00fclnek. B\u00e1r \u00edgy a jelmin\u0151s\u00e9g n\u00e9mileg romolhat, a sz\u00f6vetk\u00e1rosod\u00e1s \u00e9s a m\u0171t\u00e9t ut\u00e1ni sz\u00f6v\u0151dm\u00e9nyek kock\u00e1zata jelent\u0151sen cs\u00f6kken.<\/p>\n\n\n\n<p>Jao T\u00f6csung elismerte, hogy a Neuralink seb\u00e9szeti robotja figyelemre m\u00e9lt\u00f3 technol\u00f3giai el\u0151nyt jelent, hiszen percek alatt k\u00e9pes t\u00f6bb sz\u00e1z elektr\u00f3d\u00e1t be\u00fcltetni az agyba. Ugyanakkor hangs\u00falyozta, hogy K\u00edna rendk\u00edv\u00fcl gyorsan fejl\u0151dik ezen a ter\u00fcleten. V\u00e9lem\u00e9nye szerint a Neuralink \u00e1ltal k\u00e9pviselt ir\u00e1ny l\u00e9nyeg\u00e9ben hazai fejleszt\u00e9s\u0171 eszk\u00f6z\u00f6kkel is megval\u00f3s\u00edthat\u00f3.<\/p>\n\n\n\n<p><mark style=\"background-color:#9b51e0\" class=\"has-inline-color has-white-color\">Tov\u00e1bb a cikkre:<\/mark> <a href=\"https:\/\/www.portfolio.hu\/global\/20260307\/mar-nem-kell-sokat-varni-es-a-mindennapjaink-resze-lesz-az-a-technologia-amivel-a-gondolatainkkal-iranyithatunk-822876\" target=\"_blank\" rel=\"noreferrer noopener\">portfolio.hu<\/a><\/p>\n\n\n\n<h1 class=\"wp-block-heading\">K\u00edna j\u00f3v\u00e1hagyta az agy-sz\u00e1m\u00edt\u00f3g\u00e9p interf\u00e9sz\u0171 orvostechnikai eszk\u00f6z piaci bevezet\u00e9s\u00e9t, a vil\u00e1gon els\u0151k\u00e9nt<\/h1>\n\n\n\n<p>K\u00edna gy\u00f3gyszerfel\u00fcgyeleti hat\u00f3s\u00e1ga p\u00e9nteken bejelentette, hogy j\u00f3v\u00e1hagyta egy agy-sz\u00e1m\u00edt\u00f3g\u00e9p interf\u00e9sz (BCI) rendszer forgalmaz\u00e1s\u00e1t, amely seg\u00edt helyre\u00e1ll\u00edtani a k\u00e9zmozg\u00e1si k\u00e9pess\u00e9get, ez a vil\u00e1g els\u0151 kereskedelmi forgalomba hozhat\u00f3 BCI eszk\u00f6ze.<\/p>\n\n\n\n<figure class=\"wp-block-image size-large\"><img loading=\"lazy\" decoding=\"async\" width=\"800\" height=\"500\" src=\"https:\/\/digitalnews.hu\/wp-content\/uploads\/2026\/03\/China-3-800x500.webp\" alt=\"\" class=\"wp-image-7186\" srcset=\"https:\/\/digitalnews.hu\/wp-content\/uploads\/2026\/03\/China-3.webp 800w, https:\/\/digitalnews.hu\/wp-content\/uploads\/2026\/03\/China-3-768x480.webp 768w, https:\/\/digitalnews.hu\/wp-content\/uploads\/2026\/03\/China-3-600x375.webp 600w\" sizes=\"auto, (max-width: 800px) 100vw, 800px\" \/><\/figure>\n\n\n\n<ul class=\"wp-block-list\">\n<li>A k\u00e9sz\u00fcl\u00e9ket a Borui Kang Medical Technology (Sanghaj) gy\u00e1rtja, \u00e9s a technol\u00f3gi\u00e1ja c\u00e9lja, hogy helyre\u00e1ll\u00edtsa a mozg\u00e1st \u00e9s a kommunik\u00e1ci\u00f3t a b\u00e9nul\u00e1s k\u00fcl\u00f6nb\u00f6z\u0151 form\u00e1iban szenved\u0151 emberekn\u00e9l.<\/li>\n\n\n\n<li>Nyaki gerincvel\u0151-s\u00e9r\u00fcl\u00e9sek okozta quadriplegi\u00e1ban szenved\u0151 betegek sz\u00e1m\u00e1ra tervezt\u00e9k, keszty\u0171 seg\u00edts\u00e9g\u00e9vel seg\u00edtve \u0151ket a k\u00e9zfog\u00e1s k\u00e9pess\u00e9g\u00e9nek visszanyer\u00e9s\u00e9ben.<\/li>\n\n\n\n<li>A term\u00e9k egy invaz\u00edv BCI-rendszer, ami azt jelenti, hogy az elektr\u00f3d\u00e1kat k\u00f6zvetlen\u00fcl az agyba helyezik, ahelyett, hogy az agy felsz\u00edn\u00e9n helyezkedn\u00e9nek el. Az eszk\u00f6z minim\u00e1lisan invaz\u00edv extradur\u00e1lis implant\u00e1ci\u00f3t alkalmaz, vezet\u00e9k n\u00e9lk\u00fcli technol\u00f3gi\u00e1ra t\u00e1maszkodva.<\/li>\n\n\n\n<li>A Nemzeti Gy\u00f3gyszer\u00e9szeti Term\u00e9kek Hivatala k\u00f6z\u00f6lte, hogy a p\u00e9nteken j\u00f3v\u00e1hagyotthoz hasonl\u00f3 BCI-term\u00e9kek priorit\u00e1st \u00e9lveznek, megjegyezve, hogy az \u00e1gazatot \u201ej\u00f6v\u0151beli ipar\u00e1gnak\u201d nevezte Peking m\u00falt h\u00e9ten k\u00f6zz\u00e9tett leg\u00fajabb \u00f6t\u00e9ves terv\u00e9ben.<\/li>\n\n\n\n<li>K\u00edn\u00e1ban az agy-sz\u00e1m\u00edt\u00f3g\u00e9p interf\u00e9sz (BCI) technol\u00f3gia h\u00e1rom-\u00f6t \u00e9ven bel\u00fcl a gyakorlati k\u00f6zhaszn\u00e1lat r\u00e9sz\u00e9v\u00e9 v\u00e1lhat, ahogy a term\u00e9kek kiforrnak \u2013 mondta egy vezet\u0151 BCI-szak\u00e9rt\u0151 a Reutersnek a m\u00falt h\u00e9ten, mik\u00f6zben Peking igyekszik utol\u00e9rni az amerikai startupokat, k\u00f6zt\u00fck Elon Musk Neuralinkj\u00e9t.<\/li>\n\n\n\n<li>A term\u00e9kre jogosult betegeknek 18 \u00e9s 60 \u00e9v k\u00f6z\u00f6ttieknek kell lenni\u00fck, \u00e9s valamilyen gerincvel\u0151-s\u00e9r\u00fcl\u00e9sben kell szenvedni\u00fck. A diagn\u00f3zisnak legal\u00e1bb egy \u00e9vesnek kell lennie, \u00e9s a standard kezel\u00e9st k\u00f6vet\u0151en hat h\u00f3napig stabil \u00e1llapotban kell lenni\u00fck. A betegeknek nem szabad tudniuk k\u00e9zzel megfogni, de a felkarjuk bizonyos funkci\u00f3i megmaradhatnak.<\/li>\n\n\n\n<li>A klinikai vizsg\u00e1latok adatai a r\u00e9sztvev\u0151k k\u00e9zfog\u00e1si k\u00e9pess\u00e9g\u00e9nek jelent\u0151s javul\u00e1s\u00e1t mutatt\u00e1k ki \u2013 k\u00f6z\u00f6lte a szab\u00e1lyoz\u00f3 hat\u00f3s\u00e1g, hozz\u00e1t\u00e9ve, hogy a javul\u00e1s hozz\u00e1j\u00e1rult a betegek \u00e9letmin\u0151s\u00e9g\u00e9nek jav\u00edt\u00e1s\u00e1hoz.<\/li>\n<\/ul>\n\n\n\n<p><mark style=\"background-color:#9b51e0\" class=\"has-inline-color has-white-color\">Tov\u00e1bb a cikkre:<\/mark> <a href=\"https:\/\/www.reuters.com\/business\/healthcare-pharmaceuticals\/china-approves-market-launch-brain-computer-interface-medical-device-world-first-2026-03-13\/\" target=\"_blank\" rel=\"noreferrer noopener\">reuters.com<\/a><\/p>\n","protected":false},"excerpt":{"rendered":"<p>K\u00edna h\u00e1rom-\u00f6t \u00e9ven bel\u00fcl a gyakorlatban is bevetheti az agy-sz\u00e1m\u00edt\u00f3g\u00e9p interf\u00e9sz (BCI) technol\u00f3gi\u00e1t \u2013 v\u00e9li az egyik vezet\u0151 k\u00ednai szak\u00e9rt\u0151.&hellip;<\/p>\n","protected":false},"author":1,"featured_media":7183,"comment_status":"closed","ping_status":"closed","sticky":false,"template":"","format":"standard","meta":{"footnotes":""},"categories":[57],"tags":[],"class_list":["post-7182","post","type-post","status-publish","format-standard","has-post-thumbnail","hentry","category-augmentacio"],"_links":{"self":[{"href":"https:\/\/digitalnews.hu\/index.php?rest_route=\/wp\/v2\/posts\/7182","targetHints":{"allow":["GET"]}}],"collection":[{"href":"https:\/\/digitalnews.hu\/index.php?rest_route=\/wp\/v2\/posts"}],"about":[{"href":"https:\/\/digitalnews.hu\/index.php?rest_route=\/wp\/v2\/types\/post"}],"author":[{"embeddable":true,"href":"https:\/\/digitalnews.hu\/index.php?rest_route=\/wp\/v2\/users\/1"}],"replies":[{"embeddable":true,"href":"https:\/\/digitalnews.hu\/index.php?rest_route=%2Fwp%2Fv2%2Fcomments&post=7182"}],"version-history":[{"count":3,"href":"https:\/\/digitalnews.hu\/index.php?rest_route=\/wp\/v2\/posts\/7182\/revisions"}],"predecessor-version":[{"id":7187,"href":"https:\/\/digitalnews.hu\/index.php?rest_route=\/wp\/v2\/posts\/7182\/revisions\/7187"}],"wp:featuredmedia":[{"embeddable":true,"href":"https:\/\/digitalnews.hu\/index.php?rest_route=\/wp\/v2\/media\/7183"}],"wp:attachment":[{"href":"https:\/\/digitalnews.hu\/index.php?rest_route=%2Fwp%2Fv2%2Fmedia&parent=7182"}],"wp:term":[{"taxonomy":"category","embeddable":true,"href":"https:\/\/digitalnews.hu\/index.php?rest_route=%2Fwp%2Fv2%2Fcategories&post=7182"},{"taxonomy":"post_tag","embeddable":true,"href":"https:\/\/digitalnews.hu\/index.php?rest_route=%2Fwp%2Fv2%2Ftags&post=7182"}],"curies":[{"name":"wp","href":"https:\/\/api.w.org\/{rel}","templated":true}]}}