{"id":7193,"date":"2026-03-13T22:29:41","date_gmt":"2026-03-13T20:29:41","guid":{"rendered":"https:\/\/digitalnews.hu\/?p=7193"},"modified":"2026-03-13T22:36:35","modified_gmt":"2026-03-13T20:36:35","slug":"europa-elinditja-elso-mikrohalozatra-csatlakoztatott-adatkozpontjat","status":"publish","type":"post","link":"https:\/\/digitalnews.hu\/?p=7193","title":{"rendered":"Eur\u00f3pa elind\u00edtja els\u0151 mikroh\u00e1l\u00f3zatra csatlakoztatott adatk\u00f6zpontj\u00e1t"},"content":{"rendered":"\n<p>\u00cdrorsz\u00e1g f\u0151v\u00e1ros\u00e1nak, Dublinnak a k\u00f6zvetlen k\u00f6zel\u00e9ben egy adatk\u00f6zpont, Eur\u00f3p\u00e1ban els\u0151k\u00e9nt egy f\u00fcggetlen, \u00fagynevezett \u201esziget \u00fczem\u0171\u201d mikroh\u00e1l\u00f3zatra v\u00e1ltott szerverei m\u0171k\u00f6dtet\u00e9s\u00e9nek biztos\u00edt\u00e1s\u00e1ra.<\/p>\n\n\n\n<p>Eur\u00f3pa igyekszik kihaszn\u00e1lni a mesters\u00e9ges intelligencia fellend\u00fcl\u00e9s\u00e9t, mik\u00f6zben kezeli az \u00e9vtizedek \u00f3ta fenn\u00e1ll\u00f3 \u00e1ramcsatlakoz\u00e1si k\u00e9sedelmeket. Az Eur\u00f3pai Bizotts\u00e1g becsl\u00e9se szerint az \u00e1gazatnak legal\u00e1bb 1,2 billi\u00f3 eur\u00f3s (1,39 billi\u00f3 doll\u00e1ros) beruh\u00e1z\u00e1sra van sz\u00fcks\u00e9ge 2040-ig. Bizonyos esetekben a v\u00e1llalatok nem v\u00e1rhatj\u00e1k meg a sz\u0171k keresztmetszetek enyh\u00fcl\u00e9s\u00e9t, \u00e9s saj\u00e1t energiaforr\u00e1saikhoz fordulnak.<\/p>\n\n\n\n<p>A digit\u00e1lis infrastrukt\u00fara-fejleszt\u0151 <a href=\"https:\/\/puredc.com\/\" target=\"_blank\" rel=\"noreferrer noopener\">Pure Data Centre Group<\/a> \u00e1ltal \u00fczemeltetett dublini l\u00e9tes\u00edtm\u00e9ny, amely az AVK energiaell\u00e1t\u00e1si megold\u00e1sokat sz\u00e1ll\u00edt\u00f3 v\u00e1llalattal m\u0171k\u00f6d\u00f6tt egy\u00fctt, a kontinens els\u0151 l\u00e9p\u00e9s\u00e9t jelentheti egy mag\u00e1n\u00fczem\u0171 \u00f6kosziszt\u00e9ma fel\u00e9.<\/p>\n\n\n\n<p>A mikroh\u00e1l\u00f3zatok olyan lokaliz\u00e1lt energiarendszerek, amelyek k\u00e9pesek energi\u00e1t termelni, t\u00e1rolni \u00e9s elosztani. A rendszereket m\u00e1r sz\u00e9les k\u00f6rben haszn\u00e1lj\u00e1k az Egyes\u00fclt \u00c1llamokban, ahol az olyan forr\u00f3 ter\u00fcleteken, mint Texas \u00e9s Virginia, az adatk\u00f6zpontok fellend\u00fcl\u00e9se egyre nagyobb ig\u00e9nyt t\u00e1maszt a h\u00e1l\u00f3zaton k\u00edv\u00fcli energiatermel\u00e9sre.<\/p>\n\n\n\n<p>Az AVK \u00e9s a Pure DC szerint dublini telep\u00edt\u00e9s\u00fck az els\u0151 adatk\u00f6zpont Eur\u00f3p\u00e1ban, amelyet \u00e9l\u0151 mikroh\u00e1l\u00f3zat \u00fczemeltet.<\/p>\n\n\n\n<p>\u201eAhogy ezek az adatk\u00f6zpontok egyre nagyobbak lesznek, \u00e9s l\u00e1tjuk, hogy a mesters\u00e9ges intelligencia \u00e1ltal gener\u00e1lt munkaterhel\u00e9s \u00e9s az adatok egyre ink\u00e1bb a mindennapi \u00e9let\u00fcnk r\u00e9sz\u00e9v\u00e9 v\u00e1lnak, ez csak m\u00e9g jobban megterheli a h\u00e1l\u00f3zatot. Ez\u00e9rt m\u00e1s megold\u00e1st kell keresn\u00fcnk\u201d \u2013 mondta Ben Pritchard, az AVK vez\u00e9rigazgat\u00f3ja a CNBC-nek.<\/p>\n\n\n\n<p>A rendszerek nem mentesek a kih\u00edv\u00e1sokt\u00f3l. A szab\u00e1lyoz\u00e1si akad\u00e1lyok lelass\u00edthatj\u00e1k a telep\u00edt\u00e9st, \u00e9s a mikroh\u00e1l\u00f3zatok hossz\u00fa t\u00e1v\u00fa sikere val\u00f3sz\u00edn\u0171leg att\u00f3l f\u00fcgg, hogy energiaforr\u00e1saik megb\u00edzhat\u00f3ak \u00e9s fenntarthat\u00f3ak-e.<\/p>\n\n\n\n<figure class=\"wp-block-image size-full\"><img loading=\"lazy\" decoding=\"async\" width=\"1024\" height=\"493\" src=\"https:\/\/digitalnews.hu\/wp-content\/uploads\/2026\/03\/Dublin.webp\" alt=\"\" class=\"wp-image-7199\" srcset=\"https:\/\/digitalnews.hu\/wp-content\/uploads\/2026\/03\/Dublin.webp 1024w, https:\/\/digitalnews.hu\/wp-content\/uploads\/2026\/03\/Dublin-768x369.webp 768w, https:\/\/digitalnews.hu\/wp-content\/uploads\/2026\/03\/Dublin-600x288.webp 600w\" sizes=\"auto, (max-width: 1024px) 100vw, 1024px\" \/><\/figure>\n\n\n\n<p><strong>Az energiamorat\u00f3rium lek\u00fczd\u00e9se<\/strong><br>\u00cdrorsz\u00e1g egyike annak a k\u00e9t eur\u00f3pai orsz\u00e1gnak, amelyek morat\u00f3riumot rendeltek el az \u00faj adatk\u00f6zponti alkalmaz\u00e1sokra, mivel az energiaig\u00e9nyes l\u00e9tes\u00edtm\u00e9nyek nyom\u00e1st gyakorolnak az orsz\u00e1gos h\u00e1l\u00f3zatra. A l\u00e9tes\u00edtm\u00e9nyek 2024-ben a kis orsz\u00e1g energi\u00e1j\u00e1nak elk\u00e9peszt\u0151 22%-\u00e1t fogyasztott\u00e1k .<\/p>\n\n\n\n<p>Az \u00edr nemzeti h\u00e1l\u00f3zat\u00fczemeltet\u0151 febru\u00e1r v\u00e9g\u00e9n figyelmeztetett , hogy az energiaig\u00e9ny kiel\u00e9g\u00edt\u00e9se \u201ekih\u00edv\u00e1st\u201d jelenthet, mivel a fogyaszt\u00f3k \u00faj m\u00f3don haszn\u00e1lj\u00e1k az \u00e1ramot. Az adatk\u00f6zpontokat jel\u00f6lte meg a kereslet n\u00f6veked\u00e9s\u00e9nek f\u0151 mozgat\u00f3rug\u00f3jak\u00e9nt.<\/p>\n\n\n\n<p>De a tavalyi \u00e9v v\u00e9g\u00e9n az \u00edr hat\u00f3s\u00e1gok enyh\u00edtettek a morat\u00f3riumon, mivel a mesters\u00e9ges intelligencia fellend\u00fcl\u00e9se miatt a gazdas\u00e1gi potenci\u00e1ljukkal kapcsolatos hangulat megfordult.<\/p>\n\n\n\n<p>Az \u00f6sszes \u00faj, h\u00e1l\u00f3zatra csatlakoz\u00f3 adatk\u00f6zpontnak mostant\u00f3l szab\u00e1lyozhat\u00f3 energi\u00e1t kell biztos\u00edtania \u2013 olyan \u00e1ramot, amely a nemzeti h\u00e1l\u00f3zat ig\u00e9nyeit\u0151l f\u00fcgg\u0151en be- \u00e9s kikapcsolhat\u00f3 \u2013, vagy k\u00e9pesnek kell lennie az energia t\u00e1rol\u00e1s\u00e1ra. Emellett az \u00e9ves ig\u00e9ny legal\u00e1bb 80%-\u00e1t meg\u00fajul\u00f3 villamos energi\u00e1b\u00f3l kell fedezni\u00fck \u00cdrorsz\u00e1gban, az orsz\u00e1g szab\u00e1lyoz\u00f3 hat\u00f3s\u00e1ga, a CRU \u00e1ltal meghat\u00e1rozott ir\u00e1nyelvek szerint.<\/p>\n\n\n\n<p>\u201e\u00cdrorsz\u00e1gban a m\u00e1sik lehet\u0151s\u00e9g a v\u00e1rakoz\u00e1s volt, sz\u00f3 szerint a v\u00e1rakoz\u00e1s egy ismeretlen id\u0151pontra, hogy csatlakozni lehessen a h\u00e1l\u00f3zathoz, \u00e9s a mai napig sem lehet r\u00e1 csatlakozni. \u00cdgy egy mikroh\u00e1l\u00f3zat l\u00e9trehoz\u00e1sa lehet\u0151v\u00e9 tette sz\u00e1munkra, hogy el\u0151remozd\u00edtsuk a projekt\u00fcnket\u201d \u2013 mondta Dawn Childs, a Pure DC eln\u00f6ke a CNBC-nek.<\/p>\n\n\n\n<p>Childs, akit m\u00e9rn\u00f6ki \u00e9rdemei\u00e9rt Dame kit\u00fcntet\u00e9ssel t\u00fcntettek ki az Egyes\u00fclt Kir\u00e1lys\u00e1gban, hozz\u00e1tette, hogy a projektet azonnali \u00e9s hossz\u00fa t\u00e1v\u00fa megold\u00e1sk\u00e9nt is sz\u00e1nj\u00e1k. \u201eHa elszigetelt megold\u00e1sk\u00e9nt kell maradnunk, akkor mindenk\u00e9ppen megtehetj\u00fck\u2026 Ahhoz azonban, hogy a legfenntarthat\u00f3bb megold\u00e1st tal\u00e1ljuk meg, \u00e9s a szolg\u00e1ltat\u00e1sokat Dublinban, \u00cdrorsz\u00e1g legsz\u0171k\u00f6sebb ter\u00fclet\u00e9n vissza tudjuk kapcsolni a h\u00e1l\u00f3zatba, a v\u00e1gyunk a h\u00e1l\u00f3zati csatlakoz\u00e1s.\u201d<\/p>\n\n\n\n<p>A dublini adatk\u00f6zpont, amely felh\u0151alap\u00fa \u00e9s mesters\u00e9ges intelligencia alap\u00fa munkafolyamatokat is k\u00e9pes futtatni, teljes kapacit\u00e1sa k\u00f6r\u00fclbel\u00fcl 110 megawatt. A telephelybe tervezett teljes beruh\u00e1z\u00e1s k\u00f6r\u00fclbel\u00fcl 1 milli\u00e1rd eur\u00f3 (1,2 milli\u00e1rd doll\u00e1r).<\/p>\n\n\n\n<figure class=\"wp-block-image size-full\"><img loading=\"lazy\" decoding=\"async\" width=\"1024\" height=\"576\" src=\"https:\/\/digitalnews.hu\/wp-content\/uploads\/2026\/03\/108273399-1772628999807-Pure_Data_Centers_Dublin_site_1.webp\" alt=\"\" class=\"wp-image-7195\" srcset=\"https:\/\/digitalnews.hu\/wp-content\/uploads\/2026\/03\/108273399-1772628999807-Pure_Data_Centers_Dublin_site_1.webp 1024w, https:\/\/digitalnews.hu\/wp-content\/uploads\/2026\/03\/108273399-1772628999807-Pure_Data_Centers_Dublin_site_1-768x432.webp 768w, https:\/\/digitalnews.hu\/wp-content\/uploads\/2026\/03\/108273399-1772628999807-Pure_Data_Centers_Dublin_site_1-600x337.webp 600w\" sizes=\"auto, (max-width: 1024px) 100vw, 1024px\" \/><\/figure>\n\n\n\n<p>A l\u00e9tes\u00edtm\u00e9ny jelenleg f\u00f6ldg\u00e1zmotorokkal m\u0171k\u00f6dik, amelyek k\u00e9pesek hidrog\u00e9nezett n\u00f6v\u00e9nyi olajra (HVO) \u00e1t\u00e1llni. A telephelyen biomet\u00e1nt is teszteltek energiaforr\u00e1sk\u00e9nt.<\/p>\n\n\n\n<p>Ha a dublini adatk\u00f6zpont v\u00e9g\u00fcl csatlakozik a h\u00e1l\u00f3zati \u00e1ramhoz, akkor szab\u00e1lyozhat\u00f3 teljes\u00edtm\u00e9nyt tud majd k\u00edn\u00e1lni, \u00e9s ak\u00e1r 20 MW akkumul\u00e1toros t\u00e1rol\u00e1st is biztos\u00edthat \u2013 mondta Childs.<\/p>\n\n\n\n<p><strong>Sziget\u00fczem\u0171 energiaell\u00e1t\u00e1s<\/strong><br>A glob\u00e1lis mikroh\u00e1l\u00f3zati piac \u00e9rt\u00e9ke 2025-ben k\u00f6r\u00fclbel\u00fcl 29 milli\u00e1rd doll\u00e1r volt, az eur\u00f3pai piac pedig v\u00e1rhat\u00f3an \u00e9vi k\u00f6zel 10%-kal fog n\u00f6vekedni az el\u00f6reged\u0151 infrastrukt\u00fara miatt a Global Market Insights becsl\u00e9sei szerint . Mik\u00f6zben beruh\u00e1z\u00e1sokat eszk\u00f6z\u00f6lnek az orsz\u00e1gos h\u00e1l\u00f3zat korszer\u0171s\u00edt\u00e9s\u00e9be, a v\u00e1llalatok v\u00e1rhat\u00f3an egyre ink\u00e1bb az azonnali energiaell\u00e1t\u00e1si megold\u00e1sok fel\u00e9 fordulnak.<\/p>\n\n\n\n<p>A mikroh\u00e1l\u00f3zatokat m\u00e1r haszn\u00e1lj\u00e1k ipari telephelyek \u00e9s \u00fczemek energiaell\u00e1t\u00e1s\u00e1ra Eur\u00f3p\u00e1ban, de az adatk\u00f6zpontok \u00e1ramell\u00e1t\u00e1s\u00e1ra az Egyes\u00fclt \u00c1llamokhoz k\u00e9pest nem sok p\u00e9lda van.<\/p>\n\n\n\n<p>Az AVK mellett olyan c\u00e9gek is, mint az ABB \u00e9s a Siemens versenyeznek a technol\u00f3gia fejleszt\u00e9s\u00e9\u00e9rt a Schneider Electric- kel tavaly megnyitott egy mikroh\u00e1l\u00f3zat-tesztel\u0151 laborat\u00f3riumot Massachusettsben, hogy val\u00f3s k\u00f6r\u00fclm\u00e9nyek k\u00f6z\u00f6tt tesztelje a rendszereket.<\/p>\n\n\n\n<p>A Siemens \u201epotenci\u00e1lis lehet\u0151s\u00e9geket\u201d l\u00e1t a mikroh\u00e1l\u00f3zatok adatk\u00f6zpontokban t\u00f6rt\u00e9n\u0151 bevezet\u00e9s\u00e9ben, \u00e9s jelenleg t\u00f6bb \u00fcgyf\u00e9llel is t\u00e1rgyal\u00e1sokat folytat \u2013 mondta a v\u00e1llalat sz\u00f3viv\u0151je a CNBC-nek. A t\u00e9ma k\u00fcl\u00f6n\u00f6sen relev\u00e1ns az amerikai piac sz\u00e1m\u00e1ra, de hasonl\u00f3 t\u00e1rgyal\u00e1sokat folytatnak Eur\u00f3p\u00e1ban is \u2013 mondt\u00e1k.<\/p>\n\n\n\n<p>A Siemens a mikroh\u00e1l\u00f3zatok haszn\u00e1lat\u00e1ban is \u00e9rdekl\u0151dik az elektromos j\u00e1rm\u0171vek t\u00f6lt\u0151infrastrukt\u00far\u00e1j\u00e1nak \u00e9s a kik\u00f6t\u0151k dekarboniz\u00e1ci\u00f3j\u00e1nak t\u00e1mogat\u00e1sa \u00e9rdek\u00e9ben.<\/p>\n\n\n\n<p>Az AVK, amelynek v\u00e1rhat\u00f3an legal\u00e1bb egymilli\u00e1rd doll\u00e1ros \u00e9rt\u00e9kel\u00e9st \u00e9r el 2030-ra, kezdetben a k\u00e9szenl\u00e9ti \u00e9s tartal\u00e9k energiatermel\u00e9sre \u00f6sszpontos\u00edtott, miel\u0151tt teljes k\u00f6r\u0171 energiaell\u00e1t\u00e1si megold\u00e1sokat k\u00edn\u00e1l\u00f3 szolg\u00e1ltat\u00f3v\u00e1 b\u0151v\u00fclt volna.<\/p>\n\n\n\n<p>A c\u00e9g vez\u00e9rigazgat\u00f3ja szerint Eur\u00f3p\u00e1ban m\u00e1r folyamatban voltak a mikroh\u00e1l\u00f3zatokkal kapcsolatos t\u00e1rgyal\u00e1sok \u00e9s tervek, de az amerikai piac gyorsan megel\u0151zte a 27 orsz\u00e1gb\u00f3l \u00e1ll\u00f3 blokkot. \u201eCsak az\u00e9rt, mert az Egyes\u00fclt \u00c1llamokban olyan nagy a kereslet, hogy a bevezet\u00e9s egy kicsit gyorsabb volt, mint itt Eur\u00f3p\u00e1ban\u201d \u2013 mondta Pritchard a CNBC-nek, hozz\u00e1t\u00e9ve, hogy a c\u00e9g most egy \u00faj t\u00edpus\u00fa befektet\u0151t l\u00e1t, akit kifejezetten a mikroh\u00e1l\u00f3zatok \u00e9rdekelnek, \u00e9s nem felt\u00e9tlen\u00fcl maga az adatk\u00f6zpont.<\/p>\n\n\n\n<p>\u201eEzek olyan infrastruktur\u00e1lis alapok, amelyek mikroh\u00e1l\u00f3zatok \u00e9p\u00edt\u00e9s\u00e9re, tulajdonl\u00e1s\u00e1ra \u00e9s \u00fczemeltet\u00e9s\u00e9re, valamint az adatk\u00f6zpontok \u00e1ramell\u00e1t\u00e1s\u00e1ra t\u00f6rekszenek\u201d \u2013 mondta Pritchard. Arra sz\u00e1m\u00edt, hogy ez a fajta eszk\u00f6zoszt\u00e1ly a k\u00f6vetkez\u0151 h\u00e1rom-\u00f6t \u00e9vben be fog \u00e9rni.<\/p>\n\n\n\n<p>\u201e\u00cdrorsz\u00e1g egy igazi sikert\u00f6rt\u00e9net\u201d \u2013 mondta Gary Wojtaszek, a Pure DC eln\u00f6ke \u00e9s ideiglenes vez\u00e9rigazgat\u00f3ja a CNBC-nek. Hozz\u00e1tette, hogy az Oaktree Capital tulajdon\u00e1ban l\u00e9v\u0151 v\u00e1llalat tervei szerint sz\u00e1mos forr\u00e1st gy\u0171jt, hogy t\u00e1mogassa a jelenlegi 1 GW glob\u00e1lis adatk\u00f6zpont-kapacit\u00e1sr\u00f3l a k\u00f6vetkez\u0151 n\u00e9h\u00e1ny \u00e9vben a c\u00e9lzott 3 GW-ra val\u00f3 b\u0151v\u00edt\u00e9s\u00e9t.<\/p>\n\n\n\n<p>\u201eA v\u00e1llalkoz\u00e1s m\u00e9rete olyan nagy, hogy [el kell jutni] a nyilv\u00e1nos piacokra ahhoz, hogy elegend\u0151 t\u0151k\u00e9t szerezz\u00fcnk a n\u00f6veked\u00e9s finansz\u00edroz\u00e1s\u00e1hoz\u201d \u2013 mondta, amikor a t\u0151zsdei bevezet\u00e9s lehet\u0151s\u00e9g\u00e9r\u0151l k\u00e9rdezt\u00e9k. \u201eAzt hiszem, ez valami olyasmi, amit a j\u00f6v\u0151ben meg fogunk vizsg\u00e1lni, de jelenleg nem szerepel a terv\u00fcnkben.\u201d<\/p>\n\n\n\n<p><strong>Fenntarthat\u00f3s\u00e1g \u00e9s megb\u00edzhat\u00f3s\u00e1g<\/strong><br>A piac el\u0151tt \u00e1ll\u00f3 egyik legnagyobb kih\u00edv\u00e1s a mikroh\u00e1l\u00f3zatok fenntarthat\u00f3 telep\u00edt\u00e9se, mivel a technol\u00f3gi\u00e1val kapcsolatos vit\u00e1k nagy r\u00e9sze a g\u00e1zturbin\u00e1k vagy az \u00fczemanyagcell\u00e1k haszn\u00e1lata k\u00f6r\u00fcl forgott \u2013 mondta Diego Hernandez Diaz, a McKinsey partnere a CNBC-nek.<\/p>\n\n\n\n<p>\u201eEzeknek az eszk\u00f6z\u00f6knek az elm\u00e9leti \u00e9s gyakorlati h\u00e1l\u00f3zati r\u00e9sztvev\u0151iv\u00e9 t\u00e9tele nagyon k\u00fcl\u00f6nb\u00f6z\u0151 k\u00e9rd\u00e9sek\u201d \u2013 mondta Hernandez Diaz.<\/p>\n\n\n\n<p>\u201eTechnikailag nagyon is megval\u00f3s\u00edthat\u00f3, \u00e9s l\u00e1ttunk m\u00e1r erre p\u00e9ld\u00e1kat az Egyes\u00fclt \u00c1llamokban, ahol a h\u00e1l\u00f3zat\u00fczemeltet\u0151k az eg\u00e9sz \u00e9vb\u0151l 50 vagy ak\u00e1r 100 \u00f3ra rugalmass\u00e1got k\u00f6vetelnek meg, hogy enyh\u00edts\u00e9k a h\u00e1l\u00f3zatra nehezed\u0151 nyom\u00e1st. Teh\u00e1t nem k\u00e9rnek sokat, de az, hogy val\u00f3ban meglegyen-e a megfelel\u0151 szab\u00e1lyoz\u00e1s \u00e9s politika ahhoz, hogy ez megt\u00f6rt\u00e9nhessen, nagy k\u00e9rd\u00e9s.\u201d<\/p>\n\n\n\n<p>Hernandez Diaz szerint a megb\u00edzhat\u00f3 \u00e1ramell\u00e1t\u00e1s biztos\u00edt\u00e1sa, valamint a szab\u00e1lyoz\u00e1sok lek\u00fczd\u00e9se is kulcsfontoss\u00e1g\u00fa lesz. Megjegyezte, hogy az Egyes\u00fclt \u00c1llamokban az adatk\u00f6zpontok k\u00f6r\u00fclbel\u00fcl 30%-a alkalmaz mikroh\u00e1l\u00f3zatot vagy m\u00e1s, a m\u00e9r\u0151\u00f3ra m\u00f6g\u00f6tti megold\u00e1sokat, p\u00e9ld\u00e1ul \u00fczemanyagcell\u00e1kat \u00e9s g\u00e1zturbin\u00e1kat \u2013 olyan energiaforr\u00e1sokat, amelyek nem ig\u00e9nyelnek csatlakoz\u00e1st a f\u0151h\u00e1l\u00f3zathoz. Eur\u00f3p\u00e1ban ez az ar\u00e1ny 18 h\u00f3nappal ezel\u0151tt mind\u00f6ssze 5\u201310% volt, de az\u00f3ta m\u00e1r k\u00f6r\u00fclbel\u00fcl 20%-ra emelkedett \u2013 tette hozz\u00e1.A kih\u00edv\u00e1sokt\u00f3l eltekintve, az adatk\u00f6zpontokra nehezed\u0151 teher, hogy saj\u00e1t energiaforr\u00e1sokat biztos\u00edtsanak, egy\u00e9rtelm\u0171en n\u00f6vekszik. A m\u00falt h\u00e9ten Donald Trump amerikai eln\u00f6k azt mondta, hogy az adatk\u00f6zpontoknak \u201ePR-seg\u00edts\u00e9gre van sz\u00fcks\u00e9g\u00fck\u201d, mik\u00f6zben aggodalmak mer\u00fcltek fel az \u00e1ram\u00e1rakra gyakorolt \u200b\u200bhat\u00e1suk miatt.<\/p>\n\n\n\n<p>Az Uni\u00f3 helyzet\u00e9r\u0151l sz\u00f3l\u00f3 besz\u00e9d\u00e9ben az eln\u00f6k Amerika \u201er\u00e9gi h\u00e1l\u00f3zat\u00e1ra\u201d hivatkozott, \u00e9s azt mondta, hogy a nagy technol\u00f3giai v\u00e1llalatok k\u00f6telesek gondoskodni saj\u00e1t energiaig\u00e9ny\u00fckr\u0151l.<\/p>\n\n\n\n<p>\u201eEgy\u00e9rtelm\u0171en nem tartozik egy adatk\u00f6zpont alapvet\u0151 k\u00e9pess\u00e9gei k\u00f6z\u00e9 a mikroh\u00e1l\u00f3zatok fejleszt\u00e9se \u00e9s ki\u00e9p\u00edt\u00e9se\u201d \u2013 mondta Childs, hozz\u00e1t\u00e9ve, hogy a Pure DC-nek speci\u00e1lis m\u00e9rn\u00f6k\u00f6ket kellett felvennie a mikroh\u00e1l\u00f3zat ki\u00e9p\u00edt\u00e9s\u00e9hez Dublinban.<\/p>\n\n\n\n<p>A korm\u00e1nyoknak neh\u00e9z egyens\u00falyoz\u00e1ssal kell szemben\u00e9zni\u00fck, amikor a nagy technol\u00f3giai v\u00e1llalatok ig\u00e9nyeinek kiel\u00e9g\u00edt\u00e9s\u00e9r\u0151l van sz\u00f3, mik\u00f6zben biztos\u00edtj\u00e1k fenntarthat\u00f3s\u00e1gi c\u00e9ljaik el\u00e9r\u00e9s\u00e9t is.<\/p>\n\n\n\n<p>\u201eVal\u00f3di lehet\u0151v\u00e9 tessz\u00fck a nagy meg\u00fajul\u00f3energia-projektek elind\u00edt\u00e1s\u00e1t, a rugalmass\u00e1got a h\u00e1l\u00f3zatban, \u00e9s v\u00e9gs\u0151 soron az energiak\u00f6lts\u00e9gek cs\u00f6kken\u00e9s\u00e9t minden fogyaszt\u00f3, mind az \u00fczleti, mind a h\u00e9tk\u00f6znapi polg\u00e1rok sz\u00e1m\u00e1ra, de a politika \u00e9s a szab\u00e1lyoz\u00e1s id\u0151be telik, mire ezt lehet\u0151v\u00e9 \u00e9s el\u0151seg\u00edtik\u201d \u2013 mondta Childs a CNBC-nek.<\/p>\n\n\n\n<p><mark style=\"background-color:#9b51e0\" class=\"has-inline-color has-white-color\">Tov\u00e1bb a cikkre:<\/mark> <a href=\"https:\/\/www.cnbc.com\/2026\/03\/11\/data-center-microgrid-power-ireland-ai-boom-avk-pure-dc.html\" target=\"_blank\" rel=\"noreferrer noopener\">cnbc.com<\/a><\/p>\n","protected":false},"excerpt":{"rendered":"<p>\u00cdrorsz\u00e1g f\u0151v\u00e1ros\u00e1nak, Dublinnak a k\u00f6zvetlen k\u00f6zel\u00e9ben egy adatk\u00f6zpont, Eur\u00f3p\u00e1ban els\u0151k\u00e9nt egy f\u00fcggetlen, \u00fagynevezett \u201esziget \u00fczem\u0171\u201d mikroh\u00e1l\u00f3zatra v\u00e1ltott szerverei m\u0171k\u00f6dtet\u00e9s\u00e9nek biztos\u00edt\u00e1s\u00e1ra.&hellip;<\/p>\n","protected":false},"author":1,"featured_media":7194,"comment_status":"closed","ping_status":"closed","sticky":false,"template":"","format":"standard","meta":{"footnotes":""},"categories":[39],"tags":[],"class_list":["post-7193","post","type-post","status-publish","format-standard","has-post-thumbnail","hentry","category-bigtech"],"_links":{"self":[{"href":"https:\/\/digitalnews.hu\/index.php?rest_route=\/wp\/v2\/posts\/7193","targetHints":{"allow":["GET"]}}],"collection":[{"href":"https:\/\/digitalnews.hu\/index.php?rest_route=\/wp\/v2\/posts"}],"about":[{"href":"https:\/\/digitalnews.hu\/index.php?rest_route=\/wp\/v2\/types\/post"}],"author":[{"embeddable":true,"href":"https:\/\/digitalnews.hu\/index.php?rest_route=\/wp\/v2\/users\/1"}],"replies":[{"embeddable":true,"href":"https:\/\/digitalnews.hu\/index.php?rest_route=%2Fwp%2Fv2%2Fcomments&post=7193"}],"version-history":[{"count":4,"href":"https:\/\/digitalnews.hu\/index.php?rest_route=\/wp\/v2\/posts\/7193\/revisions"}],"predecessor-version":[{"id":7200,"href":"https:\/\/digitalnews.hu\/index.php?rest_route=\/wp\/v2\/posts\/7193\/revisions\/7200"}],"wp:featuredmedia":[{"embeddable":true,"href":"https:\/\/digitalnews.hu\/index.php?rest_route=\/wp\/v2\/media\/7194"}],"wp:attachment":[{"href":"https:\/\/digitalnews.hu\/index.php?rest_route=%2Fwp%2Fv2%2Fmedia&parent=7193"}],"wp:term":[{"taxonomy":"category","embeddable":true,"href":"https:\/\/digitalnews.hu\/index.php?rest_route=%2Fwp%2Fv2%2Fcategories&post=7193"},{"taxonomy":"post_tag","embeddable":true,"href":"https:\/\/digitalnews.hu\/index.php?rest_route=%2Fwp%2Fv2%2Ftags&post=7193"}],"curies":[{"name":"wp","href":"https:\/\/api.w.org\/{rel}","templated":true}]}}