{"id":7201,"date":"2026-03-13T23:09:20","date_gmt":"2026-03-13T21:09:20","guid":{"rendered":"https:\/\/digitalnews.hu\/?p=7201"},"modified":"2026-03-13T23:09:20","modified_gmt":"2026-03-13T21:09:20","slug":"a-meta-hatalmas-tenger-alatti-kabelprojektje-kesik-a-perzsa-obolben-az-irani-konfliktus-eszkalalodasa-miatt","status":"publish","type":"post","link":"https:\/\/digitalnews.hu\/?p=7201","title":{"rendered":"A Meta hatalmas tenger alatti k\u00e1belprojektje k\u00e9sik a Perzsa-\u00f6b\u00f6lben az ir\u00e1ni konfliktus eszkal\u00e1l\u00f3d\u00e1sa miatt"},"content":{"rendered":"\n<p>Az ASN kivitelez\u0151 azt \u00e1ll\u00edtja, hogy m\u00e1r nem tud biztons\u00e1gosan m\u0171k\u00f6dni a r\u00e9gi\u00f3ban.<\/p>\n\n\n\n<p>A tenger alatti k\u00e1beleknek \u00e1ll\u00edt\u00f3lag ellen\u00e1ll\u00f3bb\u00e1 kellene tenni\u00fck az internetet, de azok tov\u00e1bbra is ki vannak t\u00e9ve a felsz\u00ednen zajl\u00f3 esem\u00e9nyeknek. A Meta hatalmas 2Africa rendszere a leg\u00fajabb eml\u00e9keztet\u0151 arra, hogy ezek a projektek hatalmas fennakad\u00e1sokkal n\u00e9zhetnek szembe, ha egy f\u0151 haj\u00f3z\u00e1si \u00fatvonal h\u00e1bor\u00fas \u00f6vezett\u00e9 v\u00e1lik.<\/p>\n\n\n\n<p>A Meta 2Africa tenger alatti k\u00e1belprojektje \u00fajabb geopolitikai neh\u00e9zs\u00e9gbe \u00fctk\u00f6z\u00f6tt, ez\u00fattal a Perzsa-\u00f6b\u00f6lben. A Bloomberg szerint az Alcatel Submarine Networks (ASN), a rendszer egyes r\u00e9szeinek lefektet\u00e9s\u00e9\u00e9rt felel\u0151s v\u00e1llalat vis maiort hirdetett (egy olyan szerz\u0151d\u00e9ses z\u00e1rad\u00e9k, amely mentes\u00edti a felet a felel\u0151ss\u00e9g al\u00f3l, ha egy rendk\u00edv\u00fcli, el\u0151re nem l\u00e1that\u00f3, az ellen\u0151rz\u00e9s\u00e9n k\u00edv\u00fcl es\u0151 esem\u00e9ny lehetetlenn\u00e9 teszi a teljes\u00edt\u00e9st), \u00e9s k\u00f6z\u00f6lte az \u00fcgyfelekkel, hogy a tov\u00e1bbiakban nem tud biztons\u00e1gosan m\u0171k\u00f6dni a r\u00e9gi\u00f3ban.<\/p>\n\n\n\n<p>Ez gyakorlatilag felf\u00fcggeszti a 2Africa Pearls projekt utols\u00f3 szakaszainak munk\u00e1latait , k\u00e9sleltetve egy olyan szakasz \u00e9p\u00edt\u00e9s\u00e9t, amelynek a Perzsa-\u00f6b\u00f6l menti \u00e1llamokat, Pakiszt\u00e1nt \u00e9s Indi\u00e1t kellett volna \u00f6sszekapcsolnia a sz\u00e9lesebb 2Africa h\u00e1l\u00f3zattal.<\/p>\n\n\n\n<p>A k\u00e1bel nagy r\u00e9sz\u00e9t \u00e1ll\u00edt\u00f3lag m\u00e1r lefektett\u00e9k a Perzsa-\u00f6b\u00f6lben, de m\u00e9g \u00f6ssze kell k\u00f6tni a sz\u00e1razf\u00f6ldi lesz\u00e1ll\u00f3\u00e1llom\u00e1sokkal, miel\u0151tt az \u00fatvonal \u00fczembe helyezhet\u0151 lenne. A Bloomberg szerint az ASN k\u00e1belfektet\u0151 haj\u00f3ja, az Ile de Batz jelenleg Sza\u00fad-Ar\u00e1bi\u00e1ban horgonyoz, \u00e9s nem tudja befejezni a munk\u00e1t.<\/p>\n\n\n\n<p>A Meta novemberben k\u00f6z\u00f6lte, hogy elk\u00e9sz\u00fclt a 2Africa k\u00f6zponti infrastrukt\u00far\u00e1ja, \u00e9s a vil\u00e1g leghosszabb ny\u00edlt hozz\u00e1f\u00e9r\u00e9s\u0171 tenger alatti k\u00e1belrendszer\u00e9nek nevezte.<\/p>\n\n\n\n<p>A v\u00e1llalat k\u00f6z\u00f6lte, hogy a h\u00e1l\u00f3zat jelenleg 33 orsz\u00e1got \u00e9r el Afrik\u00e1ban, Eur\u00f3p\u00e1ban \u00e9s \u00c1zsi\u00e1ban, \u00e9s k\u00f6r\u00fclbel\u00fcl 3 milli\u00e1rd embert k\u00edv\u00e1n kiszolg\u00e1lni. A Pearls b\u0151v\u00edt\u00e9s\u00e9nek 2026-ra kellett volna befejez\u0151dnie, \u00edgy a teljes hossza el\u00e9rn\u00e9 a 45 000 kilom\u00e9tert (k\u00f6r\u00fclbel\u00fcl 27 961 m\u00e9rf\u00f6ldet) \u2013 ami hosszabb, mint a F\u00f6ld ker\u00fclete.<\/p>\n\n\n\n<figure class=\"wp-block-image size-full\"><img loading=\"lazy\" decoding=\"async\" width=\"1024\" height=\"576\" src=\"https:\/\/digitalnews.hu\/wp-content\/uploads\/2026\/03\/2026-03-13-image-15-j_1100.webp\" alt=\"\" class=\"wp-image-7203\" srcset=\"https:\/\/digitalnews.hu\/wp-content\/uploads\/2026\/03\/2026-03-13-image-15-j_1100.webp 1024w, https:\/\/digitalnews.hu\/wp-content\/uploads\/2026\/03\/2026-03-13-image-15-j_1100-768x432.webp 768w, https:\/\/digitalnews.hu\/wp-content\/uploads\/2026\/03\/2026-03-13-image-15-j_1100-600x337.webp 600w\" sizes=\"auto, (max-width: 1024px) 100vw, 1024px\" \/><\/figure>\n\n\n\n<p>A k\u00e9s\u00e9s az\u00e9rt fontos, mert a Pearls nem valami apr\u00f3 kieg\u00e9sz\u00edt\u00e9s. Amikor 2021-ben bejelentett\u00e9k, a Meta \u00e9s a Telecom Egypt azt mondta, hogy kiterjesztik a rendszert Om\u00e1nra, az Egyes\u00fclt Arab Em\u00edrs\u00e9gekre, Katarba, Bahreinre, Kuvaitra, Irakra, Pakiszt\u00e1nra, Indi\u00e1ra \u00e9s Sza\u00fad-Ar\u00e1bi\u00e1ra. L\u00e9nyeg\u00e9ben ez az a r\u00e9sz, amely a 2Africa-t egy \u00f3ri\u00e1si, Afrik\u00e1ra f\u00f3kusz\u00e1l\u00f3 k\u00e1belb\u0151l egy sz\u00e9lesebb Afrika-Eur\u00f3pa-\u00c1zsia \u00f6sszek\u00f6ttet\u00e9ss\u00e9 alak\u00edtja.<\/p>\n\n\n\n<p>2025 elej\u00e9n a Meta bejelentette a Waterworth Projektet . A t\u00f6bb milli\u00e1rd doll\u00e1ros tenger alatti infrastrukt\u00fara-kezdem\u00e9nyez\u00e9s v\u00e1rhat\u00f3an t\u00f6bb mint 50 000 kilom\u00e9ter hosszan (t\u00f6bb mint 31 000 m\u00e9rf\u00f6ld) fog elterjedni \u00f6t kontinensen, \u00e9s 24 sz\u00e1loptik\u00e1t fog haszn\u00e1lni, \u00edgy a Met\u00e1nak egy olyan \u00fatvonalat biztos\u00edt, amely elker\u00fcli napjaink legingatagabb sz\u0171k keresztmetszeteit, mik\u00f6zben glob\u00e1lis infrastrukt\u00far\u00e1j\u00e1nak nagyobb r\u00e9sz\u00e9t k\u00f6zvetlen ellen\u0151rz\u00e9s al\u00e1 helyezi.<\/p>\n\n\n\n<figure class=\"wp-block-image size-full\"><img loading=\"lazy\" decoding=\"async\" width=\"1024\" height=\"576\" src=\"https:\/\/digitalnews.hu\/wp-content\/uploads\/2026\/03\/2025-02-17-image-30-j_1100.webp\" alt=\"\" class=\"wp-image-7202\" srcset=\"https:\/\/digitalnews.hu\/wp-content\/uploads\/2026\/03\/2025-02-17-image-30-j_1100.webp 1024w, https:\/\/digitalnews.hu\/wp-content\/uploads\/2026\/03\/2025-02-17-image-30-j_1100-768x432.webp 768w, https:\/\/digitalnews.hu\/wp-content\/uploads\/2026\/03\/2025-02-17-image-30-j_1100-600x337.webp 600w\" sizes=\"auto, (max-width: 1024px) 100vw, 1024px\" \/><\/figure>\n\n\n\n<p>A tenger alatti k\u00e1belek minden eddigin\u00e9l jobban ki vannak t\u00e9ve a glob\u00e1lis konfliktusoknak. Oroszorsz\u00e1got azzal v\u00e1dolj\u00e1k, hogy \u00e1rny\u00e9kflotta-tankerhaj\u00f3inak utas\u00edtotta a horgonyok h\u00faz\u00e1s\u00e1t a vezet\u00e9kek elv\u00e1g\u00e1sa \u00e9rdek\u00e9ben. Jelent\u00e9sek szerint a jemeni h\u00faszi l\u00e1zad\u00f3k 2024-ben megrong\u00e1lt\u00e1k a k\u00e1beleket a V\u00f6r\u00f6s-tengeren.<\/p>\n\n\n\n<p><mark style=\"background-color:#9b51e0\" class=\"has-inline-color has-white-color\">Tov\u00e1bb a cikkre:<\/mark> <a href=\"https:\/\/www.techspot.com\/news\/111677-meta-massive-undersea-cable-project-delayed-persian-gulf.html?_bhlid=ac40c2058f89efc54f592ff4e39b8fd1c81c0fe0\" target=\"_blank\" rel=\"noreferrer noopener\">techspot.com<\/a> (Rob Thubron)<\/p>\n","protected":false},"excerpt":{"rendered":"<p>Az ASN kivitelez\u0151 azt \u00e1ll\u00edtja, hogy m\u00e1r nem tud biztons\u00e1gosan m\u0171k\u00f6dni a r\u00e9gi\u00f3ban. A tenger alatti k\u00e1beleknek \u00e1ll\u00edt\u00f3lag ellen\u00e1ll\u00f3bb\u00e1 kellene&hellip;<\/p>\n","protected":false},"author":1,"featured_media":7204,"comment_status":"closed","ping_status":"closed","sticky":false,"template":"","format":"standard","meta":{"footnotes":""},"categories":[14],"tags":[],"class_list":["post-7201","post","type-post","status-publish","format-standard","has-post-thumbnail","hentry","category-tavkozles"],"_links":{"self":[{"href":"https:\/\/digitalnews.hu\/index.php?rest_route=\/wp\/v2\/posts\/7201","targetHints":{"allow":["GET"]}}],"collection":[{"href":"https:\/\/digitalnews.hu\/index.php?rest_route=\/wp\/v2\/posts"}],"about":[{"href":"https:\/\/digitalnews.hu\/index.php?rest_route=\/wp\/v2\/types\/post"}],"author":[{"embeddable":true,"href":"https:\/\/digitalnews.hu\/index.php?rest_route=\/wp\/v2\/users\/1"}],"replies":[{"embeddable":true,"href":"https:\/\/digitalnews.hu\/index.php?rest_route=%2Fwp%2Fv2%2Fcomments&post=7201"}],"version-history":[{"count":1,"href":"https:\/\/digitalnews.hu\/index.php?rest_route=\/wp\/v2\/posts\/7201\/revisions"}],"predecessor-version":[{"id":7205,"href":"https:\/\/digitalnews.hu\/index.php?rest_route=\/wp\/v2\/posts\/7201\/revisions\/7205"}],"wp:featuredmedia":[{"embeddable":true,"href":"https:\/\/digitalnews.hu\/index.php?rest_route=\/wp\/v2\/media\/7204"}],"wp:attachment":[{"href":"https:\/\/digitalnews.hu\/index.php?rest_route=%2Fwp%2Fv2%2Fmedia&parent=7201"}],"wp:term":[{"taxonomy":"category","embeddable":true,"href":"https:\/\/digitalnews.hu\/index.php?rest_route=%2Fwp%2Fv2%2Fcategories&post=7201"},{"taxonomy":"post_tag","embeddable":true,"href":"https:\/\/digitalnews.hu\/index.php?rest_route=%2Fwp%2Fv2%2Ftags&post=7201"}],"curies":[{"name":"wp","href":"https:\/\/api.w.org\/{rel}","templated":true}]}}