{"id":755,"date":"2024-07-17T16:05:36","date_gmt":"2024-07-17T14:05:36","guid":{"rendered":"https:\/\/digitalnews.hu\/?p=755"},"modified":"2025-12-30T21:32:29","modified_gmt":"2025-12-30T19:32:29","slug":"a-meta-fizetesi-vagy-hozzajarulasi-modellje-celkeresztben-az-eu-technologiai-szabalyainak-megsertese-miatt","status":"publish","type":"post","link":"https:\/\/digitalnews.hu\/?p=755","title":{"rendered":"A Meta fizet\u00e9si vagy hozz\u00e1j\u00e1rul\u00e1si modellje c\u00e9lkeresztben az EU technol\u00f3giai szab\u00e1lyainak megs\u00e9rt\u00e9se miatt"},"content":{"rendered":"\n<p>A Meta Platforms (META.O), \u00faj lapot nyit meg az EU tr\u00f6sztellenes szab\u00e1lyoz\u00f3i h\u00e9tf\u0151n v\u00e1dat emeltek ellene, ami\u00e9rt nem tartott\u00e1k be a m\u00e9rf\u00f6ldk\u0151nek sz\u00e1m\u00edt\u00f3 technol\u00f3giai szab\u00e1lyokat, mivel az amerikai v\u00e1llalat \u00fajonnan bevezetett fizet\u00e9si vagy hozz\u00e1j\u00e1rul\u00e1si hirdet\u00e9si modellj\u00e9t vett\u00e9k c\u00e9lba, amely m\u00e1r az adatv\u00e9delmi szab\u00e1lyoz\u00f3k \u00e9s az aktivist\u00e1k haragj\u00e1nak c\u00e9lpontja.<\/p>\n\n\n\n<p>A technol\u00f3giai \u00f3ri\u00e1s tavaly novemberben ind\u00edtotta el Eur\u00f3p\u00e1ban a Facebook \u00e9s az Instagram hirdet\u00e9sek n\u00e9lk\u00fcli el\u0151fizet\u00e9si szolg\u00e1ltat\u00e1s\u00e1t, mondv\u00e1n, hogy azok a felhaszn\u00e1l\u00f3k, akik beleegyeznek a nyomon k\u00f6vet\u00e9sbe, ingyenes szolg\u00e1ltat\u00e1st kapnak, amelyet hirdet\u00e9si bev\u00e9telekb\u0151l finansz\u00edroznak. Vagy fizethetnek egy hirdet\u00e9smentes szolg\u00e1ltat\u00e1s\u00e9rt.<\/p>\n\n\n\n<p>Az EU versenyjogi jog\u00e9rv\u00e9nyes\u00edt\u0151jek\u00e9nt m\u0171k\u00f6d\u0151 Eur\u00f3pai Bizotts\u00e1g szerint a bin\u00e1ris v\u00e1laszt\u00e1s s\u00e9rti a blokk digit\u00e1lis piacokr\u00f3l sz\u00f3l\u00f3 t\u00f6rv\u00e9ny\u00e9t (DMA), amely meg akarja f\u00e9kezni a BigTech hatalm\u00e1t, mivel el\u0151zetes meg\u00e1llap\u00edt\u00e1s\u00e1t elk\u00fcldte a Met\u00e1nak.<br>Azt mondta, hogy a bin\u00e1ris v\u00e1laszt\u00e1s arra k\u00e9nyszer\u00edti a felhaszn\u00e1l\u00f3kat, hogy hozz\u00e1j\u00e1ruljanak szem\u00e9lyes adataik megad\u00e1s\u00e1hoz, \u00e9s nem biztos\u00edtanak sz\u00e1mukra egy kev\u00e9sb\u00e9 szem\u00e9lyre szabott, de egyen\u00e9rt\u00e9k\u0171 verzi\u00f3t a Meta k\u00f6z\u00f6ss\u00e9gi h\u00e1l\u00f3zatair\u00f3l.<\/p>\n\n\n\n<p>&#8222;Szeretn\u00e9nk lehet\u0151v\u00e9 tenni a polg\u00e1rok sz\u00e1m\u00e1ra, hogy \u00e1tvehess\u00e9k az ir\u00e1ny\u00edt\u00e1st saj\u00e1t adataik felett, \u00e9s kev\u00e9sb\u00e9 szem\u00e9lyre szabott hirdet\u00e9si \u00e9lm\u00e9nyt v\u00e1lasszanak&#8221; &#8211; mondta Margrethe Vestager, az EU tr\u00f6sztellenes vezet\u0151je k\u00f6zlem\u00e9ny\u00e9ben.<br>A Meta azt mondta, hogy modellje megfelelt az eur\u00f3pai legfels\u0151bb b\u00edr\u00f3s\u00e1g \u00edt\u00e9let\u00e9nek.<br>&#8222;A hirdet\u00e9sek n\u00e9lk\u00fcli el\u0151fizet\u00e9s k\u00f6veti Eur\u00f3pa legfels\u0151bb b\u00edr\u00f3s\u00e1g\u00e1nak \u00fatmutat\u00e1sait, \u00e9s megfelel a DMA-nak. B\u00edzunk benne, hogy tov\u00e1bbi konstrukt\u00edv p\u00e1rbesz\u00e9det folytatunk az Eur\u00f3pai Bizotts\u00e1ggal a vizsg\u00e1lat lez\u00e1r\u00e1sa \u00e9rdek\u00e9ben&#8221; &#8211; mondta a Meta sz\u00f3viv\u0151je.<\/p>\n\n\n\n<p>A Meta m\u00f3dos\u00edthatja hirdet\u00e9si modellj\u00e9t, hogy elker\u00fclje a glob\u00e1lis \u00e9ves forgalm\u00e1nak 10%-\u00e1t kitev\u0151 b\u00edrs\u00e1got, ha b\u0171n\u00f6snek tal\u00e1lj\u00e1k DMA megs\u00e9rt\u00e9s\u00e9ben. A Bizotts\u00e1gnak j\u00f6v\u0151 \u00e9v m\u00e1rcius\u00e1ig kell lez\u00e1rnia a vizsg\u00e1latot.<br>Az adatv\u00e9delmi aktivist\u00e1k \u00e9s az adatv\u00e9delmi \u0151r\u00f6k is megk\u00e9rd\u0151jelezt\u00e9k a Meta hirdet\u00e9si modellj\u00e9t.<\/p>\n\n\n\n<p><mark style=\"background-color:#9b51e0\" class=\"has-inline-color has-white-color\">Tov\u00e1bb a cikkben:<\/mark> <a href=\"https:\/\/www.reuters.com\/technology\/meta-charged-with-failing-comply-with-eu-tech-rules-2024-07-01\/\" target=\"_blank\" rel=\"noreferrer noopener\">reuters.com<\/a><\/p>\n","protected":false},"excerpt":{"rendered":"<p>A Meta Platforms (META.O), \u00faj lapot nyit meg az EU tr\u00f6sztellenes szab\u00e1lyoz\u00f3i h\u00e9tf\u0151n v\u00e1dat emeltek ellene, ami\u00e9rt nem tartott\u00e1k be&hellip;<\/p>\n","protected":false},"author":1,"featured_media":757,"comment_status":"closed","ping_status":"closed","sticky":false,"template":"","format":"standard","meta":{"footnotes":""},"categories":[9],"tags":[],"class_list":["post-755","post","type-post","status-publish","format-standard","has-post-thumbnail","hentry","category-fintech-neobank"],"_links":{"self":[{"href":"https:\/\/digitalnews.hu\/index.php?rest_route=\/wp\/v2\/posts\/755","targetHints":{"allow":["GET"]}}],"collection":[{"href":"https:\/\/digitalnews.hu\/index.php?rest_route=\/wp\/v2\/posts"}],"about":[{"href":"https:\/\/digitalnews.hu\/index.php?rest_route=\/wp\/v2\/types\/post"}],"author":[{"embeddable":true,"href":"https:\/\/digitalnews.hu\/index.php?rest_route=\/wp\/v2\/users\/1"}],"replies":[{"embeddable":true,"href":"https:\/\/digitalnews.hu\/index.php?rest_route=%2Fwp%2Fv2%2Fcomments&post=755"}],"version-history":[{"count":3,"href":"https:\/\/digitalnews.hu\/index.php?rest_route=\/wp\/v2\/posts\/755\/revisions"}],"predecessor-version":[{"id":5272,"href":"https:\/\/digitalnews.hu\/index.php?rest_route=\/wp\/v2\/posts\/755\/revisions\/5272"}],"wp:featuredmedia":[{"embeddable":true,"href":"https:\/\/digitalnews.hu\/index.php?rest_route=\/wp\/v2\/media\/757"}],"wp:attachment":[{"href":"https:\/\/digitalnews.hu\/index.php?rest_route=%2Fwp%2Fv2%2Fmedia&parent=755"}],"wp:term":[{"taxonomy":"category","embeddable":true,"href":"https:\/\/digitalnews.hu\/index.php?rest_route=%2Fwp%2Fv2%2Fcategories&post=755"},{"taxonomy":"post_tag","embeddable":true,"href":"https:\/\/digitalnews.hu\/index.php?rest_route=%2Fwp%2Fv2%2Ftags&post=755"}],"curies":[{"name":"wp","href":"https:\/\/api.w.org\/{rel}","templated":true}]}}